{"id":377856,"date":"2025-09-09T13:55:14","date_gmt":"2025-09-09T13:55:14","guid":{"rendered":"https:\/\/www.europesays.com\/fr\/377856\/"},"modified":"2025-09-09T13:55:14","modified_gmt":"2025-09-09T13:55:14","slug":"une-heure-et-demie-et-10-e-pour-decouvrir-le-golf","status":"publish","type":"post","link":"https:\/\/www.europesays.com\/fr\/377856\/","title":{"rendered":"Une heure et demie et 10 \u20ac pour d\u00e9couvrir le golf"},"content":{"rendered":"<p>N\u00e9anmoins, les bons putts viennent vite. Lors du petit concours fa\u00e7on p\u00e9tanque improvis\u00e9 pour clore la s\u00e9ance du putting, un participant se fend m\u00eame d\u2019une belle ficelle \u00e0 7 m, droite-gauche. \u00ab\u00a0C\u2019est tr\u00e8s technique\u00a0\u00bb, constate <strong>Fabien<\/strong>, qui a pour sa part mis sa propre tentative quasi-donn\u00e9e. Avec sa femme <strong>Sol\u00e8ne <\/strong>et leur fils <strong>Briac<\/strong>, neuf ans, ils ont entendu parler de cette initiation \u00e0 <strong>Cap Malo<\/strong>. Et comme sa premi\u00e8re exp\u00e9rience du genre, cet \u00e9t\u00e9 dans les Alpes, lui avait bien plu, il a d\u00e9cid\u00e9 de la renouveler dans la structure voisine de son lieu de travail. \u00ab\u00a0On voit qu\u2019il faut du temps pour s\u2019y mettre, mais que c\u2019est potentiellement tr\u00e8s addictif\u00a0\u00bb, d\u00e9veloppe-t-il. Lui l\u2019avoue sans d\u00e9tour\u00a0: avant de mettre le pied \u00e0 l\u2019\u00e9trier, il n\u2019aurait jamais song\u00e9 \u00e0 entrer dans une structure golfique. \u00ab\u00a0J\u2019avais compl\u00e8tement l\u2019image que c\u2019\u00e9tait \u00e9litiste, entre-soi, etc. C\u2019est quand j\u2019ai fait mon initiation dans les Alpes que le pro nous a dit que c\u2019\u00e9tait ouvert \u00e0 tous.\u00a0\u00bb<\/p>\n<p>Apr\u00e8s le putting, le groupe prend la direction du practice. Cette fois, il va \u00eatre question de grand jeu. Une nouvelle fois, <strong>Erwan Cousinou <\/strong>enseigne les rudiments, non seulement de s\u00e9curit\u00e9, mais \u00e9galement de technique. Premi\u00e8re chose \u00e0 retenir\u00a0: le golf n\u2019est pas un sport de force, mais de lancer. \u00ab\u00a0Donc il faut \u00eatre rel\u00e2ch\u00e9 au maximum pour donner de la vitesse au club\u00a0\u00bb, explique-t-il. Et effectivement, une fois les premi\u00e8res balles tap\u00e9es, ceux qui essaient de forcer, r\u00e9flexe bien naturel, se rendent vite compte de la r\u00e9alit\u00e9 du propos. Tout le groupe, cependant, parvient \u00e0 contacter la balle et \u00e0 l\u2019exp\u00e9dier \u00e0 plus d\u2019une cinquantaine de m\u00e8tres, et parfois de mani\u00e8re rectiligne. \u00ab\u00a0C\u2019est stressant, on se dit que la balle ne va pas partir\u00a0\u00bb, admet <strong>Lucie<\/strong>, venue \u00e0 cette d\u00e9couverte avec son amie <strong>Annabelle<\/strong>. Stressant peut-\u00eatre, mais peu apr\u00e8s, sa balle jaillit du club pour d\u00e9crire une belle trajectoire. \u00ab\u00a0Joli, \u00e7a\u00a0!\u00a0\u00bb, complimente l\u2019enseignant en passant.<\/p>\n","protected":false},"excerpt":{"rendered":"N\u00e9anmoins, les bons putts viennent vite. Lors du petit concours fa\u00e7on p\u00e9tanque improvis\u00e9 pour clore la s\u00e9ance du&hellip;\n","protected":false},"author":2,"featured_media":377857,"comment_status":"","ping_status":"","sticky":false,"template":"","format":"standard","meta":{"footnotes":""},"categories":[1418],"tags":[1011,27,1472,60],"class_list":{"0":"post-377856","1":"post","2":"type-post","3":"status-publish","4":"format-standard","5":"has-post-thumbnail","7":"category-golf","8":"tag-fr","9":"tag-france","10":"tag-golf","11":"tag-sports"},"share_on_mastodon":{"url":"https:\/\/pubeurope.com\/@fr\/115174684910182898","error":""},"_links":{"self":[{"href":"https:\/\/www.europesays.com\/fr\/wp-json\/wp\/v2\/posts\/377856","targetHints":{"allow":["GET"]}}],"collection":[{"href":"https:\/\/www.europesays.com\/fr\/wp-json\/wp\/v2\/posts"}],"about":[{"href":"https:\/\/www.europesays.com\/fr\/wp-json\/wp\/v2\/types\/post"}],"author":[{"embeddable":true,"href":"https:\/\/www.europesays.com\/fr\/wp-json\/wp\/v2\/users\/2"}],"replies":[{"embeddable":true,"href":"https:\/\/www.europesays.com\/fr\/wp-json\/wp\/v2\/comments?post=377856"}],"version-history":[{"count":0,"href":"https:\/\/www.europesays.com\/fr\/wp-json\/wp\/v2\/posts\/377856\/revisions"}],"wp:featuredmedia":[{"embeddable":true,"href":"https:\/\/www.europesays.com\/fr\/wp-json\/wp\/v2\/media\/377857"}],"wp:attachment":[{"href":"https:\/\/www.europesays.com\/fr\/wp-json\/wp\/v2\/media?parent=377856"}],"wp:term":[{"taxonomy":"category","embeddable":true,"href":"https:\/\/www.europesays.com\/fr\/wp-json\/wp\/v2\/categories?post=377856"},{"taxonomy":"post_tag","embeddable":true,"href":"https:\/\/www.europesays.com\/fr\/wp-json\/wp\/v2\/tags?post=377856"}],"curies":[{"name":"wp","href":"https:\/\/api.w.org\/{rel}","templated":true}]}}