{"id":377858,"date":"2025-09-09T13:57:09","date_gmt":"2025-09-09T13:57:09","guid":{"rendered":"https:\/\/www.europesays.com\/fr\/377858\/"},"modified":"2025-09-09T13:57:09","modified_gmt":"2025-09-09T13:57:09","slug":"top-14-il-finira-sa-carriere-n4-ou-n5-pourquoi-paul-boudehent-pourrait-sinstaller-en-deuxieme-ligne","status":"publish","type":"post","link":"https:\/\/www.europesays.com\/fr\/377858\/","title":{"rendered":"Top 14 &#8211; \u00ab\u00a0Il finira sa carri\u00e8re n\u00b04 ou n\u00b05\u00a0\u00bb : pourquoi Paul Boudehent pourrait s\u2019installer en deuxi\u00e8me ligne"},"content":{"rendered":"<p>\n                Titulaire pour la premi\u00e8re fois de sa carri\u00e8re en match officiel en deuxi\u00e8me ligne, samedi dernier \u00e0 Bordeaux, le flanker international de La Rochelle Paul Boudehent s\u2019entraine depuis de longs mois pour enrichir sa palette et offrir d\u2019autres solutions en montant d\u2019un cran. De l\u00e0 \u00e0 s\u2019installer progressivement dans la cage ? L\u2019option est s\u00e9rieuse. Et pas qu\u2019en club, o\u00f9 il devrait glaner ses galons de centurion d\u00e8s samedi.\n            <\/p>\n<p>D\u2019aucuns ont cru \u00e0 du bricolage, d\u00e9j\u00e0, en l\u2019absence de Will Skelton et Ultan Dillane. Une dizaine de jours apr\u00e8s un premier jet prometteur en amical, le repositionnement en deuxi\u00e8me ligne de Paul Boudehent face \u00e0 Bordeaux est pourtant bien plus que cela, \u00e0 un poste certes d\u00e9garni en ce d\u00e9but de saison mais sur lequel le flanker de La Rochelle et des Bleus (19 s\u00e9lections) lorgne depuis un bail, \u00e0 la demande conjointe des staffs du XV de France et du Stade rochelais, ma\u00eetres \u00e8s polyvalence. <\/p>\n<p>Voil\u00e0 qui nous ram\u00e8ne \u00e0 des confidences de septembre 2024, quelques semaines apr\u00e8s avoir amorc\u00e9 un virage pour \u00ab\u00a0montrer un nouveau visage. Pendant longtemps, j\u2019ai jou\u00e9 dans les couloirs mais je m\u2019estime maintenant plus comme un besogneux, c\u2019est l\u00e0 o\u00f9 je prends le plus de plaisir, et je me suis gentiment sorti de ce jeu d\u2019\u00e9vitement, livrait alors l\u2019Angevin. J\u2019ai \u00e9t\u00e9 beaucoup rempla\u00e7ant en \u00e9quipe de France et comme le staff faisait beaucoup de 6-2, \u00e7a l\u2019arrangeait que je couvre aussi le poste de deuxi\u00e8me ligne. A ce moment-l\u00e0, je l\u2019avais fait pour d\u00e9panner. Maintenant, toutes les semaines je m\u2019entraine pour, je peux \u00eatre deuxi\u00e8me ligne tous les week-ends.\u00a0\u00bb<\/p>\n<p>Le bon \u00e9quilibre puissance-mobilit\u00e9<\/p>\n<p>Il aura finalement fallu attendre le printemps dernier pour que le chantier entrepris commence \u00e0 prendre corps en comp\u00e9tition. Avec, d\u2019abord, des bouts de match \u2013 accomplis \u2013 dans la cage, o\u00f9, paroles p\u00eale-m\u00eale de l\u2019encadrement maritime, \u00ab\u00a0Paul est tr\u00e8s int\u00e9ressant ; il nous am\u00e8ne d\u2019autres possibilit\u00e9s, on d\u00e9veloppe cela ; il nous apporte sa puissance. C\u2019est un athl\u00e8te, il est costaud, complet, hybride. Il n\u2019est pas tr\u00e8s grand (1,92m) pour un deuxi\u00e8me ligne mais il a des grands bras ! C\u2019est un sauteur (en touche, NDLR), un bon pousseur en m\u00eal\u00e9e, capable de porter le ballon et de d\u00e9fendre.\u00a0\u00bb Condens\u00e9 largement entrevu contre Bordeaux, samedi dernier. <\/p>\n<p>C\u2019est peu dire que la premi\u00e8re titularisation en 4 du cadet des Boudehent, 25 ans, a fait mouche sur la pelouse Chaban-Delmas. Et surtout sens pour Laurent Labit, \u00e0 l\u2019heure de la m\u00e9tamorphose du Stade rochelais, \u00ab\u00a0ce qui assure plus de vitesse et de d\u00e9placement sur ce poste. Est-ce appel\u00e9 \u00e0 durer ? Il faudra le surveiller mais c\u2019est une premi\u00e8re indication. Ce sch\u00e9ma permet aux Rochelais de gagner en mobilit\u00e9 devant et cela semble coh\u00e9rent avec la mutation de jeu qu\u2019ils ont enclench\u00e9e\u00a0\u00bb, \u00e9crit l\u2019ancien entra\u00eeneur des arri\u00e8res du XV de France <strong><a href=\"https:\/\/www.rugbyrama.fr\/2025\/09\/09\/top-14-ce-que-change-le-garrec-dans-le-jeu-rochelais-la-chronique-de-laurent-labit-12916703.php\" target=\"_self\" rel=\"nofollow noopener\">dans sa toute premi\u00e8re chronique Midi Olympique de la saison<\/a><\/strong>.<\/p>\n<p>Joue-la comme Hulk <\/p>\n<p>Associ\u00e9 \u00e0 Kane Douglas, Paul Boudehent n\u2019a eu cesse d\u2019avancer face aux co\u00e9quipiers de Matthieu Jalibert. Comme sur cette chevauch\u00e9e hulk\u00e9enne \u00e0 la 80e minute, d\u00e9part arr\u00eat\u00e9, o\u00f9 les Girondins ont d\u00fb s\u2019y mettre \u00e0 quatre \u2013 quatre avants, s\u2019il vous plait \u2013 pour le stopper. Le genre de s\u00e9quence o\u00f9 le colosse et ses quelque 113 kilos ne d\u00e9pareillent pas avec les Will Skelton et autres Emmanuel Meafou, \u00ab\u00a0des joueurs hors normes\u00a0\u00bb\u00a0avec lesquels, glissait-il il y a un an, \u00ab\u00a0si je ne pr\u00e9tends pas le faire, j\u2019aimerai rivaliser.\u00a0\u00bb C\u2019est en tr\u00e8s bonne voie. <\/p>\n<p>Douglas, pas plus tard que la semaine derni\u00e8re, impressionn\u00e9 : \u00ab\u00a0Il est fort, solide, il conna\u00eet son r\u00f4le. Regardez-le sans t-shirt, c\u2019est\u2026 !\u00a0\u00bb. L\u2019ancien 4 des Wallabies (31 s\u00e9lections) acquiesce quand on lui demande si Paul Boudehent, flanker international d\u00e9sormais connu et reconnu, peut devenir un deuxi\u00e8me ligne du m\u00eame acabit. \u00ab Il finira sa carri\u00e8re en 4 \u00bb, pr\u00e9dit aussi son autre co\u00e9quipier maritime, et ami, Jules Favre. <\/p>\n<p>Un \u00ab\u00a0autre jeu\u00a0\u00bb qu\u2019il \u00ab\u00a0aime bien\u00a0\u00bb<\/p>\n<p>\u00ab\u00a0Num\u00e9ro 4 ou num\u00e9ro 5\u2026 \u00e7a d\u00e9pend s\u2019il abuse des barbecues, reprend, hilare, le centre rochelais. Paul a pris pas mal de poids ces derni\u00e8res ann\u00e9es. Il \u00e9tait l\u00e9ger et avait tendance \u00e0 courir tr\u00e8s vite et \u00e0 se blesser un peu trop. Du coup, il a chang\u00e9 d\u2019\u00e9tat d\u2019esprit, il a dit : \u00ab\u00a0je vais enlever un peu de vitesse et mettre du poids sur la carcasse\u00a0\u00bb. Je le pr\u00e9f\u00e8re largement comme \u00e7a. Il a un profil de deuxi\u00e8me ligne tr\u00e8s int\u00e9ressant. Il s\u2019occupe de tout en touche, c\u2019est lui qui annonce donc il est content.\u00a0\u00bb<\/p>\n<p>Alors qu\u2019Oscar Jegou le trouve d\u00e9j\u00e0 \u00ab\u00a0aussi bon qu\u2019en troisi\u00e8me ligne\u00a0\u00bb, l\u2019int\u00e9ress\u00e9 se pla\u00eet en effet \u00e0 monter d\u2019un cran. \u00ab C\u2019est un autre jeu, pas toujours tr\u00e8s dr\u00f4le (rires)\u2026 mais j\u2019aime bien, souriait d\u00e9j\u00e0 Paul Boudehent au printemps. De toute fa\u00e7on, c\u2019est quand je prends du plaisir que je suis bon. \u00bb Force est donc de constater qu\u2019il semble en prendre autant dans la cage, o\u00f9 le futur centurion rochelais \u2013 il devrait effectuer sa centi\u00e8me sortie en jaune en noir samedi prochain pour la r\u00e9ception de Clermont en Top 14 \u2013 pourrait bien faire parler de plus en plus ses qualit\u00e9s. En club comme en s\u00e9lection. <\/p>\n","protected":false},"excerpt":{"rendered":"Titulaire pour la premi\u00e8re fois de sa carri\u00e8re en match officiel en deuxi\u00e8me ligne, samedi dernier \u00e0 Bordeaux,&hellip;\n","protected":false},"author":2,"featured_media":377859,"comment_status":"","ping_status":"","sticky":false,"template":"","format":"standard","meta":{"footnotes":""},"categories":[1416],"tags":[1011,27,479,1468,60],"class_list":{"0":"post-377858","1":"post","2":"type-post","3":"status-publish","4":"format-standard","5":"has-post-thumbnail","7":"category-rugby","8":"tag-fr","9":"tag-france","10":"tag-rugby","11":"tag-rugby-football","12":"tag-sports"},"share_on_mastodon":{"url":"https:\/\/pubeurope.com\/@fr\/115174692940178508","error":""},"_links":{"self":[{"href":"https:\/\/www.europesays.com\/fr\/wp-json\/wp\/v2\/posts\/377858","targetHints":{"allow":["GET"]}}],"collection":[{"href":"https:\/\/www.europesays.com\/fr\/wp-json\/wp\/v2\/posts"}],"about":[{"href":"https:\/\/www.europesays.com\/fr\/wp-json\/wp\/v2\/types\/post"}],"author":[{"embeddable":true,"href":"https:\/\/www.europesays.com\/fr\/wp-json\/wp\/v2\/users\/2"}],"replies":[{"embeddable":true,"href":"https:\/\/www.europesays.com\/fr\/wp-json\/wp\/v2\/comments?post=377858"}],"version-history":[{"count":0,"href":"https:\/\/www.europesays.com\/fr\/wp-json\/wp\/v2\/posts\/377858\/revisions"}],"wp:featuredmedia":[{"embeddable":true,"href":"https:\/\/www.europesays.com\/fr\/wp-json\/wp\/v2\/media\/377859"}],"wp:attachment":[{"href":"https:\/\/www.europesays.com\/fr\/wp-json\/wp\/v2\/media?parent=377858"}],"wp:term":[{"taxonomy":"category","embeddable":true,"href":"https:\/\/www.europesays.com\/fr\/wp-json\/wp\/v2\/categories?post=377858"},{"taxonomy":"post_tag","embeddable":true,"href":"https:\/\/www.europesays.com\/fr\/wp-json\/wp\/v2\/tags?post=377858"}],"curies":[{"name":"wp","href":"https:\/\/api.w.org\/{rel}","templated":true}]}}