{"id":377860,"date":"2025-09-09T13:58:09","date_gmt":"2025-09-09T13:58:09","guid":{"rendered":"https:\/\/www.europesays.com\/fr\/377860\/"},"modified":"2025-09-09T13:58:09","modified_gmt":"2025-09-09T13:58:09","slug":"resultat-selena-janicijevic-teodora-kostovic-wta-125-ljubljana-premier-tour-mardi-09-septembre-2025-lequipe","status":"publish","type":"post","link":"https:\/\/www.europesays.com\/fr\/377860\/","title":{"rendered":"R\u00e9sultat : Selena Janicijevic &#8211; Teodora Kostovic, WTA 125, Ljubljana, Premier tour, Mardi 09 septembre 2025 &#8211; L&#039;\u00c9quipe"},"content":{"rendered":"<ol>\n<li><a href=\"https:\/\/news.google.com\/rss\/articles\/CBMizAFBVV95cUxPeTV4bl9sMmZQeU51eDN5RW1LLUJtdUN1MlNDN1hQS1NBaFFBcXozc0dmc0RDS0ZqT2c0TjliY0piYy1WYS1PSFhDcW8yTkpkMmZwYzVCc1loZ3FkQlg5SWdiZXgyZEozZ1VQR2lYMGRJODlWd2JxRzJvdmswZDdWWEZJNmU3SWtfblV3SkpDSGlKd25ZUndCVlNmVnROa3U5Qjk1RlM3aUl3QUdFekpWZXFwUHh1RFFRUVY3S1N2WVhDU3JWR3pMYnBoaFc?oc=5\" target=\"_blank\" rel=\"nofollow noopener\">R\u00e9sultat : Selena Janicijevic &#8211; Teodora Kostovic, WTA 125, Ljubljana, Premier tour, Mardi 09 septembre 2025<\/a>&nbsp;&nbsp;L&rsquo;\u00c9quipe<\/li>\n<li><a href=\"https:\/\/news.google.com\/rss\/articles\/CBMi1AFBVV95cUxQYjFNNTk5TmJSMTk4OGV0NGduUi03ZUREQXpsNTdkZWdIb2FTcHNlOHNyRGZvMzNxekhtU0tEOGdaYmpsYm92d3hZVlJqVS1uazJHWVpQanp2SllrU2FmdG1CZndna1cxZFFDZU5xVHNJN0pWdmMtdkFUOEh0bWdBQ3F4cjVFcUFxNmJiNExxampQSnZGdnhWUTBNLWZfWm9mZTMtUFM3d2xfQ0xublVlNGpORUxSdFN2SVpYQngtSXZxRTA4RW1fTUxLX2ExUEc1MlQtWg?oc=5\" target=\"_blank\" rel=\"nofollow noopener\">R\u00e9sultat : Federico Iannaccone &#8211; Alejandro Moro Canas, Challenger, Biella, Premier tour, Mardi 09 septembre 2025<\/a>&nbsp;&nbsp;L&rsquo;\u00c9quipe<\/li>\n<li><a href=\"https:\/\/news.google.com\/rss\/articles\/CBMi8gFBVV95cUxQT0xZeFhIVkp4a3JnTGt4TmVnY1J4QjZmZTBSd0ttdV9KZFNFX2tkY2dYSjNFT1ZYcTBPdFVvUHZuWjNreU1DQmtZaFpCdV9fSS1PMnROeVNfd1VkWEFPNHdKaWpET2dtLUJ3blplOTlDYkx4bkJFbk16UUhlb3VXdGFuS3RMWUVJeExFUWFaWTNaZjBsZHY5bXUxOE9lQXU1S0lPSXNPUjJEWEllb2ZNVTY5MnhaNDNsbllvcklVRkJYREdWbDNHdjJCRTdpRkZKSEZtcHgtRHZUbEwxYjNieWdodUl2VXZ1RWx0cjNXeFRhZw?oc=5\" target=\"_blank\" rel=\"nofollow noopener\">Kop Racing du lundi 8 septembre &#8211; Les f\u00e9minines ram\u00e8nent un point du havre (2-2)<\/a>&nbsp;&nbsp;BFMTV<\/li>\n<li><a href=\"https:\/\/news.google.com\/rss\/articles\/CBMibEFVX3lxTE4xemxoeEpnTEM1cVNEbzl0WkFKLUNrYWpoY1BKVC1GQW5DX1ZLaHFId1poVnlkZzNvdmt5cXJ6QlcwVjBKR2ZPYmNDU1FZSnVLb2lKR1VVdF94amp3WV93Z0tuRlZTT0ZoZjlhVA?oc=5\" target=\"_blank\" rel=\"nofollow noopener\">Football. Division 1 f\u00e9minine : Manon Wahl, le mur du Racing est d\u00e9j\u00e0 solide<\/a>&nbsp;&nbsp;DNA<\/li>\n<li><a href=\"https:\/\/news.google.com\/rss\/articles\/CBMiswFBVV95cUxOMlFNeFM2SnBLUmN5d3RiYVVLcDJVbi1iOVNXR1JmX0pJQmdZY0JWanFBMlRheVlRZkwzMDZLczljOTNVUUxiUmYzcVpYTlptWTZjSVlHU29UVHprLTVyUXczaDFNckdiLXAzMGZxS2w5MzlqNFhlTHlUQ1pPVmUxM29LMHROdTdLZFpPN3haUFBEN19hZ2VtTGVyakRRR2tLcC1qa3RqbXFaTXZsMVloNTQtTQ?oc=5\" target=\"_blank\" rel=\"nofollow noopener\">Football &#8211; Premiere Ligue Feminine unique : le r\u00e9sum\u00e9 de la 1\u00e8re journ\u00e9e<\/a>&nbsp;&nbsp;Foot Amateur Bretagne<\/li>\n<\/ol>\n","protected":false},"excerpt":{"rendered":"R\u00e9sultat : Selena Janicijevic &#8211; Teodora Kostovic, WTA 125, Ljubljana, Premier tour, Mardi 09 septembre 2025&nbsp;&nbsp;L&rsquo;\u00c9quipe R\u00e9sultat :&hellip;\n","protected":false},"author":2,"featured_media":1983,"comment_status":"","ping_status":"","sticky":false,"template":"","format":"standard","meta":{"footnotes":""},"categories":[1415],"tags":[1011,27,60,1467],"class_list":{"0":"post-377860","1":"post","2":"type-post","3":"status-publish","4":"format-standard","5":"has-post-thumbnail","7":"category-tennis","8":"tag-fr","9":"tag-france","10":"tag-sports","11":"tag-tennis"},"share_on_mastodon":{"url":"https:\/\/pubeurope.com\/@fr\/115174696711918920","error":""},"_links":{"self":[{"href":"https:\/\/www.europesays.com\/fr\/wp-json\/wp\/v2\/posts\/377860","targetHints":{"allow":["GET"]}}],"collection":[{"href":"https:\/\/www.europesays.com\/fr\/wp-json\/wp\/v2\/posts"}],"about":[{"href":"https:\/\/www.europesays.com\/fr\/wp-json\/wp\/v2\/types\/post"}],"author":[{"embeddable":true,"href":"https:\/\/www.europesays.com\/fr\/wp-json\/wp\/v2\/users\/2"}],"replies":[{"embeddable":true,"href":"https:\/\/www.europesays.com\/fr\/wp-json\/wp\/v2\/comments?post=377860"}],"version-history":[{"count":0,"href":"https:\/\/www.europesays.com\/fr\/wp-json\/wp\/v2\/posts\/377860\/revisions"}],"wp:featuredmedia":[{"embeddable":true,"href":"https:\/\/www.europesays.com\/fr\/wp-json\/wp\/v2\/media\/1983"}],"wp:attachment":[{"href":"https:\/\/www.europesays.com\/fr\/wp-json\/wp\/v2\/media?parent=377860"}],"wp:term":[{"taxonomy":"category","embeddable":true,"href":"https:\/\/www.europesays.com\/fr\/wp-json\/wp\/v2\/categories?post=377860"},{"taxonomy":"post_tag","embeddable":true,"href":"https:\/\/www.europesays.com\/fr\/wp-json\/wp\/v2\/tags?post=377860"}],"curies":[{"name":"wp","href":"https:\/\/api.w.org\/{rel}","templated":true}]}}