{"id":377861,"date":"2025-09-09T14:00:19","date_gmt":"2025-09-09T14:00:19","guid":{"rendered":"https:\/\/www.europesays.com\/fr\/377861\/"},"modified":"2025-09-09T14:00:19","modified_gmt":"2025-09-09T14:00:19","slug":"martin-retient-son-bon-rythme-dans-la-parenthese-de-barcelone","status":"publish","type":"post","link":"https:\/\/www.europesays.com\/fr\/377861\/","title":{"rendered":"Mart\u00edn retient son bon rythme dans la \u00ab\u00a0parenth\u00e8se\u00a0\u00bb de Barcelone"},"content":{"rendered":"<p>Deux semaines apr\u00e8s une belle quatri\u00e8me place en Hongrie, la dixi\u00e8me position de <a href=\"https:\/\/fr.motorsport.com\/driver\/jorge-martin\/109391\/\" target=\"_blank\" rel=\"noopener nofollow\">Jorge Mart\u00edn<\/a> en Catalogne a des allures de coup d&rsquo;arr\u00eat dans son \u00e9volution depuis son retour \u00e0 comp\u00e9tition. Le retour sur la piste qui l&rsquo;avait vu d\u00e9crocher le titre l&rsquo;an pass\u00e9 a certes \u00e9t\u00e9 difficile mais le Madril\u00e8ne retient quand m\u00eame de nombreux \u00e9l\u00e9ments positifs.<\/p>\n<p>Ses difficult\u00e9s \u00e0 exploiter l&rsquo;Aprilia sur un tour l&rsquo;ont rel\u00e9gu\u00e9 en 18e position sur la grille et, lors du sprint, il a \u00e9t\u00e9 percut\u00e9 par <a href=\"https:\/\/fr.motorsport.com\/driver\/franco-morbidelli\/109417\/\" target=\"_blank\" rel=\"noopener nofollow\">Franco Morbidelli<\/a> alors qu&rsquo;il occupait une lointaine 16e place. Le lendemain, Mart\u00edn a encore v\u00e9cu une course remplie de p\u00e9rip\u00e9ties mais il s&rsquo;est satisfait de pouvoir int\u00e9grer le top 10, le signe selon lui de tr\u00e8s bonnes performances.<\/p>\n<p>\u00ab\u00a0Je pense que c&rsquo;\u00e9tait la meilleure s\u00e9ance du week-end\u00a0\u00bb, a r\u00e9sum\u00e9 le pilote Aprilia apr\u00e8s la course. \u00ab\u00a0M\u00eame si partir 18e n&rsquo;est \u00e9videmment pas bon, j&rsquo;ai pris un d\u00e9part incroyable et j&rsquo;\u00e9tais d\u00e9j\u00e0 12e ou 11e. J&rsquo;ai \u00e9t\u00e9 percut\u00e9 par un pilote au virage 4 et je me suis retrouv\u00e9 18e. J&rsquo;ai recommenc\u00e9 \u00e0 gagner des places et quand j&rsquo;ai doubl\u00e9 Oliveira, j&rsquo;ai eu un probl\u00e8me avec le variateur de hauteur, il est rest\u00e9 coinc\u00e9 et j&rsquo;ai coup\u00e9 [un virage]. J&rsquo;ai perdu deux secondes pour ne pas \u00eatre p\u00e9nalis\u00e9.\u00a0\u00bb<\/p>\n<p>\u00ab\u00a0Il s&rsquo;est pass\u00e9 beaucoup de choses dans ma course, mais je dois dire qu&rsquo;ensuite, mon rythme \u00e9tait tr\u00e8s bon. Je faisais des 1&rsquo;40&Prime;7, 1&rsquo;40&Prime;6 ou 1&rsquo;40&Prime;8 constants, je pense que c&rsquo;\u00e9tait le quatri\u00e8me ou cinqui\u00e8me meilleur rythme en course. C&rsquo;est vraiment bon. J&rsquo;ai beaucoup g\u00e9r\u00e9 le pneu et j&rsquo;\u00e9tais vraiment, vraiment performant en fin de course.\u00a0\u00bb<\/p>\n<p>Un top 10 \u00ab\u00a0comme un podium\u00a0\u00bb<\/p>\n<p>Mart\u00edn a pu trouver ce bon rythme en exp\u00e9rimentant diff\u00e9rentes fa\u00e7ons d&rsquo;aborder les virages pendant la course. Une double satisfaction pour lui, puisque cette approche a men\u00e9 \u00e0 des progr\u00e8s et a d\u00e9montr\u00e9 qu&rsquo;il avait retrouv\u00e9 toutes ses facult\u00e9s physiques apr\u00e8s ses blessures du d\u00e9but d&rsquo;ann\u00e9e.<\/p>\n<p>\u00ab\u00a0Je me sens bien. J&rsquo;ai commenc\u00e9 \u00e0 me sentir mieux apr\u00e8s 12 ou 13 tours. Je me sentais de mieux en mieux sur la moto. En encha\u00eenant 24 tours, j&rsquo;ai pu essayer diff\u00e9rents styles, diff\u00e9rentes approches sur la moto, parce que pendant le week-end, c&rsquo;est dans les virages tr\u00e8s rapides que je perdais le plus de temps. En course, c&rsquo;\u00e9tait mon point fort, j&rsquo;arrivais \u00e0 garder beaucoup de vitesse en courbe. Je gagnais beaucoup de temps dans les virages 3 et 13.\u00a0\u00bb<\/p>\n<p>   <img decoding=\"async\" draggable=\"false\" src=\"https:\/\/www.europesays.com\/fr\/wp-content\/uploads\/2025\/09\/1757426416_860_jorge-martin-aprilia-racing-te.jpg\" alt=\"Jorge Martin, Aprilia Racing Team &#10;\" width=\"1200\" height=\"800\" loading=\"lazy\"\/> <\/p>\n<p class=\"title\">Jorge Mart\u00edn a retrouv\u00e9 sa sp\u00e9cialit\u00e9 \u00e0 Barcelone\u00a0: poser l&rsquo;\u00e9paule au virage 5 !<\/p>\n<p class=\"photographer\">Photo de: Gold and Goose Photography \/ LAT Images \/ via Getty Images<\/p>\n<p>\u00ab\u00a0C&rsquo;est aussi parce que je sens que je suis fort [physiquement], je sens que je peux essayer diff\u00e9rents styles. J&rsquo;\u00e9tais de plus en plus rapide \u00e0 chaque tour, mes sensations s&rsquo;am\u00e9lioraient. C&rsquo;est ce qu&rsquo;il faut, il faut continuer \u00e0 travailler.\u00a0\u00bb<\/p>\n<p>Mart\u00edn a donc quitt\u00e9 Barcelone avec le sourire malgr\u00e9 un r\u00e9sultat moins flamboyant qu&rsquo;\u00e0 Brno ou au Balaton Park\u00a0: \u00ab\u00a0Finir dans le top 10 en partant 18e, c&rsquo;est comme un podium pour moi. Je n&rsquo;ai jamais fait mieux que 17e ou 18e pendant les essais, donc la dixi\u00e8me place [est bonne]. Je sais qu&rsquo;il y a eu beaucoup de chutes mais c&rsquo;\u00e9tait une situation difficile.\u00a0\u00bb<\/p>\n<p>Un circuit atypique<\/p>\n<p>Comme il le souligne lui-m\u00eame, Mart\u00edn a \u00e9t\u00e9 distanc\u00e9 dans toutes les s\u00e9ances d&rsquo;essais. Ses difficult\u00e9s sur un tour ont visiblement \u00e9t\u00e9 exacerb\u00e9es par <a href=\"https:\/\/fr.motorsport.com\/motogp\/news\/bagnaia-alerte-bitume-limite-barcelone\/10756873\/\" target=\"_self\" rel=\"noopener nofollow\">le tr\u00e8s faible niveau d&rsquo;adh\u00e9rence offert par le circuit de Barcelone<\/a> et d\u00e8s vendredi, il savait qu&rsquo;il ne fallait pas se fier aux r\u00e9sultats bruts pour mesurer son \u00e9volution.<\/p>\n<p>\u00ab\u00a0Cette piste est particuli\u00e8rement difficile au niveau du grip. Il faut se concentrer sur cette piste, pas sur mes progr\u00e8s dans leur ensemble. Il faut que cette piste soit une parenth\u00e8se, que l&rsquo;on travaille juste sur cette piste, et \u00e0 la prochaine course je repartirai sur les r\u00e9glages de la Hongrie.\u00a0\u00bb<\/p>\n<p>\u00ab\u00a0Ce circuit est vraiment compliqu\u00e9 et diff\u00e9rent de la norme\u00a0\u00bb, a insist\u00e9 Mart\u00edn. \u00ab\u00a0J&rsquo;ai roul\u00e9 ici avec la Ducati et j&rsquo;ai encore certaines r\u00e9f\u00e9rences du pass\u00e9, qui ne sont pas bonnes sur cette moto. C&rsquo;est pour \u00e7a que je change un peu mon pilotage \u00e0 chaque tour.\u00a0\u00bb<\/p>\n<p>   <img decoding=\"async\" draggable=\"false\" src=\"https:\/\/www.europesays.com\/fr\/wp-content\/uploads\/2025\/09\/1757426419_22_jorge-martin-aprilia-racing-te.jpg\" alt=\"Jorge Martin, Aprilia Racing Team\" width=\"1200\" height=\"800\" loading=\"lazy\"\/> <\/p>\n<p class=\"title\">Jorge Mart\u00edn<\/p>\n<p>Si ce manque d&rsquo;adh\u00e9rence a compliqu\u00e9 le week-end de Mart\u00edn, il a n\u00e9anmoins \u00e9t\u00e9 utile en exacerbant certaines de ses faiblesses, permettant ainsi de mieux les cibler\u00a0: \u00ab\u00a0Il y a deux choses : c&rsquo;est plus difficile de piloter quand la piste est comme \u00e7a, tout se complique, mais de l&rsquo;autre c\u00f4t\u00e9, je vois mieux les probl\u00e8mes donc c&rsquo;est mieux.\u00a0\u00bb<\/p>\n<p>\u00ab\u00a0Je comprends les choses, je vois que le premier contact sur les gaz entra\u00eene une petite glissade, je perds quelques m\u00e8tres, \u00e7a ne tourne pas bien&#8230; C&rsquo;est peut-\u00eatre plus dur sur cette piste, ou la diff\u00e9rence est plus grosse, mais je voix mieux les probl\u00e8mes et je peux me concentrer dessus.\u00a0\u00bb<\/p>\n<p>Lire aussi :<\/p>\n<p>Dans cet article<\/p>\n<p>Soyez le premier inform\u00e9 et souscrivez aux alertes mails pour recevoir les infos en temps r\u00e9el<\/p>\n<p>    S&rsquo;abonner aux alertes de news<\/p>\n","protected":false},"excerpt":{"rendered":"Deux semaines apr\u00e8s une belle quatri\u00e8me place en Hongrie, la dixi\u00e8me position de Jorge Mart\u00edn en Catalogne a&hellip;\n","protected":false},"author":2,"featured_media":377862,"comment_status":"","ping_status":"","sticky":false,"template":"","format":"standard","meta":{"footnotes":""},"categories":[1413],"tags":[3563,25466,1011,27,48377,3564,51155,1457,1456,1458,60],"class_list":{"0":"post-377861","1":"post","2":"type-post","3":"status-publish","4":"format-standard","5":"has-post-thumbnail","7":"category-moto","8":"tag-aprilia-racing-team","9":"tag-circuit-de-barcelona-catalunya","10":"tag-fr","11":"tag-france","12":"tag-gp-de-catalogne","13":"tag-jorge-martu00edn","14":"tag-martu00edn-retient-son-bon-rythme-dans-la-parenthu00e8se-de-barcelone","15":"tag-moto","16":"tag-motocycle","17":"tag-motogp","18":"tag-sports"},"share_on_mastodon":{"url":"https:\/\/pubeurope.com\/@fr\/115174705166776274","error":""},"_links":{"self":[{"href":"https:\/\/www.europesays.com\/fr\/wp-json\/wp\/v2\/posts\/377861","targetHints":{"allow":["GET"]}}],"collection":[{"href":"https:\/\/www.europesays.com\/fr\/wp-json\/wp\/v2\/posts"}],"about":[{"href":"https:\/\/www.europesays.com\/fr\/wp-json\/wp\/v2\/types\/post"}],"author":[{"embeddable":true,"href":"https:\/\/www.europesays.com\/fr\/wp-json\/wp\/v2\/users\/2"}],"replies":[{"embeddable":true,"href":"https:\/\/www.europesays.com\/fr\/wp-json\/wp\/v2\/comments?post=377861"}],"version-history":[{"count":0,"href":"https:\/\/www.europesays.com\/fr\/wp-json\/wp\/v2\/posts\/377861\/revisions"}],"wp:featuredmedia":[{"embeddable":true,"href":"https:\/\/www.europesays.com\/fr\/wp-json\/wp\/v2\/media\/377862"}],"wp:attachment":[{"href":"https:\/\/www.europesays.com\/fr\/wp-json\/wp\/v2\/media?parent=377861"}],"wp:term":[{"taxonomy":"category","embeddable":true,"href":"https:\/\/www.europesays.com\/fr\/wp-json\/wp\/v2\/categories?post=377861"},{"taxonomy":"post_tag","embeddable":true,"href":"https:\/\/www.europesays.com\/fr\/wp-json\/wp\/v2\/tags?post=377861"}],"curies":[{"name":"wp","href":"https:\/\/api.w.org\/{rel}","templated":true}]}}