{"id":377863,"date":"2025-09-09T14:01:11","date_gmt":"2025-09-09T14:01:11","guid":{"rendered":"https:\/\/www.europesays.com\/fr\/377863\/"},"modified":"2025-09-09T14:01:11","modified_gmt":"2025-09-09T14:01:11","slug":"david-michineau-signe-a-las-monaco-basket","status":"publish","type":"post","link":"https:\/\/www.europesays.com\/fr\/377863\/","title":{"rendered":"David Michineau signe \u00e0 l&rsquo;AS Monaco Basket"},"content":{"rendered":"<p><strong>La Roca Team a officialis\u00e9 l\u2019arriv\u00e9e du meneur fran\u00e7ais David Michineau pour compl\u00e9ter son secteur arri\u00e8re cette saison.<\/strong><\/p>\n<p>Un hexagonal exp\u00e9riment\u00e9<\/p>\n<p>\u00c0 31 ans, David Michineau (1,91m) retrouve la France apr\u00e8s deux saisons en Turquie avec Bursaspor. Natif des Abymes en Guadeloupe et form\u00e9 \u00e0 Chalon, le meneur conna\u00eet parfaitement le championnat fran\u00e7ais pour y avoir \u00e9volu\u00e9 neuf saisons, notamment \u00e0 Boulogne-Levallois de 2018 \u00e0 2022.<\/p>\n<p>Le sixi\u00e8me joueur form\u00e9 localement de l\u2019effectif mon\u00e9gasque arrive avec de solides r\u00e9f\u00e9rences turques : 14,6 points de moyenne \u00e0 49% de r\u00e9ussite, 3,3 rebonds, 3,3 passes d\u00e9cisives et 1,2 interception en 28 minutes de jeu en Super Ligi. Ses pointes \u00e0 27 points face \u00e0 Ankara et 25 contre Besiktas t\u00e9moignent de sa capacit\u00e9 \u00e0 peser sur les rencontres.<\/p>\n<p>L\u2019appel du haut niveau<\/p>\n<p>\u00ab Je suis vraiment content de rejoindre ce club de Monaco. Il s\u2019agit pour moi d\u2019une opportunit\u00e9 de toucher au plus haut niveau \u00bb, confie Michineau. Pour le Guadeloup\u00e9en, Monaco repr\u00e9sente l\u2019aboutissement logique apr\u00e8s son passage turc o\u00f9 il a gagn\u00e9 en responsabilit\u00e9s.<\/p>\n<p>\u00ab J\u2019ai tr\u00e8s vite eu un r\u00f4le important l\u00e0-bas, et c\u2019est ce qui m\u2019a permis de performer avec des coachs qui m\u2019ont laiss\u00e9 m\u2019exprimer librement \u00bb, explique-t-il au sujet de son exp\u00e9rience \u00e0 Bursaspor.<\/p>\n<p>Un profil polyvalent<\/p>\n<p>Avec ses 1,91m, Michineau apporte \u00e0 la Roca Team un profil de meneur capable de faire la diff\u00e9rence aux deux extr\u00e9mit\u00e9s du terrain. Ses 1,7 interception de moyenne en Coupe d\u2019Europe FIBA la saison pass\u00e9e soulignent son impact d\u00e9fensif, tandis que ses 3,7 passes t\u00e9moignent de sa vision du jeu.<\/p>\n","protected":false},"excerpt":{"rendered":"La Roca Team a officialis\u00e9 l\u2019arriv\u00e9e du meneur fran\u00e7ais David Michineau pour compl\u00e9ter son secteur arri\u00e8re cette saison.&hellip;\n","protected":false},"author":2,"featured_media":377864,"comment_status":"","ping_status":"","sticky":false,"template":"","format":"standard","meta":{"footnotes":""},"categories":[1412],"tags":[1451,1452,1453,1454,1455,1011,27,51156,60],"class_list":{"0":"post-377863","1":"post","2":"type-post","3":"status-publish","4":"format-standard","5":"has-post-thumbnail","7":"category-f1","8":"tag-f1","9":"tag-formula-1","10":"tag-formula1","11":"tag-formule-1","12":"tag-formule1","13":"tag-fr","14":"tag-france","15":"tag-roca-team","16":"tag-sports"},"share_on_mastodon":{"url":"https:\/\/pubeurope.com\/@fr\/115174708565594201","error":""},"_links":{"self":[{"href":"https:\/\/www.europesays.com\/fr\/wp-json\/wp\/v2\/posts\/377863","targetHints":{"allow":["GET"]}}],"collection":[{"href":"https:\/\/www.europesays.com\/fr\/wp-json\/wp\/v2\/posts"}],"about":[{"href":"https:\/\/www.europesays.com\/fr\/wp-json\/wp\/v2\/types\/post"}],"author":[{"embeddable":true,"href":"https:\/\/www.europesays.com\/fr\/wp-json\/wp\/v2\/users\/2"}],"replies":[{"embeddable":true,"href":"https:\/\/www.europesays.com\/fr\/wp-json\/wp\/v2\/comments?post=377863"}],"version-history":[{"count":0,"href":"https:\/\/www.europesays.com\/fr\/wp-json\/wp\/v2\/posts\/377863\/revisions"}],"wp:featuredmedia":[{"embeddable":true,"href":"https:\/\/www.europesays.com\/fr\/wp-json\/wp\/v2\/media\/377864"}],"wp:attachment":[{"href":"https:\/\/www.europesays.com\/fr\/wp-json\/wp\/v2\/media?parent=377863"}],"wp:term":[{"taxonomy":"category","embeddable":true,"href":"https:\/\/www.europesays.com\/fr\/wp-json\/wp\/v2\/categories?post=377863"},{"taxonomy":"post_tag","embeddable":true,"href":"https:\/\/www.europesays.com\/fr\/wp-json\/wp\/v2\/tags?post=377863"}],"curies":[{"name":"wp","href":"https:\/\/api.w.org\/{rel}","templated":true}]}}