{"id":377867,"date":"2025-09-09T14:03:10","date_gmt":"2025-09-09T14:03:10","guid":{"rendered":"https:\/\/www.europesays.com\/fr\/377867\/"},"modified":"2025-09-09T14:03:10","modified_gmt":"2025-09-09T14:03:10","slug":"psg-jade-le-guilly-victime-dune-rupture-du-ligament-croise","status":"publish","type":"post","link":"https:\/\/www.europesays.com\/fr\/377867\/","title":{"rendered":"PSG- Jade Le Guilly victime d\u2019une rupture du ligament crois\u00e9"},"content":{"rendered":"<p><img width=\"700\" height=\"350\" src=\"https:\/\/www.europesays.com\/fr\/wp-content\/uploads\/2025\/09\/Jade-Le-Guilly.jpg\" class=\"attachment-jannah-image-post size-jannah-image-post wp-post-image\" alt=\"Jade Le Guilly\" is_main_img=\"1\" decoding=\"async\" fetchpriority=\"high\"  \/><br \/>\n Image :<br \/>\nPSG.fr<\/p>\n<p>C\u2019est un gros coup dur pour les F\u00e9minines du PSG. Bless\u00e9e<br \/>\ncontre l\u2019Ajax Amsterdam, Jade Le Guilly souffre d\u2019une rupture du<br \/>\nligament crois\u00e9 ant\u00e9rieur droit.<\/p>\n<p>Alors qu\u2019elles ont commenc\u00e9 leur saison 2025-2026 par un nul sur<br \/>\nla pelouse du <strong>RC Lens<\/strong> (<a href=\"https:\/\/canal-supporters.com\/les-feminines-du-psg-debutent-leur-saison-par-un-nul\/\" title=\"\" target=\"_blank\" rel=\"noopener\">1-1<\/a>) ce week-end, les F\u00e9minines du<br \/>\n<strong>PSG<\/strong> ont appris une mauvaise nouvelle concernant<br \/>\nune de leurs joueuses. Lors du dernier match de pr\u00e9paration \u00e0 la<br \/>\nnouvelle saison contre l\u2019<strong>Ajax Amsterdam<\/strong> (6-0) le<br \/>\n30 ao\u00fbt dernier, <strong><a href=\"https:\/\/canal-supporters.com\/le-guilly-a-chaque-fois-que-je-porte-ce-maillot-cest-une-grande-fierte\/\" title=\"\" target=\"_blank\" rel=\"noopener\">Jade Le Guilly<\/a><\/strong> s\u2019est bless\u00e9e. Quelques jours<br \/>\napr\u00e8s cette rencontre, le <strong>PSG<\/strong> a communiqu\u00e9 sur la<br \/>\nblessure de sa lat\u00e9rale droite.\u00a0<\/p>\n<p>A voir aussi : <a href=\"https:\/\/canal-supporters.com\/officiel-grace-geyoro-quitte-les-feminines-du-psg\/\" title=\"\" target=\"_blank\" rel=\"noopener\">Officiel \u2013 Grace Geyoro quitte les F\u00e9minines du<br \/>\nPSG<\/a><\/p>\n<p><a href=\"https:\/\/x.com\/CanalSupporters\" target=\"_blank\" rel=\"noopener\" title=\"\">canalsupporters.com<\/a><\/p>\n<p>Possiblement<br \/>\nabsente toute la saison<\/p>\n<p>Dans son <a href=\"https:\/\/www.psg.fr\/content\/point-medical-concernant-jade-le-guilly-psg-feminines-2025-2026\" target=\"_blank\" rel=\"noopener\" title=\"\">point m\u00e9dical<\/a>, la<br \/>\nsection f\u00e9minine du <strong>PSG<\/strong> fait savoir que la titi<br \/>\nparisienne a \u00e9t\u00e9 victime d\u2019une rupture du ligament crois\u00e9 ant\u00e9rieur<br \/>\ndroit contre les N\u00e9erlandaises. Elle \u00ab\u00a0a \u00e9t\u00e9 op\u00e9r\u00e9e avec<br \/>\nsucc\u00e8s en fin de semaine derni\u00e8re. Elle va d\u00e9sormais entamer les<br \/>\nsoins et sa r\u00e9\u00e9ducation avec le staff m\u00e9dical du club\u00a0\u00bb,<br \/>\nindique le <strong>PSG<\/strong> dans son communiqu\u00e9. L\u2019ensemble de<br \/>\nla famille du <strong>Paris Saint-Germain<\/strong> tient \u00e0 apporter<br \/>\nson soutien \u00e0 <strong>Jade<\/strong> et lui souhaite le meilleur<br \/>\nr\u00e9tablissement possible, conclut le club de la capitale. Si ce<br \/>\ndernier n\u2019a pas donn\u00e9 de dur\u00e9e d\u2019indisponibilit\u00e9, <strong>Jade Le<br \/>\nGuilly<\/strong> ne devrait pas jouer lors de cet exercice<br \/>\n2025-2026.<\/p><\/p>\n","protected":false},"excerpt":{"rendered":"Image : PSG.fr C\u2019est un gros coup dur pour les F\u00e9minines du PSG. Bless\u00e9e contre l\u2019Ajax Amsterdam, Jade&hellip;\n","protected":false},"author":2,"featured_media":377868,"comment_status":"","ping_status":"","sticky":false,"template":"","format":"standard","meta":{"footnotes":""},"categories":[1410],"tags":[81,51157,787,12300,20337,18556,63,1011,27,51158,51159,626,51160,92,51161,93,13887,51162,60,96],"class_list":{"0":"post-377867","1":"post","2":"type-post","3":"status-publish","4":"format-standard","5":"has-post-thumbnail","7":"category-football","8":"tag-canal-supporters","9":"tag-communique-medical","10":"tag-cs","11":"tag-feminines","12":"tag-feminines-du-psg","13":"tag-feminines-psg","14":"tag-football","15":"tag-fr","16":"tag-france","17":"tag-jade-le-guilly","18":"tag-le-guilly","19":"tag-paris","20":"tag-paris-saint-germai","21":"tag-paris-sg","22":"tag-point-medical","23":"tag-psg","24":"tag-psg-feminin","25":"tag-rupture-du-ligament-croise-anterieur-droit","26":"tag-sports","27":"tag-une"},"share_on_mastodon":{"url":"https:\/\/pubeurope.com\/@fr\/115174716634970187","error":""},"_links":{"self":[{"href":"https:\/\/www.europesays.com\/fr\/wp-json\/wp\/v2\/posts\/377867","targetHints":{"allow":["GET"]}}],"collection":[{"href":"https:\/\/www.europesays.com\/fr\/wp-json\/wp\/v2\/posts"}],"about":[{"href":"https:\/\/www.europesays.com\/fr\/wp-json\/wp\/v2\/types\/post"}],"author":[{"embeddable":true,"href":"https:\/\/www.europesays.com\/fr\/wp-json\/wp\/v2\/users\/2"}],"replies":[{"embeddable":true,"href":"https:\/\/www.europesays.com\/fr\/wp-json\/wp\/v2\/comments?post=377867"}],"version-history":[{"count":0,"href":"https:\/\/www.europesays.com\/fr\/wp-json\/wp\/v2\/posts\/377867\/revisions"}],"wp:featuredmedia":[{"embeddable":true,"href":"https:\/\/www.europesays.com\/fr\/wp-json\/wp\/v2\/media\/377868"}],"wp:attachment":[{"href":"https:\/\/www.europesays.com\/fr\/wp-json\/wp\/v2\/media?parent=377867"}],"wp:term":[{"taxonomy":"category","embeddable":true,"href":"https:\/\/www.europesays.com\/fr\/wp-json\/wp\/v2\/categories?post=377867"},{"taxonomy":"post_tag","embeddable":true,"href":"https:\/\/www.europesays.com\/fr\/wp-json\/wp\/v2\/tags?post=377867"}],"curies":[{"name":"wp","href":"https:\/\/api.w.org\/{rel}","templated":true}]}}