{"id":377875,"date":"2025-09-09T14:07:28","date_gmt":"2025-09-09T14:07:28","guid":{"rendered":"https:\/\/www.europesays.com\/fr\/377875\/"},"modified":"2025-09-09T14:07:28","modified_gmt":"2025-09-09T14:07:28","slug":"jadore-la-saucisse-on-regarde-le-cul-quoi-la-temperature-grimpe-dans-le-prochain-episode-de-lamour-est-dans-le-pre-spoiler","status":"publish","type":"post","link":"https:\/\/www.europesays.com\/fr\/377875\/","title":{"rendered":"\u00ab\u00a0J&rsquo;adore la saucisse\u00a0\u00bb, \u00ab\u00a0on regarde le cul quoi\u00a0\u00bb : la temp\u00e9rature grimpe dans le prochain \u00e9pisode de \u00ab\u00a0L&rsquo;amour est dans le pr\u00e9\u00a0\u00bb (SPOILER)"},"content":{"rendered":"<p>Les \u00e9changes entre pr\u00e9tendants et pr\u00e9tendantes se poursuivent dans <strong><a href=\"https:\/\/www.public.fr\/tag\/l-amour-est-dans-le-pre\" target=\"_blank\" rel=\"noopener\">L\u2019amour est dans le pr\u00e9<\/a><\/strong>. Les t\u00e9l\u00e9spectateurs de l&rsquo;\u00e9mission pr\u00e9sent\u00e9e par <a href=\"https:\/\/www.public.fr\/tag\/karine-le-marchand\" target=\"_blank\" rel=\"noopener\">Karine Le Marchand<\/a>, lors du <a href=\"https:\/\/www.public.fr\/lamour-est-dans-le-pre-anthony-et-evelyne-victimes-dun-accident-de-voiture-dans-le-prochain-episode-spoiler\" target=\"_blank\" rel=\"noopener\">prochain \u00e9pisode<\/a>, vont pouvoir retrouver Oc\u00e9ane avec Robin et Florian. Le premier n\u2019h\u00e9sitant pas \u00e0 lui faire part de sa frustration de faire \u00ab\u00a0face \u00e0 un mur\u00a0\u00bb.<\/p>\n<p>Du c\u00f4t\u00e9 de Denis et Julien, ces derniers vont pouvoir faire <a href=\"https:\/\/www.public.fr\/lamour-est-dans-le-pre-karine-le-marchand-chamboule-toutes-les-regles-du-programme-pour-anthony-spoiler\" target=\"_blank\" rel=\"noopener\">leur speed dating<\/a> et d\u00e9couvrir les \u00e9ventuelles futures \u00e9lues de leur c\u0153ur. <strong>Beaucoup d\u2019\u00e9motion et quelques larmes sont \u00e0 pr\u00e9voir.<\/strong><\/p>\n<p>Pierrick et Jean-Louis, quant \u00e0 eux, vont recevoir leurs pr\u00e9tendantes sur leurs exploitations dans le <a href=\"https:\/\/vsd.fr\/tag\/lamour-est-dans-le-pre\/\" target=\"_blank\" rel=\"noopener\">programme de M6<\/a>, afin d\u2019apprendre \u00e0 mieux les conna\u00eetre et tenter de savoir qui poursuivra l\u2019aventure \u00e0 leurs c\u00f4t\u00e9s.\u00a0<\/p>\n<p>Fou rire pour Oc\u00e9ane \u00e0 cause d&rsquo;une \u00ab\u00a0saucisse\u00a0\u00bb<\/p>\n<p>Les t\u00e9l\u00e9spectateurs vont, dans un premier temps, se rendre dans les C\u00f4tes-d\u2019Armor, chez Oc\u00e9ane. Celle-ci va pr\u00e9senter ses deux pr\u00e9tendants \u00e0 sa famille. Une \u00e9tape importante pour l\u2019agricultrice, ainsi que pour les deux jeunes hommes c\u00e9libataires. Heureusement, le p\u00e8re d\u2019Oc\u00e9ane va rapidement d\u00e9tendre l\u2019atmosph\u00e8re par le biais de diverses blagues. Un comportement mettant \u00e0 l\u2019aise Robin et Florian, les deux pr\u00e9tendants de sa fille dans <strong>L&rsquo;amour est dans le pr\u00e9.<\/strong><\/p>\n<p>\u00ab\u00a0Je les ai trouv\u00e9s plut\u00f4t cools. J\u2019aime peut-\u00eatre un peu plus Robin. Plus \u2018d\u00e9conneur&rsquo; mais dans les prochains jours, les choses peuvent \u00e9voluer\u00a0\u00bb, vont confier les parents d\u2019Oc\u00e9ane, notamment sa m\u00e8re, devant les cam\u00e9ras de M6.<\/p>\n<p><img loading=\"lazy\" decoding=\"async\" width=\"1024\" height=\"568\" src=\"data:image\/svg+xml,%3Csvg%20xmlns=\" http:=\"\" alt=\"&quot;J'adore la saucisse&quot;, &quot;on regarde le cul quoi&quot; : la temp\u00e9rature grimpe dans le prochain \u00e9pisode de &quot;L'amour est dans le pr\u00e9&quot; (SPOILER)\" data-lazy- data-lazy- data-lazy-src=\"https:\/\/www.europesays.com\/fr\/wp-content\/uploads\/2025\/09\/Oceane-famille-1024x568.png\"\/><\/p>\n<p>Apr\u00e8s les avoir pr\u00e9sent\u00e9s \u00e0 ses parents, Oc\u00e9ane va pouvoir passer du temps avec chacun de ses pr\u00e9tendants. Dans un premier temps, c\u2019est Florian qui va pouvoir \u00e9changer avec elle, avant que Robin ne lui succ\u00e8de. Ce dernier va lui faire part de ses doutes : \u00ab\u00a0on ne sait pas si tu es r\u00e9ceptive\u00a0\u00bb, va-t-il lui avouer regrettant de faire \u00ab\u00a0face \u00e0 un mur\u00a0\u00bb pour le moment.\u00a0<\/p>\n<p>Cette discussion va toutefois permettre de d\u00e9tendre l\u2019atmosph\u00e8re. Oc\u00e9ane va m\u00eame commencer \u00e0 s\u2019ouvrir \u00e0 Robin et se \u00ab\u00a0l\u00e2cher\u00a0\u00bb. <strong>\u00ab\u00a0Il est l\u2019heure du dej, il y a encore les saucisses \u00e0 cuire. Moi perso, j\u2019adore la saucisse !\u00a0\u00bb<\/strong>, va-t-elle s\u2019amuser. \u00ab\u00a0On parle de nourriture l\u00e0 ?\u00a0\u00bb, va r\u00e9pondre Robin avec humour. La candidate de <strong>L\u2019amour est dans le pr\u00e9<\/strong> va confirmer le fait qu\u2019elle ne faisait aucune allusion sexuelle bien que la phrase l\u2019ait beaucoup amus\u00e9e : <strong>\u00ab\u00a0Exactement, tu veux que je parle de quoi d\u2019autre ?\u00a0\u00bb.<\/strong><\/p>\n<p>Julien \u00e9mu et cash pour son speed dating de \u00ab\u00a0L&rsquo;amour est dans le pr\u00e9\u00a0\u00bb<\/p>\n<p>Ce nouvel \u00e9pisode sera l\u2019occasion pour les t\u00e9l\u00e9spectateurs de <strong>L\u2019amour est dans le pr\u00e9<\/strong> de d\u00e9couvrir Julien, un c\u00e9r\u00e9alier qui vivait encore chez ses parents \u00e0 35 ans. Au speed dating, il aura l\u2019occasion d\u2019\u00e9changer <strong>avec neuf pr\u00e9tendantes.<\/strong>\u00a0<\/p>\n<p>Esmeralda sera la premi\u00e8re \u00e0 se lancer dans le bain. Celle-ci va lui r\u00e9v\u00e9ler son travail \u00ab\u00a0atypique\u00a0\u00bb. \u00ab\u00a0Je suis conseill\u00e8re fun\u00e9raire et ma\u00eetresse de c\u00e9r\u00e9monie pour les enterrements\u00a0\u00bb, va-t-elle r\u00e9v\u00e9ler \u00e0 l\u2019agriculteur, saluant son \u00ab\u00a0courage\u00a0\u00bb d\u2019exercer un m\u00e9tier aussi difficile \u00e9motionnellement parlant.\u00a0 \u00ab\u00a0Au d\u00e9but j\u2019ai eu peur quand elle m\u2019a parl\u00e9 de son m\u00e9tier. Si \u00e7a se trouve elle est <strong>actrice de charme !<\/strong> \u00c7a aurait pu, va savoir toi\u00a0\u00bb, va-t-il s\u2019amuser.<\/p>\n<p>Avant de poursuivre, toujours avec humour, au sujet de ses attentes concernant ses pr\u00e9tendantes de <strong>L&rsquo;amour est dans le pr\u00e9<\/strong> : \u00ab\u00a0On va \u00eatre honn\u00eate, je suis un mec et si une fille te pla\u00eet bien, on regarde le fessier, <strong>on regarde le cul quoi !<\/strong>\u00ab\u00a0<\/p>\n<p><img loading=\"lazy\" decoding=\"async\" width=\"1024\" height=\"568\" src=\"data:image\/svg+xml,%3Csvg%20xmlns=\" http:=\"\" alt=\"&quot;J'adore la saucisse&quot;, &quot;on regarde le cul quoi&quot; : la temp\u00e9rature grimpe dans le prochain \u00e9pisode de &quot;L'amour est dans le pr\u00e9&quot; (SPOILER)\" data-lazy- data-lazy- data-lazy-src=\"https:\/\/www.europesays.com\/fr\/wp-content\/uploads\/2025\/09\/Esmeralda-1024x568.png\"\/><\/p>\n<p>Apr\u00e8s Esmeralda <strong>c\u2019est Coralie qui va faire chavirer le c\u0153ur<\/strong> du candidat de<strong> L\u2019amour est dans le pr\u00e9<\/strong>. L\u2019alchimie va rapidement op\u00e9rer entre les deux \u00e0 tel point que la jeune femme va avouer se sentir \u00ab\u00a0troubl\u00e9e\u00a0\u00bb par Julien.\u00a0<\/p>\n<p><img loading=\"lazy\" decoding=\"async\" width=\"1024\" height=\"564\" src=\"data:image\/svg+xml,%3Csvg%20xmlns=\" http:=\"\" alt=\"&quot;J'adore la saucisse&quot;, &quot;on regarde le cul quoi&quot; : la temp\u00e9rature grimpe dans le prochain \u00e9pisode de &quot;L'amour est dans le pr\u00e9&quot; (SPOILER)\" data-lazy- data-lazy- data-lazy-src=\"https:\/\/www.europesays.com\/fr\/wp-content\/uploads\/2025\/09\/Coralie-1024x564.png\"\/><\/p>\n<p>Si Julien pensait avoir trouv\u00e9 les deux pr\u00e9tendantes qui le rejoindraient \u00e0 sa ferme, <strong>Louise va venir tout chambouler.<\/strong> Sur la m\u00eame longueur d\u2019onde, son coup de c\u0153ur apr\u00e8s avoir re\u00e7u la lettre de la jeune femme va se confirmer au cours de leur \u00e9change.\u00a0<\/p>\n<p>Apr\u00e8s avoir rencontr\u00e9 toutes ses pr\u00e9tendantes, le candidat de <strong>L\u2019amour est dans le pr\u00e9<\/strong> va donc d\u00e9cider d\u2019inviter Louise et Coralie pour la suite de l\u2019aventure.\u00a0<\/p>\n<p><img loading=\"lazy\" decoding=\"async\" width=\"1024\" height=\"568\" src=\"data:image\/svg+xml,%3Csvg%20xmlns=\" http:=\"\" alt=\"&quot;J'adore la saucisse&quot;, &quot;on regarde le cul quoi&quot; : la temp\u00e9rature grimpe dans le prochain \u00e9pisode de &quot;L'amour est dans le pr\u00e9&quot; (SPOILER)\" data-lazy- data-lazy- data-lazy-src=\"https:\/\/www.europesays.com\/fr\/wp-content\/uploads\/2025\/09\/Louise-Julien-1024x568.png\"\/><\/p>\n<p>Pierrick a-t-il d\u00e9j\u00e0 une pr\u00e9f\u00e9rence pour l&rsquo;une de ses pr\u00e9tendantes ? <\/p>\n<p>Pierrick \u00e9leveur de volailles va recevoir ses deux pr\u00e9tendantes sur son exploitation. Et l\u2019ambiance entre les deux ne sera pas vraiment au beau fixe au d\u00e9part. En effet, Val\u00e9rie ne va pas dire bonjour ou adresser la parole \u00e0 sa rivale Livie lors de son arriv\u00e9e chez Pierrick. Elle va attendre quelques minutes apr\u00e8s son arriv\u00e9e chez son crush pour se d\u00e9cider \u00e0 la saluer.\u00a0<\/p>\n<p>Au fil de la journ\u00e9e, l\u2019ambiance va se d\u00e9tendre entre les deux candidates de <strong>L&rsquo;amour est dans le pr\u00e9.<\/strong> N\u00e9anmoins, le foss\u00e9 va visiblement se creuser entre Livie et Pierrick. L\u2019agriculteur se montrant beaucoup plus proche de Val\u00e9rie que la Suissesse depuis l\u2019arriv\u00e9e de ses deux pr\u00e9tendantes chez lui. \u00ab\u00a0Allez, va voir Livie un peu\u00a0\u00bb, va n\u00e9anmoins conseiller Val\u00e9rie, bonne joueuse.\u00a0<\/p>\n<p><img loading=\"lazy\" decoding=\"async\" width=\"1024\" height=\"566\" src=\"data:image\/svg+xml,%3Csvg%20xmlns=\" http:=\"\" alt=\"&quot;J'adore la saucisse&quot;, &quot;on regarde le cul quoi&quot; : la temp\u00e9rature grimpe dans le prochain \u00e9pisode de &quot;L'amour est dans le pr\u00e9&quot; (SPOILER)\" data-lazy- data-lazy- data-lazy-src=\"https:\/\/www.europesays.com\/fr\/wp-content\/uploads\/2025\/09\/Pierrick-1024x566.png\"\/><\/p>\n<p>Denis assure que \u00ab\u00a0tout fonctionne\u00a0\u00bb au lit face \u00e0 une pr\u00e9tendante de \u00ab\u00a0L&rsquo;amour est dans le pr\u00e9\u00a0\u00bb<\/p>\n<p>Denis, \u00e9leveur et c\u00e9r\u00e9alier en Is\u00e8re, va \u00e9galement d\u00e9marrer son speed dating de <strong>L\u2019amour est dans le pr\u00e9<\/strong>. Avant de rencontrer l\u2019agriculteur, l\u2019ambiance sera au beau fixe entre les pr\u00e9tendantes venues \u00e0 Paris pour le rencontrer. Et, ce, m\u00eame si un \u00ab\u00a0drame\u00a0\u00bb a \u00e9t\u00e9 \u00e9vit\u00e9 de peu.\u00a0<\/p>\n<p>\u00ab\u00a0Je ne suis pas all\u00e9e pisser, \u00e7a va que je n\u2019ai pas trop de fuites\u00a0\u00bb, va l\u00e2cher l\u2019une d\u2019entre elles avant de rencontrer l\u2019agriculteur. Celui-ci, une fois arriv\u00e9 sur la p\u00e9niche, va aller \u00e0 la rencontre de ses muses et leur proposer de chanter pour d\u00e9tendre l\u2019atmosph\u00e8re. Une fois cette agr\u00e9able parenth\u00e8se pass\u00e9e, il va se lancer dans le grand bain.\u00a0<\/p>\n<p><img loading=\"lazy\" decoding=\"async\" width=\"1024\" height=\"564\" src=\"data:image\/svg+xml,%3Csvg%20xmlns=\" http:=\"\" alt=\"&quot;J'adore la saucisse&quot;, &quot;on regarde le cul quoi&quot; : la temp\u00e9rature grimpe dans le prochain \u00e9pisode de &quot;L'amour est dans le pr\u00e9&quot; (SPOILER)\" data-lazy- data-lazy- data-lazy-src=\"https:\/\/www.europesays.com\/fr\/wp-content\/uploads\/2025\/09\/Denis-et-ses-pretendantes-1024x564.png\"\/><\/p>\n<p>Danielle sera la premi\u00e8re \u00e0 rencontrer l\u2019agriculteur de <strong>L\u2019amour est dans le pr\u00e9.<\/strong> \u00ab\u00a0Tout fonctionne ? Ce ne sont pas des choses qui se demandent mais bon\u00a0\u00bb, va-t-elle demander avec courage et humour. Outre cette discussion \u00ab\u00a0coquine\u00a0\u00bb, la discussion entre les deux va tr\u00e8s bien se passer et l\u2019alchimie va visiblement op\u00e9rer.<\/p>\n<p>Sylvie sera la deuxi\u00e8me pr\u00e9tendante \u00e0 chambouler le c\u0153ur de Denis. Mais Romy, la derni\u00e8re pr\u00e9tendante du candidat de<strong> L\u2019amour est dans le pr\u00e9<\/strong>, son coup de c\u0153ur au moment des courriers, va tout chambouler. De fait, Sylvie et Romy seront les deux pr\u00e9tendantes \u00e0 le rejoindre \u00e0 sa ferme.<\/p>\n<p><img loading=\"lazy\" decoding=\"async\" width=\"1024\" height=\"563\" src=\"data:image\/svg+xml,%3Csvg%20xmlns=\" http:=\"\" alt=\"&quot;J'adore la saucisse&quot;, &quot;on regarde le cul quoi&quot; : la temp\u00e9rature grimpe dans le prochain \u00e9pisode de &quot;L'amour est dans le pr\u00e9&quot; (SPOILER)\" data-lazy- data-lazy- data-lazy-src=\"https:\/\/www.europesays.com\/fr\/wp-content\/uploads\/2025\/09\/romy-denis-1024x563.png\"\/><\/p>\n<p>      Mentionn\u00e9s dans cet article<\/p>\n<p>      Sur le m\u00eame sujet<\/p>\n","protected":false},"excerpt":{"rendered":"Les \u00e9changes entre pr\u00e9tendants et pr\u00e9tendantes se poursuivent dans L\u2019amour est dans le pr\u00e9. Les t\u00e9l\u00e9spectateurs de l&rsquo;\u00e9mission&hellip;\n","protected":false},"author":2,"featured_media":377876,"comment_status":"","ping_status":"","sticky":false,"template":"","format":"standard","meta":{"footnotes":""},"categories":[1356],"tags":[58,59,1011,27,5413,9307,494,252,1364],"class_list":{"0":"post-377875","1":"post","2":"type-post","3":"status-publish","4":"format-standard","5":"has-post-thumbnail","7":"category-television","8":"tag-divertissement","9":"tag-entertainment","10":"tag-fr","11":"tag-france","12":"tag-karine-le-marchand","13":"tag-lamour-est-dans-le-pre","14":"tag-m6","15":"tag-television","16":"tag-tv"},"share_on_mastodon":{"url":"https:\/\/pubeurope.com\/@fr\/115174732304336163","error":""},"_links":{"self":[{"href":"https:\/\/www.europesays.com\/fr\/wp-json\/wp\/v2\/posts\/377875","targetHints":{"allow":["GET"]}}],"collection":[{"href":"https:\/\/www.europesays.com\/fr\/wp-json\/wp\/v2\/posts"}],"about":[{"href":"https:\/\/www.europesays.com\/fr\/wp-json\/wp\/v2\/types\/post"}],"author":[{"embeddable":true,"href":"https:\/\/www.europesays.com\/fr\/wp-json\/wp\/v2\/users\/2"}],"replies":[{"embeddable":true,"href":"https:\/\/www.europesays.com\/fr\/wp-json\/wp\/v2\/comments?post=377875"}],"version-history":[{"count":0,"href":"https:\/\/www.europesays.com\/fr\/wp-json\/wp\/v2\/posts\/377875\/revisions"}],"wp:featuredmedia":[{"embeddable":true,"href":"https:\/\/www.europesays.com\/fr\/wp-json\/wp\/v2\/media\/377876"}],"wp:attachment":[{"href":"https:\/\/www.europesays.com\/fr\/wp-json\/wp\/v2\/media?parent=377875"}],"wp:term":[{"taxonomy":"category","embeddable":true,"href":"https:\/\/www.europesays.com\/fr\/wp-json\/wp\/v2\/categories?post=377875"},{"taxonomy":"post_tag","embeddable":true,"href":"https:\/\/www.europesays.com\/fr\/wp-json\/wp\/v2\/tags?post=377875"}],"curies":[{"name":"wp","href":"https:\/\/api.w.org\/{rel}","templated":true}]}}