{"id":377877,"date":"2025-09-09T14:08:11","date_gmt":"2025-09-09T14:08:11","guid":{"rendered":"https:\/\/www.europesays.com\/fr\/377877\/"},"modified":"2025-09-09T14:08:11","modified_gmt":"2025-09-09T14:08:11","slug":"louane-annonce-etre-atteinte-dune-maladie-auto-immune-jai-mal-tout-le-temps","status":"publish","type":"post","link":"https:\/\/www.europesays.com\/fr\/377877\/","title":{"rendered":"Louane annonce \u00eatre atteinte d&rsquo;une maladie auto-immune : \u00ab\u00a0J&rsquo;ai mal tout le temps\u00a0\u00bb"},"content":{"rendered":"<p class=\"text-left ap-StoryElement ap-StoryElement--mb ap-StoryText\">En mai dernier, Louane illuminait la sc\u00e8ne de l&rsquo;Eurovision 2025 avec Maman, titre qui a valu une septi\u00e8me place \u00e0 la France au classement final. Depuis, la chanteuse de 28 ans a sorti un album best-of et d\u00e9marrera le 25 septembre prochain une tourn\u00e9e intitul\u00e9e \u00ab\u00a0Solo Tour\u00a0\u00bb avec laquelle elle passera \u00e0 Forest National le 22 novembre prochain mais \u00e9galement \u00e0 l&rsquo;Accor Arena de Paris, le 20 f\u00e9vrier 2026.<\/p>\n<p class=\"text-left ap-StoryElement ap-StoryElement--mb ap-StoryText\">Interview\u00e9e pour le podcast d&rsquo;Alice Underground, l&rsquo;interpr\u00e8te de Si t&rsquo;\u00e9tais l\u00e0 qui se mariera bient\u00f4t avec Florian Rossi, son fianc\u00e9 et p\u00e8re de sa fille Esm\u00e9e, s&rsquo;est confi\u00e9e, pour la premi\u00e8re fois, sur la spondylarthrite ankylosante (SPA),\u00a0\u00bbune maladie chronique auto-immune d\u00e9g\u00e9n\u00e9rative des articulations\u00a0\u00bb dont elle souffre en silence. Cette maladie peut provoquer des douleurs dorsales chroniques, une raideur de la colonne, une fatigue chronique et peut atteindre les articulations p\u00e9riph\u00e9riques comme les hanches, les \u00e9paules, les genoux ou encore les chevilles.<\/p>\n<p><a href=\"https:\/\/www.lalibre.be\/culture\/musique\/2025\/05\/17\/eurovision-louane-victime-dun-incident-lors-des-repetitions-de-sa-prestation-QSAWIPYTD5E47IIE7DLKM4MDNM\/\" target=\"_blank\" rel=\"noopener noreferrer\" class=\"ap-StoryInterstitialLink ap-StoryElement ap-StoryElement--mb\">Eurovision : Louane victime d&rsquo;un incident lors des r\u00e9p\u00e9titions<\/a><\/p>\n<p class=\"text-left ap-StoryElement ap-StoryElement--mb ap-StoryText\">\u00ab\u00a0C&rsquo;est simple : On se parle, j&rsquo;ai mal mais j&rsquo;ai l&rsquo;habitude\u00a0\u00bb, dit-elle \u00e0 son interlocutrice avant d&rsquo;ajouter faire de temps en temps des crises. \u00ab\u00a0\u00c7a fait vraiment longtemps que je n&rsquo;ai pas eu une vraie crise o\u00f9 je ne peux pas marcher. \u00c7a ne m&rsquo;est pas arriv\u00e9 depuis un moment, un an au moins. La derni\u00e8re fois que \u00e7a m&rsquo;est arriv\u00e9 c&rsquo;\u00e9tait en tourn\u00e9e l&rsquo;ann\u00e9e derni\u00e8re sur les festivals.\u00a0\u00bb<\/p>\n<p class=\"text-left ap-StoryElement ap-StoryElement--mb ap-StoryText\">Si on ne sait pas encore \u00ab\u00a0gu\u00e9rir\u00a0\u00bb cette maladie, des traitements existent pour contr\u00f4ler les sympt\u00f4mes, r\u00e9duire l&rsquo;inflammation et ralentir son \u00e9volution. \u00ab\u00a0Je n&rsquo;ai pas de m\u00e9dicament, explique <a href=\"https:\/\/www.lalibre.be\/lifestyle\/people\/2023\/09\/26\/louane-evoque-sa-vie-de-maman-les-gens-veulent-trop-voir-mon-enfant-mais-ca-narrivera-jamais-7GCJ6Z2DMZE5VFIGFI7VRACZPM\/\" target=\"_blank\" rel=\"noopener\">Louane<\/a>. C&rsquo;est beaucoup d&rsquo;anti-inflammatoires ou alors c&rsquo;est plus compliqu\u00e9, genre des anti-TNF alpha, \u00e7a, c&rsquo;est un peu intense ou dans certains cas compliqu\u00e9s c&rsquo;est des infiltrations. \u00c7a, c&rsquo;est horrible. C&rsquo;est genre des aiguilles comme \u00e7a qu&rsquo;on te met dans le dos pour aller jusqu&rsquo;\u00e0 tes articulations.\u00a0\u00bb Elle ajoute : \u00ab\u00a0Moi, c&rsquo;est axial. J&rsquo;en ai dans les genoux, dans les chevilles, dans les poignets\u2026 Donc j&rsquo;ai mal tout le temps.\u00a0\u00bb<\/p>\n<p class=\"text-left ap-StoryElement ap-StoryElement--mb ap-StoryText\">Pour att\u00e9nuer ses douleurs, la chanteuse explique avoir adapt\u00e9 son alimentation et faire beaucoup de Pilates. \u00ab\u00a0\u00c7a aide vachement\u00a0\u00bb, conclut-elle.<\/p>\n<p><a href=\"https:\/\/www.lalibre.be\/culture\/2025\/04\/26\/cetait-un-peu-son-reve-ce-proche-a-qui-louane-rend-hommage-en-participant-a-leurovision-HXVG5MT5C5DO3HGINEY7W3S72U\/\" target=\"_blank\" rel=\"noopener noreferrer\" class=\"ap-StoryInterstitialLink ap-StoryElement ap-StoryElement--mb\">\u00ab\u00a0C&rsquo;\u00e9tait un peu son r\u00eave\u00a0\u00bb : ce proche \u00e0 qui Louane rend hommage en participant \u00e0 l&rsquo;Eurovision<\/a><\/p>\n","protected":false},"excerpt":{"rendered":"En mai dernier, Louane illuminait la sc\u00e8ne de l&rsquo;Eurovision 2025 avec Maman, titre qui a valu une septi\u00e8me&hellip;\n","protected":false},"author":2,"featured_media":377878,"comment_status":"","ping_status":"","sticky":false,"template":"","format":"standard","meta":{"footnotes":""},"categories":[1355],"tags":[58,59,1011,27,4501,1361,873,71],"class_list":{"0":"post-377877","1":"post","2":"type-post","3":"status-publish","4":"format-standard","5":"has-post-thumbnail","7":"category-musique","8":"tag-divertissement","9":"tag-entertainment","10":"tag-fr","11":"tag-france","12":"tag-louane","13":"tag-music","14":"tag-musique","15":"tag-sante"},"share_on_mastodon":{"url":"https:\/\/pubeurope.com\/@fr\/115174736132675442","error":""},"_links":{"self":[{"href":"https:\/\/www.europesays.com\/fr\/wp-json\/wp\/v2\/posts\/377877","targetHints":{"allow":["GET"]}}],"collection":[{"href":"https:\/\/www.europesays.com\/fr\/wp-json\/wp\/v2\/posts"}],"about":[{"href":"https:\/\/www.europesays.com\/fr\/wp-json\/wp\/v2\/types\/post"}],"author":[{"embeddable":true,"href":"https:\/\/www.europesays.com\/fr\/wp-json\/wp\/v2\/users\/2"}],"replies":[{"embeddable":true,"href":"https:\/\/www.europesays.com\/fr\/wp-json\/wp\/v2\/comments?post=377877"}],"version-history":[{"count":0,"href":"https:\/\/www.europesays.com\/fr\/wp-json\/wp\/v2\/posts\/377877\/revisions"}],"wp:featuredmedia":[{"embeddable":true,"href":"https:\/\/www.europesays.com\/fr\/wp-json\/wp\/v2\/media\/377878"}],"wp:attachment":[{"href":"https:\/\/www.europesays.com\/fr\/wp-json\/wp\/v2\/media?parent=377877"}],"wp:term":[{"taxonomy":"category","embeddable":true,"href":"https:\/\/www.europesays.com\/fr\/wp-json\/wp\/v2\/categories?post=377877"},{"taxonomy":"post_tag","embeddable":true,"href":"https:\/\/www.europesays.com\/fr\/wp-json\/wp\/v2\/tags?post=377877"}],"curies":[{"name":"wp","href":"https:\/\/api.w.org\/{rel}","templated":true}]}}