{"id":377887,"date":"2025-09-09T14:13:10","date_gmt":"2025-09-09T14:13:10","guid":{"rendered":"https:\/\/www.europesays.com\/fr\/377887\/"},"modified":"2025-09-09T14:13:10","modified_gmt":"2025-09-09T14:13:10","slug":"keynote-apple-comment-suivre-la-presentation-des-iphone-17-en-direct-frandroid","status":"publish","type":"post","link":"https:\/\/www.europesays.com\/fr\/377887\/","title":{"rendered":"Keynote Apple : comment suivre la pr\u00e9sentation des iPhone 17 en direct &#8211; Frandroid"},"content":{"rendered":"<ol>\n<li><a href=\"https:\/\/news.google.com\/rss\/articles\/CBMi1gFBVV95cUxObU53Tkw0NnpIM3VyczJlZ3BfWllRR0hIcENfYThjQ3RiMWx1dW1OaW5ETTRPN3hOX1BiOGJhSUZVaXpIM0UtMDlOc0Y5Tno3Uk9IUkpMbnFneVlheVZrWEJlSUtnNkpadFg4QWFNVy1tbV9ReXVReVBIWjVuRndsamNFeG1vTWVWLWlfS0NyOUlUUDRzQnY3WFI1RTNHa2NaSVZOSTBMNDRaTTFLRExfVm5ERkhZQ3Y4RG5LWk84cEVuVjlBMF80SzkxeTZDdU41Y1loM1h3?oc=5\" target=\"_blank\" rel=\"noopener\">Keynote Apple : comment suivre la pr\u00e9sentation des iPhone 17 en direct<\/a>&nbsp;&nbsp;Frandroid<\/li>\n<li><a href=\"https:\/\/news.google.com\/rss\/articles\/CBMipgFBVV95cUxNdUZlY2dQUzdVc1ViYXdicXZFb1RmR0lPNnNON3dDMUxQSmhDNS1BTkpJN0FodTFNVGhEZXFpS1p6WmRicmlYQVQxdEJxWExaMHAxXzg1NFFIdkxBcjcza1F4Rm56TGk0MThvbll3YlJBRGgtVHVlTldrSXdEOFpiSk8wT0psbXVGZkhCUC1rRGh4eG5IVXZYbV9SLTJXWk9fSlF6WU1n?oc=5\" target=\"_blank\" rel=\"noopener\">iPhone 17: o\u00f9 et quand suivre la conf\u00e9rence Apple<\/a>&nbsp;&nbsp;BFMTV<\/li>\n<li><a href=\"https:\/\/news.google.com\/rss\/articles\/CBMiyAFBVV95cUxPTmRfVm43SEhWZmM4Mkowbk5uaVVoX09ud19aOXFGMTdTNEhCWEkyWFNGQ3JGSEg2cnUzS3ItU2daUzBfcEtYbkJBUGNYSHc2eHpNcTlrN0tpY1ZhY25DaHB1UThwX2pmMWNHTVRZVHl3VF9rU0lYeHY0cGVJUk5vaXotSTUyX3F6TURuVTNKQjRhRHdLNml6YlJteXFHTExrOEk5VGlaUldqRWR3OXM2bVpoajF2Z25PMkQ2YkFjcUEzUHU3Znl0Ng?oc=5\" target=\"_blank\" rel=\"noopener\">iPhone 17 Air : le smartphone fuite compl\u00e8tement, on connait d\u00e9j\u00e0 tout !<\/a>&nbsp;&nbsp;Linternaute.com<\/li>\n<li><a href=\"https:\/\/news.google.com\/rss\/articles\/CBMiwAFBVV95cUxPZDN5OXRxWmRGeXgtYmk1WW5KeE45Z2FBZk5QYkYtaDhmdnE2RkNEdWVrdFk2T3dHUFBtV1BBM0otYmhGRXFqYjNDQUtqZk9nU3Uwa19YbHpZWXNUdVFFMm4teXJsZDduNmY3bUtITnBabkFVUGZjRUFHR2ZROXpabExVTXp1VnBOQ3Ywa2k5cUlaQndSSUx4NXJld0ctOUpUakdMc3hXeXhTRzUyV3ZHZDJPLWJrUzdQYnc5Ylk5VGI?oc=5\" target=\"_blank\" rel=\"noopener\">iPhone 17, AirPods Pro, Apple Watch\u2026 3 nouveaut\u00e9s qu&rsquo;on attend lors de la keynote d&rsquo;Apple<\/a>&nbsp;&nbsp;Capital.fr<\/li>\n<li><a href=\"https:\/\/news.google.com\/rss\/articles\/CBMi-gFBVV95cUxQVG01Mmp5dlVoTF9GamdCRGJOZUVzRVB2alFCTmxSTTVTMW1oOEdxc0RKc1dROVpCVnRuSzRuTEd5d0poQTNNS1hEYUoxNWljWE1XOXNEalZBdTJPajNsYXM5X0ZNVVc0LVhrcm1FdkFyMGZzalJBakJBUWZ1dll3UWFaYzk4WllLZlZzRUthOE9lVjlzbWF0X0hHWHpyNkpCc0hwZndlMjBvZGVsdjgwekdxaTNGMzh4WXlvM1BZVzFwVFU4RW5QanVrSm5NbkFZYnF2N1BJc0MyQk1lMVVfTmYyODJJem1kWkQza29jUHI0cHBJc19MSHVB?oc=5\" target=\"_blank\" rel=\"noopener\">Certains iPhone 17 Air, 17 Pro et 17 Pro Max auraient des batteries plus grandes gr\u00e2ce \u00e0 ce choix d\u2019Apple<\/a>&nbsp;&nbsp;Les Num\u00e9riques<\/li>\n<\/ol>\n","protected":false},"excerpt":{"rendered":"Keynote Apple : comment suivre la pr\u00e9sentation des iPhone 17 en direct&nbsp;&nbsp;Frandroid iPhone 17: o\u00f9 et quand suivre&hellip;\n","protected":false},"author":2,"featured_media":377888,"comment_status":"","ping_status":"","sticky":false,"template":"","format":"standard","meta":{"footnotes":""},"categories":[7],"tags":[48290,12575,12576,12578,12579,51163,1011,27,43,40,41,39,42,44],"class_list":{"0":"post-377887","1":"post","2":"type-post","3":"status-publish","4":"format-standard","5":"has-post-thumbnail","7":"category-sciences-et-technologies","8":"tag-apple-airpods-pro-3","9":"tag-apple-iphone-17","10":"tag-apple-iphone-17-air","11":"tag-apple-iphone-17-pro","12":"tag-apple-iphone-17-pro-max","13":"tag-apple-watch-series-11","14":"tag-fr","15":"tag-france","16":"tag-science","17":"tag-science-and-technology","18":"tag-sciences","19":"tag-sciences-et-technologies","20":"tag-technologies","21":"tag-technology"},"share_on_mastodon":{"url":"https:\/\/pubeurope.com\/@fr\/115174756182007808","error":""},"_links":{"self":[{"href":"https:\/\/www.europesays.com\/fr\/wp-json\/wp\/v2\/posts\/377887","targetHints":{"allow":["GET"]}}],"collection":[{"href":"https:\/\/www.europesays.com\/fr\/wp-json\/wp\/v2\/posts"}],"about":[{"href":"https:\/\/www.europesays.com\/fr\/wp-json\/wp\/v2\/types\/post"}],"author":[{"embeddable":true,"href":"https:\/\/www.europesays.com\/fr\/wp-json\/wp\/v2\/users\/2"}],"replies":[{"embeddable":true,"href":"https:\/\/www.europesays.com\/fr\/wp-json\/wp\/v2\/comments?post=377887"}],"version-history":[{"count":0,"href":"https:\/\/www.europesays.com\/fr\/wp-json\/wp\/v2\/posts\/377887\/revisions"}],"wp:featuredmedia":[{"embeddable":true,"href":"https:\/\/www.europesays.com\/fr\/wp-json\/wp\/v2\/media\/377888"}],"wp:attachment":[{"href":"https:\/\/www.europesays.com\/fr\/wp-json\/wp\/v2\/media?parent=377887"}],"wp:term":[{"taxonomy":"category","embeddable":true,"href":"https:\/\/www.europesays.com\/fr\/wp-json\/wp\/v2\/categories?post=377887"},{"taxonomy":"post_tag","embeddable":true,"href":"https:\/\/www.europesays.com\/fr\/wp-json\/wp\/v2\/tags?post=377887"}],"curies":[{"name":"wp","href":"https:\/\/api.w.org\/{rel}","templated":true}]}}