{"id":377889,"date":"2025-09-09T14:14:10","date_gmt":"2025-09-09T14:14:10","guid":{"rendered":"https:\/\/www.europesays.com\/fr\/377889\/"},"modified":"2025-09-09T14:14:10","modified_gmt":"2025-09-09T14:14:10","slug":"impasse-revers-bazar-que-pensent-les-medias-etrangers-de-la-crise-politique-en-france","status":"publish","type":"post","link":"https:\/\/www.europesays.com\/fr\/377889\/","title":{"rendered":"Impasse, revers, bazar\u2026 Que pensent les m\u00e9dias \u00e9trangers de la crise politique en France\u00a0?"},"content":{"rendered":"<p>Les pages \u00ab\u00a0monde\u00a0\u00bb des journaux \u00e9trangers accordent ce mardi matin une place de choix \u00e0 l\u2019actualit\u00e9 politique fran\u00e7aise, marqu\u00e9e par la chute du gouvernement <a href=\"https:\/\/www.20minutes.fr\/politique\/francois_bayrou\/\" class=\"c-link c-link--is-underlined\" rel=\"nofollow noopener\" target=\"_blank\">Bayrou<\/a>, <a href=\"https:\/\/www.20minutes.fr\/politique\/4171967-20250909-direct-futur-premier-ministre-francois-bayrou-va-remettre-matin-demission-emmanuel-macron\" class=\"c-link c-link--is-underlined\" rel=\"nofollow noopener\" target=\"_blank\">emport\u00e9 ce lundi par la perte du vote de confiance<\/a>.<\/p>\n<p>20 Minutes vous propose un petit tour d\u2019horizon de ces diff\u00e9rents titres, qu\u2019ils soient factuels ou plus dramatiques.<\/p>\n<p>En Belgique, le \u00ab\u00a0requiem\u00a0\u00bb de Bayrou<\/p>\n<p>Commen\u00e7ons par nos voisins belges qui en mati\u00e8re d&rsquo;instabilit\u00e9 politique en connaissent un rayon pour \u00eatre rest\u00e9s pendant pr\u00e8s de deux ans sans gouvernement, faute d\u2019accords politiques.<\/p>\n<\/p>\n<p>Et le quotidien <a href=\"https:\/\/www.lalibre.be\/\" rel=\"nofollow noopener\" target=\"_blank\" class=\"c-link c-link--is-underlined\">La Libre<\/a> ne s\u2019y trompe pas en titrant\u00a0: \u00ab\u00a0Le gouvernement Bayrou est tomb\u00e9, la Belgique cit\u00e9e en exemple\u00a0\u00bb son reportage dans les couloirs de l\u2019Assembl\u00e9e nationale. <a href=\"https:\/\/www.lesoir.be\/697834\/article\/2025-09-08\/francois-bayrou-renverser-le-gouvernement-neffacera-pas-le-reel\" rel=\"nofollow noopener\" target=\"_blank\" class=\"c-link c-link--is-underlined\">Le Soir<\/a> ne dit pas autre chose mais titre en reprenant les mots de Bayrou prononc\u00e9s \u00e0 la tribune peu avant le vote fatidique\u00a0: \u00ab\u00a0Renverser le gouvernement n\u2019effacera pas le r\u00e9el\u00a0\u00bb. Une phrase et un discours assimil\u00e9s \u00e0 un \u00ab\u00a0requiem\u00a0\u00bb de Fran\u00e7ois Bayrou pour son gouvernement tandis que la France est \u00ab\u00a0repartie pour un tour de man\u00e8ge\u00a0\u00bb<\/p>\n<p>\u00ab\u00a0Une crise toute fra\u00eeche\u00a0\u00bb vue de Grande-Bretagne<\/p>\n<p>\u00ab\u00a0La France dans une crise politique toute fra\u00eeche\u00a0\u00bb, titre la <a href=\"https:\/\/www.bbc.com\/news\/articles\/cm2z8xyz68mo\" rel=\"nofollow noopener\" target=\"_blank\" class=\"c-link c-link--is-underlined\">BBC<\/a> qui dans un second article s\u2019interroge\u00a0: \u00ab\u00a0Y a-t-il une solution pour briser l\u2019impasse politique\u00a0?\u00a0\u00bb. C\u00f4t\u00e9 presse \u00e9crite, <a href=\"https:\/\/www.thetimes.com\/world\/europe\/article\/french-prime-minister-francois-bayrou-resignation-gnrr7c7f0\" rel=\"nofollow noopener\" target=\"_blank\" class=\"c-link c-link--is-underlined\">The Times<\/a> constate simplement\u00a0: \u00ab\u00a0Macron perd son Premier ministre la veille de gr\u00e8ves et manifestations\u00a0\u00bb et \u00e9voque la tentation de Macron de nommer &#8211; \u00e0 nouveau &#8211; un Premier ministre du Centre.<\/p>\n<p>Le quotidien <a href=\"https:\/\/www.theguardian.com\/world\/2025\/sep\/08\/francois-bayrou-ousted-as-french-pm-after-losing-confidence-vote\" rel=\"nofollow noopener\" target=\"_blank\" class=\"c-link c-link--is-underlined\">The Guardian<\/a> nous livre un papier factuel, \u00ab\u00a0Macron va devoir nommer un troisi\u00e8me Premier ministre en moins d\u2019un an\u00a0\u00bb, accompagn\u00e9 <a href=\"https:\/\/www.theguardian.com\/world\/2025\/sep\/08\/bayrou-fall-and-divided-parliament-hardly-offer-stability-macron-needs-analysis\" rel=\"nofollow noopener\" target=\"_blank\" class=\"c-link c-link--is-underlined\">d\u2019un second d\u2019analyse\u00a0<\/a>: \u00ab\u00a0Le pr\u00e9sident fran\u00e7ais devra choisir un nouveau Premier ministre apr\u00e8s que la r\u00e9sistance au budget d\u2019aust\u00e9rit\u00e9 a uni les oppositions de gauche et d\u2019extr\u00eame droite\u00a0\u00bb, \u00e9crit en sous-titre la journaliste correspondante \u00e0 Paris qui ouvre son article sur les \u00e9ch\u00e9ances internationales d\u2019Emmanuel Macron, marqu\u00e9es par la reconnaissance \u00e0 venir de l\u2019Etat palestinien.<\/p>\n<p>En Allemagne \u00ab\u00a0Macron-Regierung kaputt\u00a0!\u00a0\u00bb<\/p>\n<p>\u00ab\u00a0Le mandat de Macron foutu\u00a0!\u00a0\u00bb, s\u2019exclame le grand quotidien allemand <a href=\"https:\/\/www.bild.de\/politik\/premier-bayrou-verliert-vertrauensabstimmung-macron-regierung-kaputt-68bf0a82017198503626e229\" rel=\"nofollow noopener\" target=\"_blank\" class=\"c-link c-link--is-underlined\">Bild<\/a> qui \u00e9voque un \u00ab\u00a0coup de tonnerre\u00a0\u00bb et \u00ab\u00a0un s\u00e9rieux revers\u00a0\u00bb pour Macron. Mais le journal allemand s\u2019inqui\u00e8te surtout des cons\u00e9quences \u00e9conomiques pour la zone euro dans un second titre\u00a0: \u00ab\u00a0Les principaux \u00e9conomistes tirent la sonnette d\u2019alarme sur un effondrement fran\u00e7ais\u00a0\u00bb et redoute \u00ab\u00a0des cons\u00e9quences dramatiques pour l\u2019ensemble de la zone euro\u00a0!\u00a0\u00bb<\/p>\n<p><a href=\"https:\/\/www.zeit.de\/thema\/francois-bayrou\" rel=\"nofollow noopener\" target=\"_blank\" class=\"c-link c-link--is-underlined\">Die Zeit <\/a>analyse la chute de Bayrou comme \u00ab\u00a0\u00e9tant due \u00e0 son manque de capacit\u00e9 de compromis\u00a0\u00bb alors que la France s\u2019enfonce \u00ab\u00a0dans une boucle dangereuse\u00a0\u00bb alors que Macron \u00ab\u00a0n\u2019a pas beaucoup d\u2019options\u00a0\u00bb.<\/p>\n<p>\u00ab\u00a0Dernier tango\u00a0\u00bb en Italie et \u00ab\u00a0Macron au bord du gouffre\u00a0\u00bb en Espagne<\/p>\n<p>Moins alarmiste, les voisins journaux de nos voisins des fronti\u00e8res sud dont un peu plus po\u00e9tiques\u00a0: \u00ab\u00a0Dernier Tango, au suivant\u00a0\u00bb lab\u00e9lise le quotidien italien<a href=\"https:\/\/ilmanifesto.it\/bayrou-sfiduciato-francia-in-crisi-multipla\" rel=\"nofollow noopener\" target=\"_blank\" class=\"c-link c-link--is-underlined\"> Il Manifesto<\/a> qui voit \u00ab\u00a0La France en crise multiple\u00a0\u00bb.<\/p>\n<p>Sur l\u2019autre rive de la M\u00e9diterran\u00e9e occidentale, le quotidien espagnol constate froidement que \u00ab\u00a0Le gouvernement fran\u00e7ais tombe pour la troisi\u00e8me fois en un an\u00a0\u00bb tandis que la France s\u2019enfonce dans \u00ab\u00a0une nouvelle crise politique\u00a0\u00bb. Son homologue barcelonnais <a href=\"https:\/\/www.lavanguardia.com\/\" rel=\"nofollow noopener\" target=\"_blank\" class=\"c-link c-link--is-underlined\">La Vanguardia <\/a>d\u00e9cale la focale sur Emmanuel Macron \u00ab\u00a0au bord du gouffre\u00a0\u00bb, pris dans un dilemme entre \u00ab\u00a0nommer un autre Premier ministre qui risque fort d\u2019\u00e9chouer ou convoquer des \u00e9lections\u00a0\u00bb.<\/p>\n<p>Inqui\u00e9tude internationale aux Etats-Unis<\/p>\n<p>Le m\u00e9dia am\u00e9ricain CNN s\u2019inqui\u00e8te d\u2019une \u00ab\u00a0nouvelle crise politique\u00a0\u00bb en France, laissant le pays \u00ab\u00a0sans gouvernement \u00e0 un moment de tension \u00e9conomique croissante et de tensions g\u00e9opolitiques\u00a0\u00bb, \u00ab\u00a0un cadeau \u00e0 la fois\u00a0\u00bb pour Vladimir Poutine et pour Donald Trump, \u00ab\u00a0qui partagent un plaisir commun \u00e0 se moquer des faiblesses de l\u2019Europe\u00a0\u00bb.<\/p>\n<p>Une inqui\u00e9tude davantage \u00e9conomique pour Le Wall Street Journal qui voit l\u00e0 un \u00ab\u00a0bazar fiscal et politique\u00a0\u00bb qui s\u2019aggrave. Plus sobre, le New York Times s\u2019interroge sur la suite, alors que Macron \u00ab\u00a0refuse de convoquer de nouvelles \u00e9lections ou de d\u00e9missionner\u00a0\u00bb.<\/p>\n<p>Le chaos politique fran\u00e7ais dans le reste du monde<\/p>\n<p>La presse japonaise se fait \u00e9galement l\u2019\u00e9cho de la chute du gouvernement Bayrou et de l\u2019embarras d\u2019Emmanuel Macron qui se retrouve \u00e0 chercher \u00ab\u00a0un cinqui\u00e8me Premier ministre en moins de deux ans pour s\u2019attaquer \u00e0 la dette alors qu\u2019aucun candidat avec une chance d\u00e9cente de succ\u00e8s ne se d\u00e9gage\u00a0\u00bb, \u00e9crit le <a href=\"https:\/\/www.japantimes.co.jp\/news\/2025\/09\/08\/world\/politics\/france-government-confidence-vote\/\" rel=\"nofollow noopener\" target=\"_blank\" class=\"c-link c-link--is-underlined\">JapanTimes<\/a> dans la m\u00eame veine que l\u2019<a href=\"https:\/\/www.asahi.com\/articles\/AST984CPNT98UHBI004M.html?iref=comtop_7_03\" rel=\"nofollow noopener\" target=\"_blank\" class=\"c-link c-link--is-underlined\">Asahi Shimbun<\/a>, qui titre sur \u00ab\u00a0le quatri\u00e8me changement de premier ministre en deux ans\u00a0\u00bb.<\/p>\n<p>Les journaux comme The Indian Express ou encore The Times of India rapportent \u00e9galement la fin du gouvernement Bayrou, de m\u00eame que l\u2019essentiel des journaux du monde qui reprennent des contenus d\u2019agence comme AP ou Reuters.<\/p>\n","protected":false},"excerpt":{"rendered":"Les pages \u00ab\u00a0monde\u00a0\u00bb des journaux \u00e9trangers accordent ce mardi matin une place de choix \u00e0 l\u2019actualit\u00e9 politique fran\u00e7aise,&hellip;\n","protected":false},"author":2,"featured_media":377890,"comment_status":"","ping_status":"","sticky":false,"template":"","format":"standard","meta":{"footnotes":""},"categories":[6],"tags":[47,35,13189,33,34,1011,27,431,418,25917,74,316,3363,4048,13125,104],"class_list":{"0":"post-377889","1":"post","2":"type-post","3":"status-publish","4":"format-standard","5":"has-post-thumbnail","7":"category-economie","8":"tag-actualite","9":"tag-business","10":"tag-demission","11":"tag-economie","12":"tag-economy","13":"tag-fr","14":"tag-france","15":"tag-francois-bayrou","16":"tag-gouvernement","17":"tag-journaux","18":"tag-monde","19":"tag-politique","20":"tag-premier-ministre","21":"tag-presse","22":"tag-revue-de-presse","23":"tag-societe"},"share_on_mastodon":{"url":"https:\/\/pubeurope.com\/@fr\/115174759762199184","error":""},"_links":{"self":[{"href":"https:\/\/www.europesays.com\/fr\/wp-json\/wp\/v2\/posts\/377889","targetHints":{"allow":["GET"]}}],"collection":[{"href":"https:\/\/www.europesays.com\/fr\/wp-json\/wp\/v2\/posts"}],"about":[{"href":"https:\/\/www.europesays.com\/fr\/wp-json\/wp\/v2\/types\/post"}],"author":[{"embeddable":true,"href":"https:\/\/www.europesays.com\/fr\/wp-json\/wp\/v2\/users\/2"}],"replies":[{"embeddable":true,"href":"https:\/\/www.europesays.com\/fr\/wp-json\/wp\/v2\/comments?post=377889"}],"version-history":[{"count":0,"href":"https:\/\/www.europesays.com\/fr\/wp-json\/wp\/v2\/posts\/377889\/revisions"}],"wp:featuredmedia":[{"embeddable":true,"href":"https:\/\/www.europesays.com\/fr\/wp-json\/wp\/v2\/media\/377890"}],"wp:attachment":[{"href":"https:\/\/www.europesays.com\/fr\/wp-json\/wp\/v2\/media?parent=377889"}],"wp:term":[{"taxonomy":"category","embeddable":true,"href":"https:\/\/www.europesays.com\/fr\/wp-json\/wp\/v2\/categories?post=377889"},{"taxonomy":"post_tag","embeddable":true,"href":"https:\/\/www.europesays.com\/fr\/wp-json\/wp\/v2\/tags?post=377889"}],"curies":[{"name":"wp","href":"https:\/\/api.w.org\/{rel}","templated":true}]}}