{"id":377891,"date":"2025-09-09T14:15:12","date_gmt":"2025-09-09T14:15:12","guid":{"rendered":"https:\/\/www.europesays.com\/fr\/377891\/"},"modified":"2025-09-09T14:15:12","modified_gmt":"2025-09-09T14:15:12","slug":"la-presidente-moldave-denonce-une-campagne-dingerence-russe-inedite","status":"publish","type":"post","link":"https:\/\/www.europesays.com\/fr\/377891\/","title":{"rendered":"La pr\u00e9sidente moldave d\u00e9nonce une campagne d\u2019ing\u00e9rence russe in\u00e9dite"},"content":{"rendered":"<p>Fin ao\u00fbt, Emmanuel Macron, Friedrich Merz et Donald Tusk avaient r\u00e9affirm\u00e9 leur soutien \u00e0 la Moldavie en vue de son adh\u00e9sion \u00e0 l\u2019Union europ\u00e9enne.<\/p>\n<p class=\"fig-paragraph\">La\u00a0<a href=\"http:\/\/www.lefigaro.fr\/international\/russie-un-francais-arrete-et-place-en-detention-provisoire-20250908\" data-fig-type=\"NewsFlash\" data-gtm-custom-categorie=\"navigation\" data-gtm-custom-action=\"crossclick\" data-gtm-custom-label=\"Contextuel\" data-gtm-event=\"customEventSPE\" data-fig-domain=\"LEFIGARO\" rel=\"nofollow noopener\" target=\"_blank\">Russie\u00a0<\/a>a lanc\u00e9 une campagne d&rsquo;ing\u00e9rence sans pr\u00e9c\u00e9dent pour s&#8217;emparer de la Moldavie \u00e0 l&rsquo;occasion des \u00e9lections le 28 septembre, a d\u00e9nonc\u00e9 mardi 9 septembre devant le Parlement europ\u00e9en la pr\u00e9sidente de ce pays candidat \u00e0 rejoindre l&rsquo;UE,\u00a0<a href=\"http:\/\/www.lefigaro.fr\/flash-actu\/en-moldavie-la-presidente-pro-europeenne-maia-sandu-est-investie-pour-un-second-mandat-20241224\" data-fig-type=\"NewsFlash\" data-gtm-custom-categorie=\"navigation\" data-gtm-custom-action=\"crossclick\" data-gtm-custom-label=\"Contextuel\" data-gtm-event=\"customEventSPE\" data-fig-domain=\"LEFIGARO\" rel=\"nofollow noopener\" target=\"_blank\">Maia Sandu<\/a>.<\/p>\n<p class=\"fig-paragraph\">\u00abAujourd&rsquo;hui, nous faisons face \u00e0 une guerre hybride illimit\u00e9e d&rsquo;une ampleur jamais vue depuis l&rsquo;<a href=\"http:\/\/www.lefigaro.fr\/international\/guerre-en-ukraine-plus-de-20-personnes-tuees-dans-une-frappe-russe-sur-un-village-de-l-est-annonce-volodymyr-zelensky-20250909\" data-fig-type=\"NewsFlash\" data-gtm-custom-categorie=\"navigation\" data-gtm-custom-action=\"crossclick\" data-gtm-custom-label=\"Contextuel\" data-gtm-event=\"customEventSPE\" data-fig-domain=\"LEFIGARO\" rel=\"nofollow noopener\" target=\"_blank\">invasion (russe) de l&rsquo;Ukraine<\/a> \u00bb, a-t-elle d\u00e9clar\u00e9 devant les eurod\u00e9put\u00e9s \u00e0 Strasbourg, avant d\u2019ajouter \u00abl&rsquo;objectif du Kremlin est clair, capturer la Moldavie par les urnes, l&rsquo;utiliser contre l&rsquo;Ukraine et faire de nous une rampe de lancement pour des attaques hybrides dans l&rsquo;Union europ\u00e9enne\u00bb.\u00a0<\/p>\n<p>                                    <a class=\"fig-a11y-skip a11y-hidden\" href=\"#fig-a11y-skip-main-inarticle\"><br \/>\n        Passer la publicit\u00e9<br \/>\n    <\/a><\/p>\n<p class=\"fig-paragraph\">En d\u00e9fendant ce scrutin du 28 septembre contre la main mise de Moscou, \u00abnous prot\u00e9geons non seulement la Moldavie, mais aussi la s\u00e9curit\u00e9 et la stabilit\u00e9 r\u00e9gionale\u00bb, a encore lanc\u00e9 la pr\u00e9sidente moldave.<\/p>\n<p>Un soutien europ\u00e9en<\/p>\n<p class=\"fig-paragraph\">Chisinau et l&rsquo;Union europ\u00e9enne d\u00e9noncent r\u00e9guli\u00e8rement les campagnes de d\u00e9sinformation et de manipulation de la Russie, dans la perspective de ces \u00e9lections l\u00e9gislatives.<\/p>\n<p class=\"fig-paragraph\">Le pr\u00e9sident fran\u00e7ais<a href=\"http:\/\/www.lefigaro.fr\/international\/depuis-chisinau-emmanuel-macron-apporte-un-soutien-determine-a-la-moldavie-et-denonce-les-mensonges-russes-20250827\" data-fig-type=\"NewsFlash\" data-gtm-custom-categorie=\"navigation\" data-gtm-custom-action=\"crossclick\" data-gtm-custom-label=\"Contextuel\" data-gtm-event=\"customEventSPE\" data-fig-domain=\"LEFIGARO\" rel=\"nofollow noopener\" target=\"_blank\">\u00a0Emmanuel Macron<\/a>, le chancelier allemand\u00a0<a href=\"https:\/\/www.lefigaro.fr\/tag\/friedrich-merz\" target=\"_blank\" rel=\"sponsored noopener nofollow\" data-gtm-custom-categorie=\"navigation\" data-gtm-custom-action=\"crossclick\" data-gtm-custom-label=\"Contextuel\" data-gtm-event=\"customEventSPE\">Friedrich Merz<\/a>\u00a0et le premier ministre polonais\u00a0<a href=\"https:\/\/www.lefigaro.fr\/tag\/donald-tusk\" target=\"_blank\" rel=\"sponsored noopener nofollow\" data-gtm-custom-categorie=\"navigation\" data-gtm-custom-action=\"crossclick\" data-gtm-custom-label=\"Contextuel\" data-gtm-event=\"customEventSPE\">Donald Tusk<\/a>\u00a0avaient apport\u00e9 fin ao\u00fbt \u00e0 Chisinau un\u00a0<a href=\"http:\/\/www.lefigaro.fr\/international\/macron-merz-et-tusk-en-deplacement-en-moldavie-en-soutien-face-a-moscou-20250827\" data-fig-type=\"NewsFlash\" data-gtm-custom-categorie=\"navigation\" data-gtm-custom-action=\"crossclick\" data-gtm-custom-label=\"Contextuel\" data-gtm-event=\"customEventSPE\" data-fig-domain=\"LEFIGARO\" rel=\"nofollow noopener\" target=\"_blank\">\u00absoutien d\u00e9termin\u00e9\u00bb\u00a0<\/a>\u00e0 la Moldavie en vue de son adh\u00e9sion \u00e0 l&rsquo;Union europ\u00e9enne face aux \u00abmensonges\u00bb et aux \u00abing\u00e9rences\u00bb de Moscou, \u00e0 la veille de ce scrutin.<\/p>\n<p class=\"fig-paragraph\">La Moldavie a d\u00e9but\u00e9 l&rsquo;an dernier des n\u00e9gociations d&rsquo;adh\u00e9sion \u00e0 l&rsquo;UE, fermement soutenues par sa pr\u00e9sidente, r\u00e9\u00e9lue en novembre 2024. Ces discussions, concomitantes \u00e0 celles ouvertes avec l&rsquo;Ukraine, sont toutefois bloqu\u00e9es par l&rsquo;opposition de la Hongrie, hostile \u00e0 la candidature de Kiev.<\/p>\n<p class=\"fig-paragraph\">\u00abNotre chemin europ\u00e9en n&rsquo;est pas seulement une question de valeurs, c&rsquo;est une question de survie, et pr\u00e9cis\u00e9ment parce que nous avons beaucoup progress\u00e9 sur ce chemin, la Russie a d\u00e9cha\u00een\u00e9 son arsenal d&rsquo;attaques hybrides contre nous\u00bb, a soulign\u00e9 Maia Sandu.<\/p>\n","protected":false},"excerpt":{"rendered":"Fin ao\u00fbt, Emmanuel Macron, Friedrich Merz et Donald Tusk avaient r\u00e9affirm\u00e9 leur soutien \u00e0 la Moldavie en vue&hellip;\n","protected":false},"author":2,"featured_media":377892,"comment_status":"","ping_status":"","sticky":false,"template":"","format":"standard","meta":{"footnotes":""},"categories":[5],"tags":[11,1011,27,14,11095,12,132,28],"class_list":{"0":"post-377891","1":"post","2":"type-post","3":"status-publish","4":"format-standard","5":"has-post-thumbnail","7":"category-international","8":"tag-actualites","9":"tag-fr","10":"tag-france","11":"tag-international","12":"tag-moldavie","13":"tag-news","14":"tag-russie","15":"tag-world"},"share_on_mastodon":{"url":"https:\/\/pubeurope.com\/@fr\/115174763655925945","error":""},"_links":{"self":[{"href":"https:\/\/www.europesays.com\/fr\/wp-json\/wp\/v2\/posts\/377891","targetHints":{"allow":["GET"]}}],"collection":[{"href":"https:\/\/www.europesays.com\/fr\/wp-json\/wp\/v2\/posts"}],"about":[{"href":"https:\/\/www.europesays.com\/fr\/wp-json\/wp\/v2\/types\/post"}],"author":[{"embeddable":true,"href":"https:\/\/www.europesays.com\/fr\/wp-json\/wp\/v2\/users\/2"}],"replies":[{"embeddable":true,"href":"https:\/\/www.europesays.com\/fr\/wp-json\/wp\/v2\/comments?post=377891"}],"version-history":[{"count":0,"href":"https:\/\/www.europesays.com\/fr\/wp-json\/wp\/v2\/posts\/377891\/revisions"}],"wp:featuredmedia":[{"embeddable":true,"href":"https:\/\/www.europesays.com\/fr\/wp-json\/wp\/v2\/media\/377892"}],"wp:attachment":[{"href":"https:\/\/www.europesays.com\/fr\/wp-json\/wp\/v2\/media?parent=377891"}],"wp:term":[{"taxonomy":"category","embeddable":true,"href":"https:\/\/www.europesays.com\/fr\/wp-json\/wp\/v2\/categories?post=377891"},{"taxonomy":"post_tag","embeddable":true,"href":"https:\/\/www.europesays.com\/fr\/wp-json\/wp\/v2\/tags?post=377891"}],"curies":[{"name":"wp","href":"https:\/\/api.w.org\/{rel}","templated":true}]}}