{"id":37790,"date":"2025-04-20T02:40:17","date_gmt":"2025-04-20T02:40:17","guid":{"rendered":"https:\/\/www.europesays.com\/fr\/37790\/"},"modified":"2025-04-20T02:40:17","modified_gmt":"2025-04-20T02:40:17","slug":"decouvrez-les-plus-belles-creations-des-artisans-lyonnais","status":"publish","type":"post","link":"https:\/\/www.europesays.com\/fr\/37790\/","title":{"rendered":"d\u00e9couvrez les plus belles cr\u00e9ations des artisans lyonnais"},"content":{"rendered":"<p>&#13;<br \/>\n  Chez S\u00e8ve, \u0153ufs fleurs et petits poussins<\/p>\n<p>    &#13;<br \/>\n    &#13;<br \/>\n    &#13;<br \/>\n    <a href=\"https:\/\/cdn-s-www.leprogres.fr\/images\/5826f0a8-eab8-4a65-8eed-1bde10ec2476\/NW_raw\/photo-dr-seve-1745012174.jpg\" title=\"Photo\u00a0DR S\u00e8ve\" class=\"chocolat-image GA-tracking\" data-ga_type=\"click\" data-ga_category=\"D\u00e9tail\" data-ga_action=\"zoomer\" data-ga_label=\"aggrandir image\" rel=\"nofollow noopener\" target=\"_blank\">&#13;<br \/>\n        <img src=\"https:\/\/www.europesays.com\/fr\/wp-content\/uploads\/2025\/04\/photo-dr-seve-1745012174.jpg\"   alt=\"Photo\u00a0DR S\u00e8ve\" fetchpriority=\"high\" decoding=\"async\" data-mobile=\"NW_listA_M|1745012174\" data-base=\"NW_listA|1745012174\"\/>&#13;<br \/>\n    <\/a>&#13;<\/p>\n<p> Photo\u00a0DR S\u00e8ve <\/p>\n<p>La Maison qui f\u00eate ses 120 ans d\u2019existence a cr\u00e9\u00e9 des magnifiques \u0153ufs en chocolat et notamment l\u2019\u0153uf fleurs, une v\u00e9ritable prouesse artisanale car enti\u00e8rement r\u00e9alis\u00e9 \u00e0 la main par une \u00e9quipe de dix chocolatiers, tous form\u00e9s par le ma\u00eetre chocolatier Richard <a href=\"https:\/\/www.chocolatseve.com\/?utm_source=linktree&amp;utm_medium=social&amp;utm_campaign=annuel\" target=\"_blank\" rel=\"nofollow noopener\">S\u00e8ve<\/a>.<\/p>\n<p>Mais on craque ici pour Picore le poussin, une cr\u00e9ation 2025 inspir\u00e9e du bot\u00e9risme (aux formes exag\u00e9r\u00e9ment rondes). Ce poussin, r\u00e9alis\u00e9 en \u00e9dition limit\u00e9e \u00e0 500 exemplaires, c\u00e9l\u00e8bre \u00e0 la fois la douceur et l\u2019artisanat chocolatier. D\u00e9clin\u00e9 en chocolat noir et chocolat au lait, \u00ab\u00a0Picore le Poussin\u00a0\u00bb n\u2019est pas un simple moulage de P\u00e2ques, mais une \u0153uvre artisanale unique, fusionnant art, tradition et innovation.<\/p>\n<p class=\"note\">39,90\u00a0\u20ac le poussin de 270\u00a0g en boutiques ou sur le site www.chocolatseve.com<\/p>\n<p>&#13;<br \/>\n  Fondus de chocolats chez Pralus<\/p>\n<p>    &#13;<br \/>\n    &#13;<br \/>\n    &#13;<br \/>\n    <a href=\"https:\/\/cdn-s-www.leprogres.fr\/images\/86f917c0-b968-479a-8c65-9f349f289b40\/NW_raw\/photo-dr-1745012174.jpg\" title=\"Photo\u00a0DR\" class=\"chocolat-image GA-tracking\" data-ga_type=\"click\" data-ga_category=\"D\u00e9tail\" data-ga_action=\"zoomer\" data-ga_label=\"aggrandir image\" rel=\"nofollow noopener\" target=\"_blank\">&#13;<br \/>\n        <img src=\"https:\/\/www.europesays.com\/fr\/wp-content\/uploads\/2025\/04\/photo-dr-1745012174.jpg\"   alt=\"Photo\u00a0DR\" fetchpriority=\"high\" decoding=\"async\" data-mobile=\"NW_listA_M|1745012174\" data-base=\"NW_listA|1745012174\"\/>&#13;<br \/>\n    <\/a>&#13;<\/p>\n<p> \u00a0 Photo\u00a0DR <\/p>\n<p>Comme pour No\u00ebl, la c\u00e9l\u00e9bration chocolati\u00e8re chez <a href=\"https:\/\/www.chocolats-pralus.com\/?srsltid=AfmBOooM1eMnIDYrY8Mr2bwc6qjDYkiCEf4cRZdPy3dDw1e7HxkOMJfy\" target=\"_blank\" rel=\"nofollow noopener\">Pralus<\/a> se pr\u00e9pare depuis des semaines\u00a0: \u00ab\u00a0On ne se contente pas de faire \u00ab\u00a0des chocolats de P\u00e2ques\u00a0\u00bb. A travers ces moulages, on raconte une histoire. Celle d\u2019un savoir-faire unique, d\u2019une passion familiale et d\u2019un go\u00fbt inimitable. Depuis pr\u00e8s de 40 ans, nous fabriquons \u00e0 Roanne notre propre chocolat, de la f\u00e8ve \u00e0 la tablette, avec des f\u00e8ves de cacao soigneusement s\u00e9lectionn\u00e9es aux quatre coins du monde. Les moulages de P\u00e2ques sont faits avec un chocolat noir \u00e0 70\u00a0% associant deux origines de f\u00e8ves\u00a0: Ghana et Madagascar. Les moulages lait sont r\u00e9alis\u00e9s avec M\u00e9lissa, le chocolat au lait \u00e0 45\u00a0% Madagascar\u00a0\u00bb.<\/p>\n<p class=\"note\">La Poule de Luxe chocolat noir ou lait\u00a0: 350 grammes, 35,50\u00a0euros.<\/p>\n<p>&#13;<br \/>\n  Le Japon a le vent en poupe chez Bouillet<\/p>\n<p>    &#13;<br \/>\n    &#13;<br \/>\n    &#13;<br \/>\n    <a href=\"https:\/\/cdn-s-www.leprogres.fr\/images\/defb86e9-5f82-47d0-88e8-a0a017d1dc11\/NW_raw\/photo-pierre-yves-royet-1745012174.jpg\" title=\"Photo Pierre-Yves Royet\" class=\"chocolat-image GA-tracking\" data-ga_type=\"click\" data-ga_category=\"D\u00e9tail\" data-ga_action=\"zoomer\" data-ga_label=\"aggrandir image\" rel=\"nofollow noopener\" target=\"_blank\">&#13;<br \/>\n        <img src=\"https:\/\/www.europesays.com\/fr\/wp-content\/uploads\/2025\/04\/photo-pierre-yves-royet-1745012174.jpg\"   alt=\"Photo Pierre-Yves Royet\" fetchpriority=\"high\" decoding=\"async\" data-mobile=\"NW_listA_M|1745012174\" data-base=\"NW_listA|1745012174\"\/>&#13;<br \/>\n    <\/a>&#13;<\/p>\n<p> \u00a0 Photo Pierre-Yves Royet <\/p>\n<p>Pr\u00e9sent au Japon depuis plus de 15 ans \u00e0 travers des points de vente \u00e0 Tokyo et Osaka, la Maison S\u00e9bastien <a href=\"https:\/\/www.chocolatier-bouillet.com\/\" target=\"_blank\" rel=\"nofollow noopener\">Bouillet<\/a> vous invite pour P\u00e2ques \u00e0 un voyage au c\u0153ur de la culture japonaise. Geisha, \u0152uf Mont Fuji, Maneki-neko, Samoura\u00ef\u2026 Cette ann\u00e9e le Japon a le vent en poupe \u00e0 la Maison Bouillet\u00a0!<\/p>\n<p class=\"note\">Personnages japonais en chocolat\u00a0: 32\u00a0euros les 180\u00a0gr.<\/p>\n<p>&#13;<br \/>\n  Des pi\u00e8ces de collection chez Voisin<\/p>\n<p>    &#13;<br \/>\n    &#13;<br \/>\n    &#13;<br \/>\n    <a href=\"https:\/\/cdn-s-www.leprogres.fr\/images\/6c42d79f-b3df-480e-95e4-b205c3b2d660\/NW_raw\/photo-dr-voisin-1745012174.jpg\" title=\"Photo\u00a0DR Voisin\" class=\"chocolat-image GA-tracking\" data-ga_type=\"click\" data-ga_category=\"D\u00e9tail\" data-ga_action=\"zoomer\" data-ga_label=\"aggrandir image\" rel=\"nofollow noopener\" target=\"_blank\">&#13;<br \/>\n        <img src=\"https:\/\/www.europesays.com\/fr\/wp-content\/uploads\/2025\/04\/photo-dr-voisin-1745012174.jpg\"   alt=\"Photo\u00a0DR Voisin\" fetchpriority=\"high\" decoding=\"async\" data-mobile=\"NW_listA_M|1745012174\" data-base=\"NW_listA|1745012174\"\/>&#13;<br \/>\n    <\/a>&#13;<\/p>\n<p> Photo\u00a0DR Voisin <\/p>\n<p>Chez <a href=\"https:\/\/www.chocolat-voisin.com\/\" target=\"_blank\" rel=\"nofollow noopener\">Voisin<\/a> , les incontournables cloches, poules et \u0153ufs, rivalisent avec des moulages fantaisies<\/p>\n<p>exclusifs tels le toucan, la poule Georgette, le koala ou encore le panda. Le tout garni de petits<\/p>\n<p>\u0152ufs et fritures au pralin\u00e9 artisanal d\u2019exception.<\/p>\n<p>    &#13;<br \/>\n    &#13;<br \/>\n    &#13;<br \/>\n    <a href=\"https:\/\/cdn-s-www.leprogres.fr\/images\/f570039e-c539-46a7-9b27-1ec3b4a8afea\/NW_raw\/photo-dr-voisin-1745012174.jpg\" title=\"Photo\u00a0DR Voisin\" class=\"chocolat-image GA-tracking\" data-ga_type=\"click\" data-ga_category=\"D\u00e9tail\" data-ga_action=\"zoomer\" data-ga_label=\"aggrandir image\" rel=\"nofollow noopener\" target=\"_blank\">&#13;<br \/>\n        <img src=\"https:\/\/www.europesays.com\/fr\/wp-content\/uploads\/2025\/04\/1745116816_818_photo-dr-voisin-1745012174.jpg\"   alt=\"Photo\u00a0DR Voisin\" fetchpriority=\"high\" decoding=\"async\" data-mobile=\"NW_listA_M|1745012174\" data-base=\"NW_listA|1745012174\"\/>&#13;<br \/>\n    <\/a>&#13;<\/p>\n<p> Photo\u00a0DR Voisin <\/p>\n<p>&#13;<br \/>\n  Poules, cloches et fritures de sortie chez Bernachon<\/p>\n<p>    &#13;<br \/>\n    &#13;<br \/>\n    &#13;<br \/>\n    <a href=\"https:\/\/cdn-s-www.leprogres.fr\/images\/241fd2fe-2fc4-4c59-8a6f-aae439be934f\/NW_raw\/photo-dr-bernachon-1745012174.jpg\" title=\"Photo\u00a0DR Bernachon\" class=\"chocolat-image GA-tracking\" data-ga_type=\"click\" data-ga_category=\"D\u00e9tail\" data-ga_action=\"zoomer\" data-ga_label=\"aggrandir image\" rel=\"nofollow noopener\" target=\"_blank\">&#13;<br \/>\n        <img src=\"https:\/\/www.europesays.com\/fr\/wp-content\/uploads\/2025\/04\/photo-dr-bernachon-1745012174.jpg\"   alt=\"Photo\u00a0DR Bernachon\" fetchpriority=\"high\" decoding=\"async\" data-mobile=\"NW_listA_M|1745012174\" data-base=\"NW_listA|1745012174\"\/>&#13;<br \/>\n    <\/a>&#13;<\/p>\n<p> Photo\u00a0DR Bernachon <\/p>\n<p>Chez <a href=\"https:\/\/www.bernachon.com\/\" target=\"_blank\" rel=\"nofollow noopener\">Bernachon<\/a> , retrouvez poules, cloches, fritures et une multitude de moulages garnis<\/p>\n<p>de pralin\u00e9 amande ou de pralin\u00e9 gianduja et de friture, pour le plaisir des grands et des petits. Egalement en ballotins et existe en chocolat noir 55\u00a0% ou chocolat au lait 20\u00a0%.<\/p>\n<p class=\"note\">125\u20ac\/KG<\/p>\n<p>&#13;<br \/>\n  Des cr\u00e9ations ludiques et gourmandes chez Alma<\/p>\n<p>    &#13;<br \/>\n    &#13;<br \/>\n    &#13;<br \/>\n    <a href=\"https:\/\/cdn-s-www.leprogres.fr\/images\/e150b554-1a90-48a0-af5c-bd44a0f7d10b\/NW_raw\/photo-dr-alma-1745012174.jpg\" title=\"Photo\u00a0DR Alma\" class=\"chocolat-image GA-tracking\" data-ga_type=\"click\" data-ga_category=\"D\u00e9tail\" data-ga_action=\"zoomer\" data-ga_label=\"aggrandir image\" rel=\"nofollow noopener\" target=\"_blank\">&#13;<br \/>\n        <img src=\"https:\/\/www.europesays.com\/fr\/wp-content\/uploads\/2025\/04\/photo-dr-alma-1745012174.jpg\"   alt=\"Photo\u00a0DR Alma\" fetchpriority=\"high\" decoding=\"async\" data-mobile=\"NW_listA_M|1745012174\" data-base=\"NW_listA|1745012174\"\/>&#13;<br \/>\n    <\/a>&#13;<\/p>\n<p> Photo\u00a0DR Alma <\/p>\n<p>Pour les f\u00eates de P\u00e2ques, le chef Marvin Brandao proposera ses gourmandises dans sa boutique Alma (Lyon 6 e ). Sa <a href=\"https:\/\/marvin-brandao.fr\/product-category\/chocolaterie\/page\/2\/\" target=\"_blank\" rel=\"nofollow noopener\"> collection<\/a> bouscule les codes\u00a0: m\u00ealant chocolaterie fine et desserts raffin\u00e9s. La gamme chocolat\u00e9e met \u00e0 l\u2019honneur des cr\u00e9ations ludiques et gourmandes\u00a0: le dinosaure Denver, le coq, le lapin.\u00a0Chaque pi\u00e8ce est garnie de fritures et d\u2019\u0153ufs en chocolat, d\u00e9clin\u00e9e en version chocolat au lait ou noir. Pour les plus grands, le Chef propose une version haut de gamme d\u2019un \u0153uf XL fourr\u00e9 d\u2019un g\u00e9n\u00e9reux pralin\u00e9 aux noisettes. Alma propose \u00e9galement une s\u00e9lection de tablettes grand cru.<\/p>\n","protected":false},"excerpt":{"rendered":"&#13; Chez S\u00e8ve, \u0153ufs fleurs et petits poussins &#13; &#13; &#13; &#13; &#13; &#13; Photo\u00a0DR S\u00e8ve La Maison&hellip;\n","protected":false},"author":2,"featured_media":37791,"comment_status":"","ping_status":"","sticky":false,"template":"","format":"standard","meta":{"footnotes":""},"categories":[1889],"tags":[1111,11,2430,130,33,2757,1777,674,107,1011,27,2428,2756,12,25,2429,4604,273,3151],"class_list":{"0":"post-37790","1":"post","2":"type-post","3":"status-publish","4":"format-standard","5":"has-post-thumbnail","7":"category-lyon","8":"tag-actu","9":"tag-actualites","10":"tag-auvergne-rhone-alpes","11":"tag-consommation","12":"tag-economie","13":"tag-edition-lyon-villeurbanne","14":"tag-eu","15":"tag-europe","16":"tag-fil-info","17":"tag-fr","18":"tag-france","19":"tag-lyon","20":"tag-lyon-bassin","21":"tag-news","22":"tag-republique-francaise","23":"tag-rhone","24":"tag-selection-abonne","25":"tag-selection-de-la-redaction","26":"tag-selection-de-la-redaction-69"},"share_on_mastodon":{"url":"https:\/\/pubeurope.com\/@fr\/114367982748521480","error":""},"_links":{"self":[{"href":"https:\/\/www.europesays.com\/fr\/wp-json\/wp\/v2\/posts\/37790","targetHints":{"allow":["GET"]}}],"collection":[{"href":"https:\/\/www.europesays.com\/fr\/wp-json\/wp\/v2\/posts"}],"about":[{"href":"https:\/\/www.europesays.com\/fr\/wp-json\/wp\/v2\/types\/post"}],"author":[{"embeddable":true,"href":"https:\/\/www.europesays.com\/fr\/wp-json\/wp\/v2\/users\/2"}],"replies":[{"embeddable":true,"href":"https:\/\/www.europesays.com\/fr\/wp-json\/wp\/v2\/comments?post=37790"}],"version-history":[{"count":0,"href":"https:\/\/www.europesays.com\/fr\/wp-json\/wp\/v2\/posts\/37790\/revisions"}],"wp:featuredmedia":[{"embeddable":true,"href":"https:\/\/www.europesays.com\/fr\/wp-json\/wp\/v2\/media\/37791"}],"wp:attachment":[{"href":"https:\/\/www.europesays.com\/fr\/wp-json\/wp\/v2\/media?parent=37790"}],"wp:term":[{"taxonomy":"category","embeddable":true,"href":"https:\/\/www.europesays.com\/fr\/wp-json\/wp\/v2\/categories?post=37790"},{"taxonomy":"post_tag","embeddable":true,"href":"https:\/\/www.europesays.com\/fr\/wp-json\/wp\/v2\/tags?post=37790"}],"curies":[{"name":"wp","href":"https:\/\/api.w.org\/{rel}","templated":true}]}}