{"id":377903,"date":"2025-09-09T14:21:16","date_gmt":"2025-09-09T14:21:16","guid":{"rendered":"https:\/\/www.europesays.com\/fr\/377903\/"},"modified":"2025-09-09T14:21:16","modified_gmt":"2025-09-09T14:21:16","slug":"le-nancy-handball-pas-autorise-a-disputer-le-championnat-de-nationale-1","status":"publish","type":"post","link":"https:\/\/www.europesays.com\/fr\/377903\/","title":{"rendered":"Le Nancy Handball pas autoris\u00e9 \u00e0 disputer le championnat de Nationale 1"},"content":{"rendered":"<p>Clap de fin pour le Nancy Handball. La f\u00e9d\u00e9ration fran\u00e7aise de handball a officialis\u00e9 aupr\u00e8s des clubs la non-inscription du club nanc\u00e9ien en Nationale 1 f\u00e9d\u00e9rale. Le club reste d\u00e9sesp\u00e9r\u00e9ment muet.<\/p>\n<p>R\u00e9trograd\u00e9 pour raisons financi\u00e8res cet \u00e9t\u00e9, le Nancy Handball ne disputera finalement pas le championnat de Nationale 1 f\u00e9d\u00e9rale cette saison. Les pr\u00e9sidents des clubs de troisi\u00e8me division ont \u00e9t\u00e9 inform\u00e9s ce lundi 8 septembre en d\u00e9but de soir\u00e9e que le Nancy Handball n&rsquo;\u00e9tait pas autoris\u00e9 \u00e0 s&rsquo;engager dans le championnat de Nationale 1 masculine, suite \u00e0 une d\u00e9cision de la commission d&rsquo;appel de la CNCG (commission nationale de contr\u00f4le de gestion). La f\u00e9d\u00e9ration fran\u00e7aise de handball avait autoris\u00e9 jusque l\u00e0 <a class=\"IciLink ici-link IciArticleLink g-ici-body-regular-1 underline brand svelte-lu7k6w\" href=\"https:\/\/www.francebleu.fr\/sports\/basket-handball-volley\/premier-match-reporte-pour-le-nancy-handball-en-attendant-un-nouveau-president-6227577\" rel=\"nofollow noopener\" target=\"_blank\">un report du premier match de Nancy le week-end dernier<\/a>\u00a0le temps d&rsquo;examiner la situation du club.<\/p>\n<p>Silence radio<\/p>\n<p>Dans ce courrier, qu&rsquo;ICI Lorraine a pu consulter, les clubs sont inform\u00e9s que le championnat se d\u00e9roulera \u00e0 13 \u00e9quipes. Nancy \u00e9voluera uniquement en Nationale 2 masculine dans la poule 4. Aucune r\u00e9action \u00e0 l&rsquo;heure qu&rsquo;il est du c\u00f4t\u00e9 du club nanc\u00e9ien\u00a0: Herv\u00e9 Alt, le pr\u00e9sident sur le d\u00e9part, et le directeur g\u00e9n\u00e9ral Lucas Ghiani n&rsquo;ont pas r\u00e9pondu \u00e0 nos sollicitations. Selon nos informations, les discussions entre l&rsquo;actuelle direction et Eric Poignant, candidat \u00e0 la reprise, se sont achev\u00e9es ce week-end.<\/p>\n<p>La situation est suivie de pr\u00e8s \u00e0 la M\u00e9tropole du Grand Nancy. La d\u00e9lib\u00e9ration pr\u00e9vue le 25 septembre pour verser une subvention de 280 000 euros deviendrait sans objet. Le club ne serait pas non plus autoris\u00e9 \u00e0 jouer des matchs au palais des sports de Gentilly.<\/p>\n","protected":false},"excerpt":{"rendered":"Clap de fin pour le Nancy Handball. La f\u00e9d\u00e9ration fran\u00e7aise de handball a officialis\u00e9 aupr\u00e8s des clubs la&hellip;\n","protected":false},"author":2,"featured_media":377904,"comment_status":"","ping_status":"","sticky":false,"template":"","format":"standard","meta":{"footnotes":""},"categories":[9635],"tags":[1111,11,1777,674,1011,27,775,1702,12,25],"class_list":{"0":"post-377903","1":"post","2":"type-post","3":"status-publish","4":"format-standard","5":"has-post-thumbnail","7":"category-nancy","8":"tag-actu","9":"tag-actualites","10":"tag-eu","11":"tag-europe","12":"tag-fr","13":"tag-france","14":"tag-grand-est","15":"tag-nancy","16":"tag-news","17":"tag-republique-francaise"},"share_on_mastodon":{"url":"https:\/\/pubeurope.com\/@fr\/115174787241262240","error":""},"_links":{"self":[{"href":"https:\/\/www.europesays.com\/fr\/wp-json\/wp\/v2\/posts\/377903","targetHints":{"allow":["GET"]}}],"collection":[{"href":"https:\/\/www.europesays.com\/fr\/wp-json\/wp\/v2\/posts"}],"about":[{"href":"https:\/\/www.europesays.com\/fr\/wp-json\/wp\/v2\/types\/post"}],"author":[{"embeddable":true,"href":"https:\/\/www.europesays.com\/fr\/wp-json\/wp\/v2\/users\/2"}],"replies":[{"embeddable":true,"href":"https:\/\/www.europesays.com\/fr\/wp-json\/wp\/v2\/comments?post=377903"}],"version-history":[{"count":0,"href":"https:\/\/www.europesays.com\/fr\/wp-json\/wp\/v2\/posts\/377903\/revisions"}],"wp:featuredmedia":[{"embeddable":true,"href":"https:\/\/www.europesays.com\/fr\/wp-json\/wp\/v2\/media\/377904"}],"wp:attachment":[{"href":"https:\/\/www.europesays.com\/fr\/wp-json\/wp\/v2\/media?parent=377903"}],"wp:term":[{"taxonomy":"category","embeddable":true,"href":"https:\/\/www.europesays.com\/fr\/wp-json\/wp\/v2\/categories?post=377903"},{"taxonomy":"post_tag","embeddable":true,"href":"https:\/\/www.europesays.com\/fr\/wp-json\/wp\/v2\/tags?post=377903"}],"curies":[{"name":"wp","href":"https:\/\/api.w.org\/{rel}","templated":true}]}}