{"id":377905,"date":"2025-09-09T14:22:10","date_gmt":"2025-09-09T14:22:10","guid":{"rendered":"https:\/\/www.europesays.com\/fr\/377905\/"},"modified":"2025-09-09T14:22:10","modified_gmt":"2025-09-09T14:22:10","slug":"le-grand-marche-hebdomadaire-de-sanary-est-annule-ce-mercredi","status":"publish","type":"post","link":"https:\/\/www.europesays.com\/fr\/377905\/","title":{"rendered":"Le grand march\u00e9 hebdomadaire de Sanary est annul\u00e9 ce mercredi"},"content":{"rendered":"<p>Cette d\u00e9cision est prise afin d\u2019\u00e9viter les perturbations li\u00e9es \u00e0 cette journ\u00e9e de mobilisation et de pr\u00e9server une circulation fluide aux abords du centre-ville.<\/p>\n<p>Le march\u00e9 hebdomadaire reprendra son rythme d\u00e8s la semaine prochaine, avec une partie des commer\u00e7ants d\u00e9plac\u00e9s temporairement sur l\u2019aire des festivit\u00e9s (entr\u00e9e du parking de l\u2019Esplanade), le temps des travaux en cours sur les all\u00e9es d\u2019Estienne d\u2019Orves<\/p>\n","protected":false},"excerpt":{"rendered":"Cette d\u00e9cision est prise afin d\u2019\u00e9viter les perturbations li\u00e9es \u00e0 cette journ\u00e9e de mobilisation et de pr\u00e9server une&hellip;\n","protected":false},"author":2,"featured_media":377906,"comment_status":"","ping_status":"","sticky":false,"template":"","format":"standard","meta":{"footnotes":""},"categories":[9619],"tags":[1111,11,1777,674,1011,27,12,882,25,2310,3366],"class_list":{"0":"post-377905","1":"post","2":"type-post","3":"status-publish","4":"format-standard","5":"has-post-thumbnail","7":"category-toulon","8":"tag-actu","9":"tag-actualites","10":"tag-eu","11":"tag-europe","12":"tag-fr","13":"tag-france","14":"tag-news","15":"tag-provence-alpes-cote-dazur","16":"tag-republique-francaise","17":"tag-toulon","18":"tag-vie-locale"},"share_on_mastodon":{"url":"https:\/\/pubeurope.com\/@fr\/115174793257004911","error":""},"_links":{"self":[{"href":"https:\/\/www.europesays.com\/fr\/wp-json\/wp\/v2\/posts\/377905","targetHints":{"allow":["GET"]}}],"collection":[{"href":"https:\/\/www.europesays.com\/fr\/wp-json\/wp\/v2\/posts"}],"about":[{"href":"https:\/\/www.europesays.com\/fr\/wp-json\/wp\/v2\/types\/post"}],"author":[{"embeddable":true,"href":"https:\/\/www.europesays.com\/fr\/wp-json\/wp\/v2\/users\/2"}],"replies":[{"embeddable":true,"href":"https:\/\/www.europesays.com\/fr\/wp-json\/wp\/v2\/comments?post=377905"}],"version-history":[{"count":0,"href":"https:\/\/www.europesays.com\/fr\/wp-json\/wp\/v2\/posts\/377905\/revisions"}],"wp:featuredmedia":[{"embeddable":true,"href":"https:\/\/www.europesays.com\/fr\/wp-json\/wp\/v2\/media\/377906"}],"wp:attachment":[{"href":"https:\/\/www.europesays.com\/fr\/wp-json\/wp\/v2\/media?parent=377905"}],"wp:term":[{"taxonomy":"category","embeddable":true,"href":"https:\/\/www.europesays.com\/fr\/wp-json\/wp\/v2\/categories?post=377905"},{"taxonomy":"post_tag","embeddable":true,"href":"https:\/\/www.europesays.com\/fr\/wp-json\/wp\/v2\/tags?post=377905"}],"curies":[{"name":"wp","href":"https:\/\/api.w.org\/{rel}","templated":true}]}}