{"id":377909,"date":"2025-09-09T14:24:11","date_gmt":"2025-09-09T14:24:11","guid":{"rendered":"https:\/\/www.europesays.com\/fr\/377909\/"},"modified":"2025-09-09T14:24:11","modified_gmt":"2025-09-09T14:24:11","slug":"la-place-max-rouquette-inauguree-a-montpellier-lors-des-journees-du-patrimoine","status":"publish","type":"post","link":"https:\/\/www.europesays.com\/fr\/377909\/","title":{"rendered":"La place Max-Rouquette inaugur\u00e9e \u00e0 Montpellier lors des Journ\u00e9es du patrimoine"},"content":{"rendered":"<p>\n                                                                L\u2019ancien parking situ\u00e9 dans le quartier des Arceaux, au pied de la promenade royale du Peyrou a \u00e9t\u00e9 transfigur\u00e9 apr\u00e8s plusieurs mois de travaux.\n                            <\/p>\n<p>Avec la fin des travaux, la place Max Rouquette doit \u00eatre inaugur\u00e9e le samedi 20\u00a0septembre, lors des Journ\u00e9es europ\u00e9ennes du patrimoine. \u00c0 cette occasion, un programme a \u00e9t\u00e9 pr\u00e9par\u00e9 pour courir sur l\u2019ensemble du week-end.<\/p>\n<p>Inauguration diurne mais aussi nocturne<\/p>\n<p>Le samedi, d\u00e8s 11\u00a0h, c\u00e9r\u00e9monie inaugurale. Lors de celle-ci se d\u00e9roulera une danse participative de et avec la chor\u00e9graphe Muriel Piqu\u00e9, accompagn\u00e9e par le duo de musiciens occitans Fages-Lhubac. Un buffet r\u00e9publicain sera offert \u00e0 l\u2019issue.<\/p>\n<p>\u00c0 10\u00a0h, 15\u00a0h et 16\u00a0h\u00a030 une visite du site sera organis\u00e9e pour d\u00e9couvrir les nouveaux espaces, nouvelles plantations, partis pris architecturaux (inscriptions en ligne sur jep.montpellier.fr).<\/p>\n<p>\u00c0 14\u00a0h\u00a0: sieste sonore \u201cbrass\u00e9e de po\u00e8mes \u00e0 l\u2019ombre d\u2019un fr\u00eane\u201d avec la chanteuse, altiste et guitariste Cylis\u00e9e. L\u2019artiste interpr\u00e9tera des po\u00e8mes de Max Rouquette, accompagn\u00e9e de Goran Juresic au bouzouki, au pied de l\u2019aqueduc Saint-Cl\u00e9ment. De 15\u00a0h\u00a030-17\u00a0h se d\u00e9roulera une d\u00e9monstration de tambourin avec les membres du Sport Tambourin Club de Montpellier.<\/p>\n<p>\u00c0 17\u00a0h\u00a030, le groupe Camille en bal entra\u00eenera le public dans un bal original m\u00ealant chants traditionnels occitans et rythmes cubains. \u00c0 19\u00a0h, le groupe Raffut pr\u00e9sentera ses nouvelles cr\u00e9ations. Une invitation \u00e0 danser au son de musiques populaires actuelles, chant\u00e9es en occitan, catalan, fran\u00e7ais et portugais.<\/p>\n<p>\u00c0 partir de 21\u00a0h, inauguration de la mise en lumi\u00e8re du lieu.<br \/>Des textes et des dessins d\u2019Aymeric Reumaux inspir\u00e9s de l\u2019univers de Max Rouquette illumineront les piliers de l\u2019aqueduc.<\/p>\n<p>Initiation au tambourin, aux danses traditionnelles et conf\u00e9rence autour<br \/>de l\u2019univers de Rouquette<\/p>\n<p>Dimanche (10\u00a0h) aura lieu une conf\u00e9rence gesticul\u00e9e. Soit une lecture \u00ab\u00a0en espace\u00a0\u00bb\u00a0autour du th\u00e9\u00e2tre de Max Rouquette, de son chef-d\u2019\u0153uvre Medelha avec la compagnie R\u00eaves du 22\u00a0mars. Et de 11\u00a0h \u00e0, les plus sportifs pourront s\u2019initier au tambourin. Ou aux danses traditionnelles, de 15\u00a0h \u00e016h, avec l\u2019association La Garriga. Dans l\u2019\u00c9cusson enfin, \u00e0 10\u00a0h et 14\u00a0h, le samedi et le dimanche, seront organis\u00e9es des visites autour de l\u2019univers de Max Rouquette. Une balade litt\u00e9raire in\u00e9dite sur les traces du m\u00e9decin, \u00e9crivain et occitaniste (sur inscription\u00a0: www.billetweb.fr\/journees-europeennes-du-patrimoine-2025).<\/p>\n","protected":false},"excerpt":{"rendered":"L\u2019ancien parking situ\u00e9 dans le quartier des Arceaux, au pied de la promenade royale du Peyrou a \u00e9t\u00e9&hellip;\n","protected":false},"author":2,"featured_media":377910,"comment_status":"","ping_status":"","sticky":false,"template":"","format":"standard","meta":{"footnotes":""},"categories":[9599],"tags":[1111,11,1777,674,1011,27,2208,12,2680,25],"class_list":{"0":"post-377909","1":"post","2":"type-post","3":"status-publish","4":"format-standard","5":"has-post-thumbnail","7":"category-montpellier","8":"tag-actu","9":"tag-actualites","10":"tag-eu","11":"tag-europe","12":"tag-fr","13":"tag-france","14":"tag-montpellier","15":"tag-news","16":"tag-occitanie","17":"tag-republique-francaise"},"share_on_mastodon":{"url":"","error":""},"_links":{"self":[{"href":"https:\/\/www.europesays.com\/fr\/wp-json\/wp\/v2\/posts\/377909","targetHints":{"allow":["GET"]}}],"collection":[{"href":"https:\/\/www.europesays.com\/fr\/wp-json\/wp\/v2\/posts"}],"about":[{"href":"https:\/\/www.europesays.com\/fr\/wp-json\/wp\/v2\/types\/post"}],"author":[{"embeddable":true,"href":"https:\/\/www.europesays.com\/fr\/wp-json\/wp\/v2\/users\/2"}],"replies":[{"embeddable":true,"href":"https:\/\/www.europesays.com\/fr\/wp-json\/wp\/v2\/comments?post=377909"}],"version-history":[{"count":0,"href":"https:\/\/www.europesays.com\/fr\/wp-json\/wp\/v2\/posts\/377909\/revisions"}],"wp:featuredmedia":[{"embeddable":true,"href":"https:\/\/www.europesays.com\/fr\/wp-json\/wp\/v2\/media\/377910"}],"wp:attachment":[{"href":"https:\/\/www.europesays.com\/fr\/wp-json\/wp\/v2\/media?parent=377909"}],"wp:term":[{"taxonomy":"category","embeddable":true,"href":"https:\/\/www.europesays.com\/fr\/wp-json\/wp\/v2\/categories?post=377909"},{"taxonomy":"post_tag","embeddable":true,"href":"https:\/\/www.europesays.com\/fr\/wp-json\/wp\/v2\/tags?post=377909"}],"curies":[{"name":"wp","href":"https:\/\/api.w.org\/{rel}","templated":true}]}}