{"id":377911,"date":"2025-09-09T14:25:11","date_gmt":"2025-09-09T14:25:11","guid":{"rendered":"https:\/\/www.europesays.com\/fr\/377911\/"},"modified":"2025-09-09T14:25:11","modified_gmt":"2025-09-09T14:25:11","slug":"bloquons-tout-on-se-tient-prets-mais-on-ne-sait-pas-a-quoi-les-commercants-de-montpellier-sur-leurs-gardes","status":"publish","type":"post","link":"https:\/\/www.europesays.com\/fr\/377911\/","title":{"rendered":"Bloquons tout\u00a0: \u00ab\u00a0On se tient pr\u00eats, mais on ne sait pas \u00e0 quoi\u2026\u00a0\u00bb, les commer\u00e7ants de Montpellier sur leurs gardes"},"content":{"rendered":"<p>\n                                                                Le mouvement horizontal et sans leaders identifi\u00e9s \u00ab\u00a0Bloquons tout\u00a0\u00bb, qui appelle \u00e0 des actions ce mercredi 10\u00a0septembre \u00e0 Montpellier comme partout en France, r\u00e9active craintes et mauvais souvenirs chez certains commer\u00e7ants montpelli\u00e9rains.\n                            <\/p>\n<p>\u00ab\u00a0C\u2019est l\u2019incertitude la plus totale. Le fait qu\u2019il n\u2019y ait aucune organisation syndicale \u00e0 la man\u0153uvre ne nous rassure pas vraiment. Disons que l\u2019on se tient pr\u00eat, mais on ne sait pas \u00e0 quoi\u2026\u00a0\u00bb\u00a0Dr\u00f4le de sentiment dans les rangs des commer\u00e7ants montpelli\u00e9rains, \u00e0 la veille de la premi\u00e8re grande mobilisation du mouvement \u00ab\u00a0Bloquons tout\u00a0\u00bb, ce mercredi 10\u00a0septembre.<\/p>\n<p>Dans la Grand-Rue Jean-Moulin, on ne veut pas c\u00e9der \u00e0 la psychose face au risque hypoth\u00e9tique de d\u00e9bordements, en marge du rassemblement pr\u00e9vu \u00e0 11\u00a0h place de la Com\u00e9die. Mais on prend quand m\u00eame quelques dispositions. \u00ab\u00a0On a sensibilis\u00e9 nos \u00e9quipes, pour qu\u2019elles soient r\u00e9actives et ferment temporairement les portes du magasin en cas de probl\u00e8me, indique une directrice de boutique. Mais on n\u2019est pas plus inquiets que \u00e7a. Calfeutrer la vitrine n\u2019a jamais \u00e9t\u00e9 un sujet pour nous, puisqu\u2019on n\u2019a jamais \u00e9t\u00e9 pris pour cible auparavant\u00a0\u00bb.<\/p>\n<p>Le \u00ab\u00a0souvenir des gilets jaunes\u00a0\u00bb<\/p>\n<p>D\u2019autres sont un peu moins sereins. \u00ab\u00a0Le souvenir des gilets jaunes ne s\u2019est pas effac\u00e9\u00a0\u00bb, glisse un commer\u00e7ant du centre-ville au moment de lever sa grille. Sur la devanture d\u2019une boutique de t\u00e9l\u00e9phonie du centre commercial du Triangle, de grands panneaux de bois ont fait leur apparition. Et certains cafetiers et restaurateurs de la place de la Com\u00e9die ne cachent pas leur inqui\u00e9tude.<\/p>\n<p>\u00ab\u00a0Les restaurants sont rarement vis\u00e9s directement, mais c\u2019est surtout la crainte que notre mobilier ne soit utilis\u00e9 si \u00e7a d\u00e9g\u00e9n\u00e8re. On va dresser les tables un peu diff\u00e9remment et laisser les parasols ferm\u00e9s, au cas o\u00f9. Et on acceptera les paiements par carte bancaire, car nos clients sont prioritaires, d\u00e9taille, sous couvert d\u2019anonymat, un restaurateur, faisant r\u00e9f\u00e9rence au mot d\u2019ordre lanc\u00e9 par le mouvement de ne pas utiliser ce moyen de paiement mercredi.\u00a0On s\u2019est m\u00eame interrog\u00e9s sur l\u2019emploi d\u2019un service de s\u00e9curit\u00e9 priv\u00e9, mais je pense que cela serait contreproductif en cas de probl\u00e8me grave. On va compter sur les pouvoirs publics et la pr\u00e9sence polici\u00e8re\u00a0!\u00a0\u00bb<\/p>\n<p>D\u2019autres, \u00e0 l\u2019instar de la Halle Tropisme et de son caf\u00e9, dans le secteur du parc Montcalm, ont d\u00e9cid\u00e9 de soutenir le mouvement \u00ab\u00a0Bloquons tout\u00a0\u00bb. \u00ab\u00a0En solidarit\u00e9 des mobilisations \u00e0 venir, le Caf\u00e9 Tropisme n\u2019ouvrira pas ses portes le 10\u00a0septembre.\u00a0Nous rejoignons ceux qui d\u00e9fendent une approche globale pour r\u00e9soudre les crises actuelles. Une approche qui int\u00e8gre pleinement les questions de partage \u00e9quitable de la valeur, de justice sociale, de protection de tous tout au long de la vie et de respect du vivant non humain\u00a0\u00bb, peut-on lire sur leurs r\u00e9seaux sociaux.<\/p>\n<p>    \u00ab\u00a0\u00c9viter les blocages\u00a0\u00bb<\/p>\n<p>Le pr\u00e9fet de l\u2019H\u00e9rault, Francois Xavier Lauch, s\u2019est refus\u00e9 ce mardi \u00e0 d\u00e9tailler les effectifs de police qui seront mobilis\u00e9s pour encadrer les manifestations \u00ab\u00a0Bloquons tout\u00a0\u00bb. Manifestations qui n\u2019ont fait l\u2019objet d\u2019aucune d\u00e9claration pr\u00e9alable en pr\u00e9fecture, \u00ab\u00a0et je le regrette. Je suis tr\u00e8s attach\u00e9 \u00e0 cette proc\u00e9dure. Mais ce que je peux dire, c\u2019est que nous ferons le n\u00e9cessaire pour \u00e9viter les blocages\u00a0\u00bb.\u00a0Des actions sont notamment annonc\u00e9es du c\u00f4t\u00e9 du rond-point des Pr\u00e9s d\u2019Ar\u00e8nes, sur l\u2019autoroute A709 ou \u00e0 l\u2019universit\u00e9 Paul-Val\u00e9ry.<\/p>\n","protected":false},"excerpt":{"rendered":"Le mouvement horizontal et sans leaders identifi\u00e9s \u00ab\u00a0Bloquons tout\u00a0\u00bb, qui appelle \u00e0 des actions ce mercredi 10\u00a0septembre \u00e0&hellip;\n","protected":false},"author":2,"featured_media":377912,"comment_status":"","ping_status":"","sticky":false,"template":"","format":"standard","meta":{"footnotes":""},"categories":[9599],"tags":[1111,11,1777,674,1011,27,2208,12,2680,25],"class_list":{"0":"post-377911","1":"post","2":"type-post","3":"status-publish","4":"format-standard","5":"has-post-thumbnail","7":"category-montpellier","8":"tag-actu","9":"tag-actualites","10":"tag-eu","11":"tag-europe","12":"tag-fr","13":"tag-france","14":"tag-montpellier","15":"tag-news","16":"tag-occitanie","17":"tag-republique-francaise"},"share_on_mastodon":{"url":"https:\/\/pubeurope.com\/@fr\/115174803034810878","error":""},"_links":{"self":[{"href":"https:\/\/www.europesays.com\/fr\/wp-json\/wp\/v2\/posts\/377911","targetHints":{"allow":["GET"]}}],"collection":[{"href":"https:\/\/www.europesays.com\/fr\/wp-json\/wp\/v2\/posts"}],"about":[{"href":"https:\/\/www.europesays.com\/fr\/wp-json\/wp\/v2\/types\/post"}],"author":[{"embeddable":true,"href":"https:\/\/www.europesays.com\/fr\/wp-json\/wp\/v2\/users\/2"}],"replies":[{"embeddable":true,"href":"https:\/\/www.europesays.com\/fr\/wp-json\/wp\/v2\/comments?post=377911"}],"version-history":[{"count":0,"href":"https:\/\/www.europesays.com\/fr\/wp-json\/wp\/v2\/posts\/377911\/revisions"}],"wp:featuredmedia":[{"embeddable":true,"href":"https:\/\/www.europesays.com\/fr\/wp-json\/wp\/v2\/media\/377912"}],"wp:attachment":[{"href":"https:\/\/www.europesays.com\/fr\/wp-json\/wp\/v2\/media?parent=377911"}],"wp:term":[{"taxonomy":"category","embeddable":true,"href":"https:\/\/www.europesays.com\/fr\/wp-json\/wp\/v2\/categories?post=377911"},{"taxonomy":"post_tag","embeddable":true,"href":"https:\/\/www.europesays.com\/fr\/wp-json\/wp\/v2\/tags?post=377911"}],"curies":[{"name":"wp","href":"https:\/\/api.w.org\/{rel}","templated":true}]}}