{"id":377913,"date":"2025-09-09T14:26:16","date_gmt":"2025-09-09T14:26:16","guid":{"rendered":"https:\/\/www.europesays.com\/fr\/377913\/"},"modified":"2025-09-09T14:26:16","modified_gmt":"2025-09-09T14:26:16","slug":"manifestations-transports-blocages-ce-qui-est-attendu-en-france-mercredi","status":"publish","type":"post","link":"https:\/\/www.europesays.com\/fr\/377913\/","title":{"rendered":"manifestations, transports, blocages\u2026 ce qui est attendu en France mercredi"},"content":{"rendered":"<p>                          <img loading=\"lazy\" decoding=\"async\" src=\"https:\/\/www.europesays.com\/fr\/wp-content\/uploads\/2025\/09\/ac3b29b_upload-1-bla0g9tycwan-raf-pars-04-09-25-009.JPG\" alt=\"Une affiche de mobilisation pour le mouvement Bloquons tout, \u00e0 Paris, le 4\u00a0septembre 2025.\"   width=\"664\" height=\"443\"\/>    Une affiche de mobilisation pour le mouvement Bloquons tout, \u00e0 Paris, le 4\u00a0septembre 2025.  RAFAEL YAGHOBZADEH POUR \u00ab\u00a0LE MONDE\u00a0\u00bb                        <\/p>\n<p class=\"article__paragraph  \">Des centaines d\u2019actions en Ile-de-France et en r\u00e9gions, des m\u00e9tropoles aux petites villes, sont pr\u00e9vues pour le mouvement Bloquons tout du mercredi 10\u00a0septembre, dont l\u2019ampleur reste ind\u00e9termin\u00e9e. Quelque \u00ab\u00a080\u00a0000 gendarmes et policiers\u00a0\u00bb seront mobilis\u00e9s, a annonc\u00e9 lundi soir le ministre de l\u2019int\u00e9rieur, Bruno Retailleau, pr\u00e9venant qu\u2019\u00ab\u00a0aucune violence\u00a0\u00bb ne serait tol\u00e9r\u00e9e.<\/p>\n<p>                                          Lire aussi |  Article r\u00e9serv\u00e9 \u00e0 nos abonn\u00e9s  <a href=\"https:\/\/www.lemonde.fr\/economie\/article\/2025\/09\/03\/blocages-du-10-septembre-pourquoi-une-greve-massive-est-incertaine-malgre-une-profonde-colere_6638502_3234.html\" class=\"js-article-read-also catcher--favoris__link\" data-premium=\"1\" id=\"article-title-3436264\" rel=\"nofollow noopener\" target=\"_blank\">Mouvement du 10 septembre\u00a0: pourquoi une gr\u00e8ve massive est incertaine, malgr\u00e9 une profonde col\u00e8re<\/a>    <\/p>\n<p>   Lire plus tard  <\/p>\n<p class=\"article__paragraph  \">Le pr\u00e9fet de police de Paris, Laurent Nu\u00f1ez, a, de son c\u00f4t\u00e9, expliqu\u00e9 mardi matin <a href=\"https:\/\/www.lemonde.fr\/politique\/article\/2025\/09\/09\/mobilisation-du-10-septembre-laurent-nunez-s-attend-a-des-actions-plutot-dures-et-affirme-qu-aucune-degradation-ni-blocage-ne-seront-toleres_6640106_823448.html\" rel=\"nofollow noopener\" target=\"_blank\">s\u2019attendre \u00e0 des \u00ab\u00a0actions coups de poing\u00a0\u00bb<\/a>, des blocages voire des sabotages, mais ne pas penser \u00ab\u00a0que ce mouvement mobilise[rait] la soci\u00e9t\u00e9 civile\u00a0\u00bb.<\/p>\n<p>                  D\u00e9fil\u00e9s et rassemblements syndicaux                  <\/p>\n<p class=\"article__paragraph  \">Plusieurs responsables de la CGT seront rassembl\u00e9s, mercredi d\u00e8s 9\u00a0h\u00a030, devant le minist\u00e8re du travail, \u00e0 Paris. De premiers cort\u00e8ges sont pr\u00e9vus \u00e0 Rennes et Nantes d\u00e8s 11\u00a0heures.<\/p>\n<p class=\"article__paragraph  \">Les responsables syndicaux des unions d\u00e9partementales parisiennes (de la CGT, de FSU, de Solidaires) se sont, eux, donn\u00e9 rendez-vous \u00e0 13\u00a0heures dans le centre de la capitale, place du Ch\u00e2telet. Des collectifs de sans-papiers ont \u00e9galement appel\u00e9 \u00e0 participer au mouvement avec la tenue d\u2019une assembl\u00e9e ouverte place de la R\u00e9publique \u00e0 partir de 11\u00a0heures.<\/p>\n<p class=\"article__paragraph  \">D\u2019autres rassemblements sont notamment pr\u00e9vus, \u00e0 11\u00a0heures \u00e0 Bordeaux, et \u00e0 14\u00a0h\u00a030 \u00e0 Toulouses.<\/p>\n<p>                                     Lire aussi |  Article r\u00e9serv\u00e9 \u00e0 nos abonn\u00e9s  <a href=\"https:\/\/www.lemonde.fr\/societe\/article\/2025\/09\/07\/qu-etes-vous-pret-a-faire-pour-changer-les-choses-de-l-ille-et-vilaine-au-puy-de-dome-dans-les-ag-du-mouvement-bloquons-tout_6639613_3224.html\" class=\"js-article-read-also catcher--favoris__link\" data-premium=\"1\" id=\"article-title-3436979\" rel=\"nofollow noopener\" target=\"_blank\">\u00ab\u00a0Qu\u2019\u00eates-vous pr\u00eat \u00e0 faire pour changer les choses\u00a0?\u00a0\u00bb\u00a0: dans les AG du mouvement Bloquons tout le 10\u00a0septembre<\/a>    <\/p>\n<p>   Lire plus tard  <\/p>\n<p>                        Transports                  <\/p>\n<p class=\"article__paragraph  \">Les Intercit\u00e9s, les RER et les Transilien seront plus affect\u00e9s que les TGV, les m\u00e9tros, les tramways ou les bus parisiens. Des perturbations sont \u00e0 pr\u00e9voir sur certaines lignes Intercit\u00e9s\u00a0: Paris &#8211; Clermont-Ferrand, Paris-Orl\u00e9ans-Limoges-Toulouse (POLT), Bordeaux-Marseille, ainsi que sur les trains de nuit. La circulation des RER B devrait \u00eatre perturb\u00e9e, au moins dans sa partie sud, exploit\u00e9e par la RATP. Le trafic sera aussi \u00ab\u00a0tr\u00e8s fortement perturb\u00e9\u00a0\u00bb sur le RER\u00a0D et le Transilien\u00a0R, \u00ab\u00a0fortement perturb\u00e9\u00a0\u00bb sur le RER\u00a0C et les Transilien\u00a0K, N, U et H, \u00ab\u00a0perturb\u00e9\u00a0\u00bb sur le RER\u00a0E et sur la ligne\u00a0L, et \u00ab\u00a0l\u00e9g\u00e8rement perturb\u00e9\u00a0\u00bb sur la ligne\u00a0P.<\/p>\n<p class=\"article__paragraph  \">A la SNCF, deux des quatre syndicats repr\u00e9sentatifs des salari\u00e9s, la CGT et SUD, ont appel\u00e9 \u00e0 cesser le travail. Tous les TGV circuleront normalement, qu\u2019il s\u2019agisse des InOui, des Ouigo ou des trains transfrontaliers. Dans la matin\u00e9e, plusieurs assembl\u00e9es g\u00e9n\u00e9rales se tiendront dans les gares parisiennes (gare du Nord et gare de Lyon).<\/p>\n<p class=\"article__paragraph  \">Du c\u00f4t\u00e9 du transport a\u00e9rien, la direction g\u00e9n\u00e9rale de l\u2019aviation civile (DGAC) pr\u00e9voit des perturbations et des retards \u00ab\u00a0sur l\u2019ensemble des a\u00e9roports fran\u00e7ais\u00a0\u00bb.<\/p>\n<p class=\"article__paragraph  \">A Paris, d\u00e8s minuit, dans la nuit de mardi \u00e0 mercredi, des militants pr\u00e9voient de bloquer plusieurs entr\u00e9es et sorties du p\u00e9riph\u00e9rique (portes de la Chapelle, de Bagnolet, de Montreuil, d\u2019Italie, d\u2019Orl\u00e9ans, notamment) et de poursuivre leurs blocages dans la matin\u00e9e. Dans l\u2019Ouest, les citoyens mobilis\u00e9s se donnent rendez-vous d\u00e8s 6\u00a0heures dans la perspective de bloquer les rocades de Rennes et de Nantes. Des actions similaires ou des barrages filtrants sont \u00e9galement annonc\u00e9s dans les boucles de messagerie \u00e0 Brest, Vannes ou Caen.<\/p>\n<p>                                     Lire aussi |  <a href=\"https:\/\/www.lemonde.fr\/economie\/article\/2025\/09\/08\/greve-du-10-septembre-trafic-normal-des-tgv-et-du-metro-perturbe-pour-les-intercites-et-certains-trains-regionaux_6640005_3234.html\" class=\"js-article-read-also catcher--favoris__link\" data-premium=\"\" id=\"article-title-3437194\" rel=\"nofollow noopener\" target=\"_blank\">Gr\u00e8ve du 10\u00a0septembre\u00a0: trafic normal des TGV et du m\u00e9tro, perturb\u00e9 pour les Intercit\u00e9s et certains trains r\u00e9gionaux<\/a>    <\/p>\n<p>   Lire plus tard  <\/p>\n<p>                        Sites industriels et plateformes logistiques                  <\/p>\n<p class=\"article__paragraph  \">Commerces, raffineries, h\u00f4pitaux, \u00e9boueurs, usines\u2026 De nombreux salari\u00e9s ont pr\u00e9vu de bloquer des entreprises. Ainsi, le g\u00e9ant Amazon pourrait \u00eatre perturb\u00e9 par un piquet de gr\u00e8ve sur le site de Br\u00e9tigny-sur-Orge (Essonne). A Dunkerque, une gr\u00e8ve est pr\u00e9vue chez ArcelorMittal, qui a annonc\u00e9 ces derniers mois un important plan de licenciements.<\/p>\n<p> Newsletter  <\/p>\n<p> <a href=\"https:\/\/www.lemonde.fr\/newsletters\/politique\/\" class=\"inread__link js-services-inread-link\" target=\"_blank\" rel=\"nofollow noopener\">  <\/p>\n<p>\u00ab Politique \u00bb<\/p>\n<p>Chaque semaine, \u00ab Le Monde \u00bb analyse pour vous les enjeux de l&rsquo;actualit\u00e9 politique<\/p>\n<p>S&rsquo;inscrire<\/p>\n<p> <\/a>             <\/p>\n<p class=\"article__paragraph  \">Les salari\u00e9s des raffineries de Gonfreville-l\u2019Orcher (Seine-Maritime), de Donges (Loire-Atlantique) et de Feyzin (Rh\u00f4ne), toutes trois exploit\u00e9es par TotalEnergies, sont appel\u00e9s \u00ab\u00a0\u00e0 cesser le travail le 10\u00a0\u00bb, a d\u00e9clar\u00e9 \u00e0 l\u2019Agence France-Presse (AFP) Eric Sellini (CGT).<\/p>\n<p class=\"article__paragraph  \">En Seine-Maritime, la CGT appelle \u00e9galement \u00ab\u00a0les salari\u00e9s du secteur de l\u2019\u00e9nergie et les retrait\u00e9s, que ce soit EDF ou prestataires\u00a0\u00bb, \u00e0 rejoindre le piquet de gr\u00e8ve pr\u00e8s de la centrale nucl\u00e9aire de Paluel. Au sud de Rouen, l\u2019usine Amp\u00e8re de Renault sera \u00e9galement en gr\u00e8ve.<\/p>\n<p class=\"article__paragraph  \">A l\u2019appel de la CGT, les \u00e9boueurs se mobiliseront avec au moins une quinzaine de pr\u00e9avis de gr\u00e8ve dans diverses r\u00e9gions de France, \u00ab\u00a0principalement dans les zones rurales\u00a0\u00bb.<\/p>\n<p>                                     Lire aussi |  Article r\u00e9serv\u00e9 \u00e0 nos abonn\u00e9s  <a href=\"https:\/\/www.lemonde.fr\/economie\/article\/2025\/09\/05\/mouvement-du-10-septembre-cheminots-raffineurs-eboueurs-repondent-en-ordre-disperse-a-l-appel-citoyen-a-tout-bloquer_6638990_3234.html\" class=\"js-article-read-also catcher--favoris__link\" data-premium=\"1\" id=\"article-title-3436652\" rel=\"nofollow noopener\" target=\"_blank\">Mouvement du 10\u00a0septembre\u00a0: cheminots, raffineurs, \u00e9boueurs r\u00e9pondent en ordre dispers\u00e9 \u00e0 l\u2019appel \u00ab\u00a0citoyen\u00a0\u00bb \u00e0 \u00ab\u00a0tout bloquer\u00a0\u00bb<\/a>    <\/p>\n<p>   Lire plus tard  <\/p>\n<p>                        Etudiants et lyc\u00e9ens                  <\/p>\n<p class=\"article__paragraph  \">La direction de Sciences Po a annonc\u00e9 que ses sites \u00e0 Paris et dans les r\u00e9gions resteraient ferm\u00e9s mercredi, avec des enseignements assur\u00e9s \u00e0 distance.<\/p>\n<p class=\"article__paragraph  \">Pr\u00e8s de 30\u00a0universit\u00e9s fran\u00e7aises organisent mardi \u00e0 la mi-journ\u00e9e des assembl\u00e9es g\u00e9n\u00e9rales pour d\u00e9cider de leurs actions, mercredi. A Paris, les universit\u00e9s Paris-I Panth\u00e9on-Sorbonne, Paris Cit\u00e9, Paris-III, Paris-VIII, notamment, seront rassembl\u00e9es en AG sur leurs campus, avant une intersyndicale plus large pr\u00e9vue \u00e0 Jussieu.<\/p>\n<p class=\"article__paragraph  \">C\u00f4t\u00e9 lyc\u00e9es, \u00ab\u00a0on doit prendre part \u00e0 ce mouvement social, parce qu\u2019on est les premiers et les premi\u00e8res concern\u00e9s par le budget\u00a0: on est quand m\u00eame les futurs citoyens de la France\u00a0\u00bb, explique la pr\u00e9sidente de l\u2019Union syndicale lyc\u00e9enne, Sofia Tizaoui, premier syndicat lyc\u00e9en, qui a appel\u00e9 au blocage des lyc\u00e9es.<\/p>\n<p class=\"author__detail\">  Le Monde avec AFP  <\/p>\n<p>                  <a href=\"https:\/\/www.lemonde.fr\/syndication\/\" class=\"reuse__content\" title=\"R\u00e9utiliser ce contenu\" target=\"_blank\" rel=\"nofollow noopener\">R\u00e9utiliser ce contenu<\/a>      <\/p>\n","protected":false},"excerpt":{"rendered":"Une affiche de mobilisation pour le mouvement Bloquons tout, \u00e0 Paris, le 4\u00a0septembre 2025. RAFAEL YAGHOBZADEH POUR \u00ab\u00a0LE&hellip;\n","protected":false},"author":2,"featured_media":377914,"comment_status":"","ping_status":"","sticky":false,"template":"","format":"standard","meta":{"footnotes":""},"categories":[9587],"tags":[1111,11,1777,674,1011,27,12,5161,25,9590],"class_list":{"0":"post-377913","1":"post","2":"type-post","3":"status-publish","4":"format-standard","5":"has-post-thumbnail","7":"category-rouen","8":"tag-actu","9":"tag-actualites","10":"tag-eu","11":"tag-europe","12":"tag-fr","13":"tag-france","14":"tag-news","15":"tag-normandie","16":"tag-republique-francaise","17":"tag-rouen"},"share_on_mastodon":{"url":"https:\/\/pubeurope.com\/@fr\/115174806922083650","error":""},"_links":{"self":[{"href":"https:\/\/www.europesays.com\/fr\/wp-json\/wp\/v2\/posts\/377913","targetHints":{"allow":["GET"]}}],"collection":[{"href":"https:\/\/www.europesays.com\/fr\/wp-json\/wp\/v2\/posts"}],"about":[{"href":"https:\/\/www.europesays.com\/fr\/wp-json\/wp\/v2\/types\/post"}],"author":[{"embeddable":true,"href":"https:\/\/www.europesays.com\/fr\/wp-json\/wp\/v2\/users\/2"}],"replies":[{"embeddable":true,"href":"https:\/\/www.europesays.com\/fr\/wp-json\/wp\/v2\/comments?post=377913"}],"version-history":[{"count":0,"href":"https:\/\/www.europesays.com\/fr\/wp-json\/wp\/v2\/posts\/377913\/revisions"}],"wp:featuredmedia":[{"embeddable":true,"href":"https:\/\/www.europesays.com\/fr\/wp-json\/wp\/v2\/media\/377914"}],"wp:attachment":[{"href":"https:\/\/www.europesays.com\/fr\/wp-json\/wp\/v2\/media?parent=377913"}],"wp:term":[{"taxonomy":"category","embeddable":true,"href":"https:\/\/www.europesays.com\/fr\/wp-json\/wp\/v2\/categories?post=377913"},{"taxonomy":"post_tag","embeddable":true,"href":"https:\/\/www.europesays.com\/fr\/wp-json\/wp\/v2\/tags?post=377913"}],"curies":[{"name":"wp","href":"https:\/\/api.w.org\/{rel}","templated":true}]}}