{"id":377917,"date":"2025-09-09T14:28:16","date_gmt":"2025-09-09T14:28:16","guid":{"rendered":"https:\/\/www.europesays.com\/fr\/377917\/"},"modified":"2025-09-09T14:28:16","modified_gmt":"2025-09-09T14:28:16","slug":"grenoble-scintil-photonics-leve-50-millions-deuros-et-attire-nvidia","status":"publish","type":"post","link":"https:\/\/www.europesays.com\/fr\/377917\/","title":{"rendered":"Grenoble. Scintil Photonics l\u00e8ve 50 millions d&rsquo;euros&#8230; et attire Nvidia"},"content":{"rendered":"<p><a href=\"https:\/\/www.ledauphine.com\/economie\/2022\/06\/22\/isere-scintil-photonics-leve-13-5-millions-d-euros\" target=\"_blank\" rel=\"noopener\">Deeptech issue du CEA-Leti, Scintil Photonics<\/a> se pr\u00e9sente comme un leader des technologies photoniques int\u00e9gr\u00e9es h\u00e9t\u00e9rog\u00e8nes pour les infrastructures d&rsquo;IA. Par communiqu\u00e9 de presse, l&rsquo;entreprise grenobloise n\u00e9e en 2018\u00a0vient\u00a0d&rsquo;annoncer\u00a0la cl\u00f4ture d&rsquo;un tour de table de s\u00e9rie B de 50 millions d&rsquo;euros, avec la participation notable\u00a0de Nvidia.<\/p>\n<p>\u201cCe tour de table, men\u00e9\u00a0par Yotta Capital Partners et NGP Capital,\u00a0comprend la participation nouvelle de BNP Paribas D\u00e9veloppement, aux c\u00f4t\u00e9s d&rsquo;investisseurs existants tels que Supernova Invest, Bpifrance Digital Venture, Innovacom, Bosch Ventures, Applied Ventures ITIC Innovation Fund (AVITIC)\u201d, liste le communiqu\u00e9 de presse.<\/p>\n<p>Acc\u00e9l\u00e9rer ses recrutements en France et \u00e0 l&rsquo;international, notamment aux \u00c9tats-Unis, augmenter la production et renforcer sa pr\u00e9sence internationale\u00a0sont les trois objectifs de cette lev\u00e9e cons\u00e9quente, selon le document.<\/p>\n<p>\u201cLes solutions de Scintil r\u00e9pondent aux exigences de bande passante \u00e9lev\u00e9e, de faible latence et de haute densit\u00e9 des infrastructures IA de nouvelle g\u00e9n\u00e9ration, offrant l&rsquo;\u00e9chelle, l&rsquo;efficacit\u00e9 et les performances requises pour les clusters GPU les plus puissants de demain.\u201d<\/p>\n<p>Cit\u00e9 dans le communiqu\u00e9, <a href=\"https:\/\/www.ledauphine.com\/economie\/2024\/11\/21\/matt-crowley-laura-le-pevedic-martin-haentjens-david-prinselaar-les-mouvements-du-jour\" target=\"_blank\" rel=\"noopener\">Matt Crowley, PDG arriv\u00e9 en novembre dernier<\/a>,\u00a0annonce : \u00ab Nous passons \u00e0 un d\u00e9ploiement \u00e0 grande \u00e9chelle.\u00a0Nous nous d\u00e9veloppons depuis notre base de Grenoble vers les march\u00e9s internationaux, y compris les \u00c9tats-Unis, afin de soutenir les usines IA les plus avanc\u00e9es au monde. [&#8230;]\u00a0\u00bb<\/p>\n<p>Sylvie Menezo, fondatrice et directrice technique de Scintil Photonics, assure : \u00ab\u00a0Nous avons d\u00e9velopp\u00e9 notre circuit int\u00e9gr\u00e9 LEAF Light\u2122 en \u00e9troite collaboration avec nos clients\u00a0[&#8230;] Il s&rsquo;agit d&rsquo;un composant cl\u00e9 pour la prochaine g\u00e9n\u00e9ration\u00a0des centres de donn\u00e9es IA. \u00bb\u00a0<\/p>\n","protected":false},"excerpt":{"rendered":"Deeptech issue du CEA-Leti, Scintil Photonics se pr\u00e9sente comme un leader des technologies photoniques int\u00e9gr\u00e9es h\u00e9t\u00e9rog\u00e8nes pour les&hellip;\n","protected":false},"author":2,"featured_media":377918,"comment_status":"","ping_status":"","sticky":false,"template":"","format":"standard","meta":{"footnotes":""},"categories":[9566],"tags":[1111,11,2430,9810,33,112,1777,674,107,1011,27,2731,2732,5015,108,12,25,20932],"class_list":{"0":"post-377917","1":"post","2":"type-post","3":"status-publish","4":"format-standard","5":"has-post-thumbnail","7":"category-grenoble","8":"tag-actu","9":"tag-actualites","10":"tag-auvergne-rhone-alpes","11":"tag-direct-entreprises","12":"tag-economie","13":"tag-edition-grenoble-agglomeration","14":"tag-eu","15":"tag-europe","16":"tag-fil-info","17":"tag-fr","18":"tag-france","19":"tag-grenoble","20":"tag-grenoble-bassin","21":"tag-innovation-et-start-up","22":"tag-isere","23":"tag-news","24":"tag-republique-francaise","25":"tag-tech-and-fest"},"share_on_mastodon":{"url":"https:\/\/pubeurope.com\/@fr\/115174814792559337","error":""},"_links":{"self":[{"href":"https:\/\/www.europesays.com\/fr\/wp-json\/wp\/v2\/posts\/377917","targetHints":{"allow":["GET"]}}],"collection":[{"href":"https:\/\/www.europesays.com\/fr\/wp-json\/wp\/v2\/posts"}],"about":[{"href":"https:\/\/www.europesays.com\/fr\/wp-json\/wp\/v2\/types\/post"}],"author":[{"embeddable":true,"href":"https:\/\/www.europesays.com\/fr\/wp-json\/wp\/v2\/users\/2"}],"replies":[{"embeddable":true,"href":"https:\/\/www.europesays.com\/fr\/wp-json\/wp\/v2\/comments?post=377917"}],"version-history":[{"count":0,"href":"https:\/\/www.europesays.com\/fr\/wp-json\/wp\/v2\/posts\/377917\/revisions"}],"wp:featuredmedia":[{"embeddable":true,"href":"https:\/\/www.europesays.com\/fr\/wp-json\/wp\/v2\/media\/377918"}],"wp:attachment":[{"href":"https:\/\/www.europesays.com\/fr\/wp-json\/wp\/v2\/media?parent=377917"}],"wp:term":[{"taxonomy":"category","embeddable":true,"href":"https:\/\/www.europesays.com\/fr\/wp-json\/wp\/v2\/categories?post=377917"},{"taxonomy":"post_tag","embeddable":true,"href":"https:\/\/www.europesays.com\/fr\/wp-json\/wp\/v2\/tags?post=377917"}],"curies":[{"name":"wp","href":"https:\/\/api.w.org\/{rel}","templated":true}]}}