{"id":377923,"date":"2025-09-09T14:31:16","date_gmt":"2025-09-09T14:31:16","guid":{"rendered":"https:\/\/www.europesays.com\/fr\/377923\/"},"modified":"2025-09-09T14:31:16","modified_gmt":"2025-09-09T14:31:16","slug":"esteban-lepaul-va-retrouver-lol","status":"publish","type":"post","link":"https:\/\/www.europesays.com\/fr\/377923\/","title":{"rendered":"Est\u00e9ban Lepaul va retrouver l&rsquo;OL"},"content":{"rendered":"<p>                            <img width=\"770\" height=\"433\" src=\"https:\/\/www.europesays.com\/fr\/wp-content\/uploads\/2025\/09\/Capture-decran-2025-09-09-143729-770x433.jpg\" class=\"attachment-article size-article wp-post-image\" alt=\"Est\u00e9ban Lepaul \u00e0 Rennes\" decoding=\"async\" fetchpriority=\"high\"  \/><\/p>\n<p>Est\u00e9ban Lepaul \u00e0 Rennes (@Stade Rennais)<\/p>\n<p>Pass\u00e9 par son centre de formation en 2015, Est\u00e9ban Lepaul va retrouver l&rsquo;OL ce dimanche sous les couleurs du Stade Rennais.<\/p>\n<p>Est\u00e9ban <strong>Lepaul <\/strong>et l&rsquo;OL, c&rsquo;est une histoire qui a d\u00e9but\u00e9 en 2015. Le natif <strong>d&rsquo;Auxerre <\/strong>avait rejoint le centre de formation de l&rsquo;Acad\u00e9mie lyonnaise. En cinq ans, l&rsquo;avant-centre joue avec la Youth League, les U19 et la r\u00e9serve. Mais sans parvenir \u00e0 passer l&rsquo;\u00e9tape au-dessus.<\/p>\n<p>Alors <a href=\"https:\/\/www.olympique-et-lyonnais.com\/ol-academie-comment-rebondir-lorsque-lon-nest-pas-conserve,191757.html\" rel=\"nofollow noopener\" target=\"_blank\">en 2020<\/a>, \u00e2g\u00e9 de 20 ans, il rejoint le <strong>SAS \u00c9pinal<\/strong>, en Nationale 2. En huit apparitions, il marquera cinq fois. Suffisant pour int\u00e9resser <strong>Orl\u00e9ans<\/strong>, en National, en 2021. En troisi\u00e8me division, il fait trembler les filets douze fois et d\u00e9livre deux passes d\u00e9cisives en 59 matchs et deux saisons.<\/p>\n<p>Il se fait un nom en National<\/p>\n<p>\u00c0 l&rsquo;issue de l&rsquo;exercice 2022-2023, il revient \u00e0 \u00c9pinal, fra\u00eechement promu en N1. Ann\u00e9e de la r\u00e9v\u00e9lation, il marque \u00e0 douze reprises en seize journ\u00e9es de championnat avec les Vosgiens. Alors meilleur r\u00e9alisateur, il attire les convoitises <strong>d&rsquo;Angers <\/strong>avec qui <strong>Lepaul<\/strong> paraphe un contrat en janvier 2024. <\/p>\n<p>Place \u00e0 la d\u00e9couverte de la Ligue 2. Fils du regrett\u00e9 footballeur Fabrice <strong>Lepaul<\/strong>, il tente de se frayer une place de titulaire pendant la deuxi\u00e8me partie de l&rsquo;exercice. La saison suivante, le SCO monte en Ligue 1 et le joueur de 25 ans, d\u00e9sormais titulaire, \u0153uvre au maintien du club dans l&rsquo;\u00e9lite fran\u00e7aise (neuf buts).<\/p>\n<p>Premier match et premier but avec Rennes<\/p>\n<p>Avec un march\u00e9 des 9 en perp\u00e9tuel mouvement, il \u00e9tait forc\u00e9ment convoit\u00e9 cet \u00e9t\u00e9. Mais avant de partir du Maine-et-Loire, il<strong> <\/strong>s&rsquo;est illustr\u00e9 une derni\u00e8re fois lors de la premi\u00e8re journ\u00e9e du championnat face au <strong>Paris FC <\/strong>(victoire 1-0). Il y a quelques semaines, c&rsquo;est <strong>Rennes <\/strong>qui a jet\u00e9 son d\u00e9volu sur l&rsquo;ancien Lyonnais. <\/p>\n<p>Il a rejoint la Bretagne pour un montant de 13,5 millions d&rsquo;euros. Clin d&rsquo;\u0153il du destin, Est\u00e9ban <strong>Lepaul <\/strong>a crois\u00e9 la route des Sco\u00efstes d\u00e8s la troisi\u00e8me journ\u00e9e lors de sa premi\u00e8re apparition avec les Bretons. Il avait d&rsquo;ailleurs marqu\u00e9 contre son ancienne \u00e9quipe pour un deuxi\u00e8me but d\u00e9j\u00e0 (1-1).<\/p>\n<p>Et afin de pousser les retrouvailles encore un peu plus, l&rsquo;attaquant retrouvera son club formateur <a href=\"https:\/\/www.olympique-et-lyonnais.com\/rennes-ol-avec-ruddy-buquet-aux-commandes,379099.html\" rel=\"nofollow noopener\" target=\"_blank\">ce dimanche \u00e0 20h45<\/a>. Il faudra s&rsquo;en m\u00e9fier, car Est\u00e9ban Lepaul est peut-\u00eatre l&rsquo;un des dangers num\u00e9ro un du Stade Rennais. Celui qui pourrait infliger le premier but de l&rsquo;OL. R\u00e9ponse le 14 septembre.<\/p>\n","protected":false},"excerpt":{"rendered":"Est\u00e9ban Lepaul \u00e0 Rennes (@Stade Rennais) Pass\u00e9 par son centre de formation en 2015, Est\u00e9ban Lepaul va retrouver&hellip;\n","protected":false},"author":2,"featured_media":377924,"comment_status":"","ping_status":"","sticky":false,"template":"","format":"standard","meta":{"footnotes":""},"categories":[2821],"tags":[1111,11,829,48875,1777,674,1011,27,12,241,584,25],"class_list":{"0":"post-377923","1":"post","2":"type-post","3":"status-publish","4":"format-standard","5":"has-post-thumbnail","7":"category-rennes","8":"tag-actu","9":"tag-actualites","10":"tag-bretagne","11":"tag-esteban-lepaul","12":"tag-eu","13":"tag-europe","14":"tag-fr","15":"tag-france","16":"tag-news","17":"tag-ol","18":"tag-rennes","19":"tag-republique-francaise"},"share_on_mastodon":{"url":"https:\/\/pubeurope.com\/@fr\/115174826613747558","error":""},"_links":{"self":[{"href":"https:\/\/www.europesays.com\/fr\/wp-json\/wp\/v2\/posts\/377923","targetHints":{"allow":["GET"]}}],"collection":[{"href":"https:\/\/www.europesays.com\/fr\/wp-json\/wp\/v2\/posts"}],"about":[{"href":"https:\/\/www.europesays.com\/fr\/wp-json\/wp\/v2\/types\/post"}],"author":[{"embeddable":true,"href":"https:\/\/www.europesays.com\/fr\/wp-json\/wp\/v2\/users\/2"}],"replies":[{"embeddable":true,"href":"https:\/\/www.europesays.com\/fr\/wp-json\/wp\/v2\/comments?post=377923"}],"version-history":[{"count":0,"href":"https:\/\/www.europesays.com\/fr\/wp-json\/wp\/v2\/posts\/377923\/revisions"}],"wp:featuredmedia":[{"embeddable":true,"href":"https:\/\/www.europesays.com\/fr\/wp-json\/wp\/v2\/media\/377924"}],"wp:attachment":[{"href":"https:\/\/www.europesays.com\/fr\/wp-json\/wp\/v2\/media?parent=377923"}],"wp:term":[{"taxonomy":"category","embeddable":true,"href":"https:\/\/www.europesays.com\/fr\/wp-json\/wp\/v2\/categories?post=377923"},{"taxonomy":"post_tag","embeddable":true,"href":"https:\/\/www.europesays.com\/fr\/wp-json\/wp\/v2\/tags?post=377923"}],"curies":[{"name":"wp","href":"https:\/\/api.w.org\/{rel}","templated":true}]}}