{"id":377929,"date":"2025-09-09T14:34:09","date_gmt":"2025-09-09T14:34:09","guid":{"rendered":"https:\/\/www.europesays.com\/fr\/377929\/"},"modified":"2025-09-09T14:34:09","modified_gmt":"2025-09-09T14:34:09","slug":"quels-impacts-sur-les-lignes-dazur-et-les-transports","status":"publish","type":"post","link":"https:\/\/www.europesays.com\/fr\/377929\/","title":{"rendered":"quels impacts sur les Lignes d&rsquo;Azur et les transports\u00a0?"},"content":{"rendered":"<p>            Par<br \/>\n        <strong><br \/>\n            <a href=\"https:\/\/actu.fr\/auteur\/ugo-maillard\" title=\"Consulter tous les articles de Ugo Maillard\" rel=\"nofollow noopener\" target=\"_blank\">Ugo Maillard<\/a><br \/>\n        <\/strong><\/p>\n<p>        Publi\u00e9 le<\/p>\n<p>            9 sept. 2025 \u00e0 12h02        <\/p>\n<p>Ce mercredi 10\u00a0septembre 2025, le mouvement citoyen \u00ab\u2009Bloquons tout\u2009\u00bb organise<strong> des rassemblements<\/strong> aux quatre coins de la France pour d\u00e9noncer la politique budg\u00e9taire du gouvernement. Dans les <a href=\"https:\/\/actu.fr\/provence-alpes-cote-d-azur\/alpes-maritimes_06\" rel=\"nofollow noopener\" target=\"_blank\">Alpes-Maritimes<\/a>, des perturbations sont attendues sur les axes routiers, \u00e0 <a href=\"https:\/\/actu.fr\/provence-alpes-cote-d-azur\/nice_06088\/10-septembre-a-nice-le-trafic-des-avions-lourdement-impacte-a-l-aeroport-de-nice_63133077.html\" rel=\"nofollow noopener\" target=\"_blank\">l\u2019a\u00e9roport<\/a> ou encore \u00e0 Nice o\u00f9 des manifestations sont pr\u00e9vues.<\/p>\n<p class=\" wall-content\">Les transports en commun sont-ils \u00e9galement impact\u00e9s\u2009? On fait le point sur Lignes d\u2019Azur, le r\u00e9seau de la m\u00e9tropole ni\u00e7oise.<\/p>\n<p>Aucune perturbation attendue<\/p>\n<p class=\" wall-content\">Selon la r\u00e9gie Lignes d\u2019Azur, <strong>aucun mouvement de gr\u00e8ve<\/strong> n\u2019est pr\u00e9vu sur le r\u00e9seau de bus et de tramways de la m\u00e9tropole de <a href=\"https:\/\/actu.fr\/nice\/\" rel=\"nofollow noopener\" target=\"_blank\">Nice<\/a>.<\/p>\n<p class=\" wall-content\">\u00c0 noter que des op\u00e9rations de blocage, non d\u00e9clar\u00e9es \u00e0 cette heure, pourraient localement perturber la circulation des trams. Sur le site indignons-nous.fr qui regroupe les mobilisations pour le 10 partout en France, un rassemblement est annonc\u00e9 sur la place Garibaldi \u00e0 14h.<\/p>\n<p>Un impact sur les liges de trains ?<\/p>\n<p>Le d\u00e9tail des perturbations sur les lignes de train en r\u00e9gion PACA sera disponible \u00e0 partir de 17h, ce mardi.<\/p>\n<p>Une perturbation en soir\u00e9e<\/p>\n<p class=\" wall-content\">Attention, une perturbation <strong>n\u2019\u00e9tant absolument pas li\u00e9e au mouvement social<\/strong> de ce mercredi est annonc\u00e9e sur le r\u00e9seau.<\/p>\n<p class=\" wall-content\">Dans le cadre des op\u00e9rations de rallongement des rames de la ligne 1, la circulation des trams est interrompue de 23h \u00e0 la fin de service. Des bus de substitution sont mis en place entre les arr\u00eats Henri Sappia et H\u00f4pital Pasteur. Le d\u00e9tail des perturbations est \u00e0 retrouver sur le <a href=\"https:\/\/www.lignesdazur.com\/perturbation\/22643\" rel=\"nofollow noopener\" target=\"_blank\">site<\/a> des Lignes d\u2019Azur.<\/p>\n<p class=\" wall-content\">Personnalisez votre actualit\u00e9 en ajoutant vos villes et m\u00e9dias en favori avec <a href=\"https:\/\/moncompte.actu.fr\" title=\"D\u00e9couvez Mon Actu\" rel=\"nofollow noopener\" data-trk=\"{&quot;cta&quot;:{&quot;action&quot;:&quot;https:\\\/\\\/moncompte.actu.fr&quot;,&quot;category&quot;:&quot;mon compte&quot;,&quot;from&quot;:&quot;article footer&quot;,&quot;name&quot;:&quot;Mon actu&quot;,&quot;type&quot;:&quot;cta&quot;}}\" target=\"_blank\">Mon Actu<\/a>.<\/p>\n","protected":false},"excerpt":{"rendered":"Par Ugo Maillard Publi\u00e9 le 9 sept. 2025 \u00e0 12h02 Ce mercredi 10\u00a0septembre 2025, le mouvement citoyen \u00ab\u2009Bloquons&hellip;\n","protected":false},"author":2,"featured_media":377930,"comment_status":"","ping_status":"","sticky":false,"template":"","format":"standard","meta":{"footnotes":""},"categories":[2819],"tags":[1111,11,1777,674,1011,27,14554,12,2401,882,25,104,2803],"class_list":{"0":"post-377929","1":"post","2":"type-post","3":"status-publish","4":"format-standard","5":"has-post-thumbnail","7":"category-nice","8":"tag-actu","9":"tag-actualites","10":"tag-eu","11":"tag-europe","12":"tag-fr","13":"tag-france","14":"tag-lignes-dazur","15":"tag-news","16":"tag-nice","17":"tag-provence-alpes-cote-dazur","18":"tag-republique-francaise","19":"tag-societe","20":"tag-transport"},"share_on_mastodon":{"url":"https:\/\/pubeurope.com\/@fr\/115174838440605517","error":""},"_links":{"self":[{"href":"https:\/\/www.europesays.com\/fr\/wp-json\/wp\/v2\/posts\/377929","targetHints":{"allow":["GET"]}}],"collection":[{"href":"https:\/\/www.europesays.com\/fr\/wp-json\/wp\/v2\/posts"}],"about":[{"href":"https:\/\/www.europesays.com\/fr\/wp-json\/wp\/v2\/types\/post"}],"author":[{"embeddable":true,"href":"https:\/\/www.europesays.com\/fr\/wp-json\/wp\/v2\/users\/2"}],"replies":[{"embeddable":true,"href":"https:\/\/www.europesays.com\/fr\/wp-json\/wp\/v2\/comments?post=377929"}],"version-history":[{"count":0,"href":"https:\/\/www.europesays.com\/fr\/wp-json\/wp\/v2\/posts\/377929\/revisions"}],"wp:featuredmedia":[{"embeddable":true,"href":"https:\/\/www.europesays.com\/fr\/wp-json\/wp\/v2\/media\/377930"}],"wp:attachment":[{"href":"https:\/\/www.europesays.com\/fr\/wp-json\/wp\/v2\/media?parent=377929"}],"wp:term":[{"taxonomy":"category","embeddable":true,"href":"https:\/\/www.europesays.com\/fr\/wp-json\/wp\/v2\/categories?post=377929"},{"taxonomy":"post_tag","embeddable":true,"href":"https:\/\/www.europesays.com\/fr\/wp-json\/wp\/v2\/tags?post=377929"}],"curies":[{"name":"wp","href":"https:\/\/api.w.org\/{rel}","templated":true}]}}