{"id":37794,"date":"2025-04-20T02:44:13","date_gmt":"2025-04-20T02:44:13","guid":{"rendered":"https:\/\/www.europesays.com\/fr\/37794\/"},"modified":"2025-04-20T02:44:13","modified_gmt":"2025-04-20T02:44:13","slug":"un-adolescent-de-17-ans-perd-trois-doigts-apres-avoir-manipule-un-mortier","status":"publish","type":"post","link":"https:\/\/www.europesays.com\/fr\/37794\/","title":{"rendered":"un adolescent de 17 ans perd trois doigts apr\u00e8s avoir manipul\u00e9 un mortier"},"content":{"rendered":"<p>            Par<br \/>\n        <strong><br \/>\n            <a href=\"https:\/\/actu.fr\/auteur\/antoine-grotteria02\" title=\"Consulter tous les articles de Antoine Grotteria\" target=\"_blank\" rel=\"noopener\">Antoine Grotteria<\/a><br \/>\n        <\/strong><\/p>\n<p>        Publi\u00e9 le<\/p>\n<p>            19 avr. 2025 \u00e0 18h10        <\/p>\n<p>Comment s\u2019est-il procur\u00e9 le mortier\u2009? Et comment a-t-il pu perdre le contr\u00f4le de l\u2019engin\u2009? Pour le moment, les questions se posent et les r\u00e9ponses manquent, apr\u00e8s qu\u2019un adolescent de 17\u00a0ans s\u2019est gravement <strong>bless\u00e9 \u00e0 une main <\/strong>apr\u00e8s avoir manipul\u00e9<strong> un mortier<\/strong>, ce vendredi 18\u00a0avril 2025, \u00e0 <a href=\"https:\/\/actu.fr\/ile-de-france\/choisy-le-roi_94022\" target=\"_blank\" rel=\"noopener\">Choisy-le-Roi<\/a>, dans le <a href=\"https:\/\/actu.fr\/ile-de-france\/val-de-marne_94\" target=\"_blank\" rel=\"noopener\">Val-de-Marne<\/a>, a appris actu Paris aupr\u00e8s du <a href=\"https:\/\/actu.fr\/tag\/tribunal-de-creteil\" target=\"_blank\" rel=\"noopener\">parquet de Cr\u00e9teil<\/a>.<\/p>\n<p>Le pronostic vital non engag\u00e9<\/p>\n<p class=\" wall-content\">D\u2019apr\u00e8s le minist\u00e8re public, une <strong>enqu\u00eate<\/strong> a \u00e9t\u00e9 ouverte et confi\u00e9e au commissariat de Choisy-le-Roi pour d\u00e9terminer \u00ab\u2009les conditions d\u2019acquisition ou de fabrication\u2009\u00bb et le \u00ab\u2009contexte dans lequel il a \u00e9t\u00e9 fait usage\u2009\u00bb.<\/p>\n<p class=\" wall-content\">De son c\u00f4t\u00e9, l\u2019adolescent a \u00e9t\u00e9 transport\u00e9 \u00e0 <strong>l\u2019h\u00f4pital Saint-Antoine<\/strong>, dans le 12e arrondissement de Paris, pour recevoir des soins urgents. En revanche, <strong>ses jours ne sont pas en danger<\/strong>.<\/p>\n<p class=\" wall-content\">Tr\u00e8s couramment employ\u00e9s lors des feux d\u2019artifice, les mortiers forment un tube en carton ou en fibre de verre permettant le lancement de projectiles. Selon le cadre r\u00e9glementaire, les engins de <strong>300\u00a0mm de diam\u00e8tre<\/strong> ne sont pas autoris\u00e9s \u00e0 la vente. Par ailleurs, les mineurs ne peuvent pas s\u2019en procurer. Et une <strong>habilitation<\/strong> est n\u00e9cessaire.<\/p>\n<p class=\" wall-content\">Suivez toute l\u2019actualit\u00e9 de vos villes et m\u00e9dias favoris en vous inscrivant \u00e0 <a href=\"https:\/\/moncompte.actu.fr\" title=\"D\u00e9couvez Mon Actu\" rel=\"nofollow noopener\" data-trk=\"{&quot;cta&quot;:{&quot;action&quot;:&quot;https:\\\/\\\/moncompte.actu.fr&quot;,&quot;category&quot;:&quot;mon compte&quot;,&quot;from&quot;:&quot;article footer&quot;,&quot;name&quot;:&quot;Mon actu&quot;,&quot;type&quot;:&quot;cta&quot;}}\" target=\"_blank\">Mon Actu<\/a>.<\/p>\n","protected":false},"excerpt":{"rendered":"Par Antoine Grotteria Publi\u00e9 le 19 avr. 2025 \u00e0 18h10 Comment s\u2019est-il procur\u00e9 le mortier\u2009? Et comment a-t-il&hellip;\n","protected":false},"author":2,"featured_media":37795,"comment_status":"","ping_status":"","sticky":false,"template":"","format":"standard","meta":{"footnotes":""},"categories":[1888],"tags":[1111,1928,11,1927,1777,674,118,1011,27,100,12,1926,626,1925,1072,25,4310],"class_list":{"0":"post-37794","1":"post","2":"type-post","3":"status-publish","4":"format-standard","5":"has-post-thumbnail","7":"category-paris","8":"tag-actu","9":"tag-actu-paris","10":"tag-actualites","11":"tag-actualites-paris","12":"tag-eu","13":"tag-europe","14":"tag-faits-divers","15":"tag-fr","16":"tag-france","17":"tag-hopital","18":"tag-news","19":"tag-news-paris","20":"tag-paris","21":"tag-paris-news","22":"tag-police","23":"tag-republique-francaise","24":"tag-tribunal-de-creteil"},"share_on_mastodon":{"url":"https:\/\/pubeurope.com\/@fr\/114367998432955089","error":""},"_links":{"self":[{"href":"https:\/\/www.europesays.com\/fr\/wp-json\/wp\/v2\/posts\/37794","targetHints":{"allow":["GET"]}}],"collection":[{"href":"https:\/\/www.europesays.com\/fr\/wp-json\/wp\/v2\/posts"}],"about":[{"href":"https:\/\/www.europesays.com\/fr\/wp-json\/wp\/v2\/types\/post"}],"author":[{"embeddable":true,"href":"https:\/\/www.europesays.com\/fr\/wp-json\/wp\/v2\/users\/2"}],"replies":[{"embeddable":true,"href":"https:\/\/www.europesays.com\/fr\/wp-json\/wp\/v2\/comments?post=37794"}],"version-history":[{"count":0,"href":"https:\/\/www.europesays.com\/fr\/wp-json\/wp\/v2\/posts\/37794\/revisions"}],"wp:featuredmedia":[{"embeddable":true,"href":"https:\/\/www.europesays.com\/fr\/wp-json\/wp\/v2\/media\/37795"}],"wp:attachment":[{"href":"https:\/\/www.europesays.com\/fr\/wp-json\/wp\/v2\/media?parent=37794"}],"wp:term":[{"taxonomy":"category","embeddable":true,"href":"https:\/\/www.europesays.com\/fr\/wp-json\/wp\/v2\/categories?post=37794"},{"taxonomy":"post_tag","embeddable":true,"href":"https:\/\/www.europesays.com\/fr\/wp-json\/wp\/v2\/tags?post=37794"}],"curies":[{"name":"wp","href":"https:\/\/api.w.org\/{rel}","templated":true}]}}