{"id":377954,"date":"2025-09-09T14:47:12","date_gmt":"2025-09-09T14:47:12","guid":{"rendered":"https:\/\/www.europesays.com\/fr\/377954\/"},"modified":"2025-09-09T14:47:12","modified_gmt":"2025-09-09T14:47:12","slug":"metropole-de-lyon-je-ne-sais-pas-si-bloquons-tout-va-changer-quelque-chose-mais-si-cest-pour-tout-casser-cest-pas-la-peine","status":"publish","type":"post","link":"https:\/\/www.europesays.com\/fr\/377954\/","title":{"rendered":"M\u00e9tropole de Lyon. \u00ab\u00a0Je ne sais pas si Bloquons tout va changer quelque chose, mais si c\u2019est pour tout casser, c\u2019est pas la peine\u00a0\u00bb"},"content":{"rendered":"<p>Bras dessus, bras dessous, les deux belles-s\u0153urs font le march\u00e9, mardi matin place Salengro \u00e0 Saint-Priest. Qu\u2019ont-elles pens\u00e9 de la chute de Bayrou, ent\u00e9rin\u00e9e la veille ? L\u2019une dit avoir suivi l\u2019actualit\u00e9, mais ne souhaite pas pousser plus avant. L\u2019autre non, mais elle a des choses \u00e0 dire. \u00c0 35 ans, cette San-Priote titulaire d\u2019un bac +5 en sciences politiques et relations internationales qui pr\u00e9f\u00e8re rester anonyme, regrette de \u00ab\u00a0ne pas pouvoir trouver de travail \u00e0 un salaire correct\u00a0\u00bb.<\/p>\n<p>\u00ab\u00a0Le d\u00e9part de Bayrou\u00a0? J\u2019en suis plut\u00f4t contente, mais je n\u2019esp\u00e8re plus rien de la droite ni de la gauche. Lorsqu\u2019on voit l\u2019actualit\u00e9 internationale, la part de la France, difficile&#8230;<\/p>\n","protected":false},"excerpt":{"rendered":"Bras dessus, bras dessous, les deux belles-s\u0153urs font le march\u00e9, mardi matin place Salengro \u00e0 Saint-Priest. Qu\u2019ont-elles pens\u00e9&hellip;\n","protected":false},"author":2,"featured_media":377955,"comment_status":"","ping_status":"","sticky":false,"template":"","format":"standard","meta":{"footnotes":""},"categories":[1889],"tags":[1111,11,2430,9671,3152,1777,674,107,1011,27,2428,12,316,25,2429,4605,4606,801,104],"class_list":{"0":"post-377954","1":"post","2":"type-post","3":"status-publish","4":"format-standard","5":"has-post-thumbnail","7":"category-lyon","8":"tag-actu","9":"tag-actualites","10":"tag-auvergne-rhone-alpes","11":"tag-conflit-social","12":"tag-edition-est-lyonnais","13":"tag-eu","14":"tag-europe","15":"tag-fil-info","16":"tag-fr","17":"tag-france","18":"tag-lyon","19":"tag-news","20":"tag-politique","21":"tag-republique-francaise","22":"tag-rhone","23":"tag-saint-priest","24":"tag-saint-priest-ville","25":"tag-social","26":"tag-societe"},"share_on_mastodon":{"url":"https:\/\/pubeurope.com\/@fr\/115174889524047754","error":""},"_links":{"self":[{"href":"https:\/\/www.europesays.com\/fr\/wp-json\/wp\/v2\/posts\/377954","targetHints":{"allow":["GET"]}}],"collection":[{"href":"https:\/\/www.europesays.com\/fr\/wp-json\/wp\/v2\/posts"}],"about":[{"href":"https:\/\/www.europesays.com\/fr\/wp-json\/wp\/v2\/types\/post"}],"author":[{"embeddable":true,"href":"https:\/\/www.europesays.com\/fr\/wp-json\/wp\/v2\/users\/2"}],"replies":[{"embeddable":true,"href":"https:\/\/www.europesays.com\/fr\/wp-json\/wp\/v2\/comments?post=377954"}],"version-history":[{"count":0,"href":"https:\/\/www.europesays.com\/fr\/wp-json\/wp\/v2\/posts\/377954\/revisions"}],"wp:featuredmedia":[{"embeddable":true,"href":"https:\/\/www.europesays.com\/fr\/wp-json\/wp\/v2\/media\/377955"}],"wp:attachment":[{"href":"https:\/\/www.europesays.com\/fr\/wp-json\/wp\/v2\/media?parent=377954"}],"wp:term":[{"taxonomy":"category","embeddable":true,"href":"https:\/\/www.europesays.com\/fr\/wp-json\/wp\/v2\/categories?post=377954"},{"taxonomy":"post_tag","embeddable":true,"href":"https:\/\/www.europesays.com\/fr\/wp-json\/wp\/v2\/tags?post=377954"}],"curies":[{"name":"wp","href":"https:\/\/api.w.org\/{rel}","templated":true}]}}