{"id":377958,"date":"2025-09-09T14:49:11","date_gmt":"2025-09-09T14:49:11","guid":{"rendered":"https:\/\/www.europesays.com\/fr\/377958\/"},"modified":"2025-09-09T14:49:11","modified_gmt":"2025-09-09T14:49:11","slug":"vif-emoi-apres-la-decouverte-dau-moins-neuf-tetes-de-cochon-devant-des-mosquees-en-ile-de-france-actualites","status":"publish","type":"post","link":"https:\/\/www.europesays.com\/fr\/377958\/","title":{"rendered":"Vif \u00e9moi apr\u00e8s la d\u00e9couverte d&rsquo;au moins neuf t\u00eates de cochon devant des mosqu\u00e9es en Ile-de-France : Actualit\u00e9s"},"content":{"rendered":"<p class=\"lead \">\u00ab\u00a0Une nouvelle et triste \u00e9tape dans la mont\u00e9e de la haine antimusulmane\u00a0\u00bb: au moins neuf t\u00eates de cochon ont \u00e9t\u00e9 d\u00e9couvertes mardi matin devant des mosqu\u00e9es de la capitale et de la r\u00e9gion parisienne, suscitant des r\u00e9actions indign\u00e9es.<\/p>\n<p class=\"lead \">Ces t\u00eates de porc, animal consid\u00e9r\u00e9 comme impur par l&rsquo;islam, ont notamment \u00e9t\u00e9 d\u00e9couvertes sur la voie publique \u00e0 Paris, devant l&rsquo;entr\u00e9e de la mosqu\u00e9e Islah \u00e0 Montreuil (Seine-Saint-Denis), ainsi qu&rsquo;\u00e0 Montrouge,  Malakoff (Hauts-de-Seine) et Gentilly (Val-de-Marne).<\/p>\n<p class=\"lead \">A Paris, des t\u00eates ont \u00e9t\u00e9 d\u00e9couvertes, devant des mosqu\u00e9es des 15e, 18e et 20e arrondissement.<\/p>\n<p class=\"lead \">Plusieurs des t\u00eates de cochon \u00ab\u00a0supportaient une inscription +MACRON+ \u00e9crite \u00e0 l&rsquo;encre bleue\u00a0\u00bb, a pr\u00e9cis\u00e9 le parquet de Paris \u00e0 l&rsquo;AFP.<\/p>\n<p class=\"lead \">Au total, au moins neuf t\u00eates ont \u00e9t\u00e9 retrouv\u00e9es, \u00ab\u00a0quatre \u00e0 Paris et cinq en petite couronne\u00a0\u00bb, a d\u00e9taill\u00e9 le pr\u00e9fet de police de Paris Laurent Nu\u00f1ez, disant ne pas exclure \u00ab\u00a0qu&rsquo;on en d\u00e9couvre d&rsquo;autres\u00a0\u00bb.<\/p>\n<p class=\"lead \">Emmanuel Macron s&rsquo;est entretenu avec les repr\u00e9sentants de la communaut\u00e9 musulmane de Paris apr\u00e8s cette d\u00e9couverte et leur a exprim\u00e9 son \u00ab\u00a0soutien\u00a0\u00bb.<\/p>\n<p class=\"lead \">\u00ab\u00a0On ne peut s&#8217;emp\u00eacher de faire des rapprochements avec des actions pr\u00e9c\u00e9dentes (&#8230;) dont il a \u00e9t\u00e9 av\u00e9r\u00e9 que c&rsquo;\u00e9tait des actions d&rsquo;ing\u00e9rence \u00e9trang\u00e8re\u00a0\u00bb, a fait valoir M. Nu\u00f1ez, appelant toutefois \u00e0 rester \u00ab\u00a0tr\u00e8s prudent\u00a0\u00bb.<\/p>\n<p class=\"lead \">Il faisait r\u00e9f\u00e9rence \u00e0 de pr\u00e9c\u00e9dentes affaires, attribu\u00e9es \u00e0 de possibles ing\u00e9rences \u00e9trang\u00e8res, dont les tags d&rsquo;\u00e9toiles de David dans Paris \u00e0 l&rsquo;automne 2023 ou de mains rouges sur le M\u00e9morial de la Shoah en mai 2024.<\/p>\n<p class=\"lead \">L&rsquo;enqu\u00eate pour provocation \u00e0 la haine aggrav\u00e9e par la discrimination en raison de l&rsquo;appartenance \u00e0 une race ou religion a \u00e9t\u00e9 confi\u00e9e \u00e0 la brigade criminelle de la pr\u00e9fecture de police de Paris, selon le parquet de la capitale, qui centralise les investigations.<\/p>\n<p class=\"lead \">Le recteur de la Grande mosqu\u00e9e de Paris Chems-eddine Hafiz a d\u00e9nonc\u00e9 \u00ab\u00a0une nouvelle et triste \u00e9tape dans la mont\u00e9e de la haine antimusulmane\u00a0\u00bb, appelant \u00ab\u00a0\u00e0 une prise de conscience et \u00e0 une solidarit\u00e9 nationale\u00a0\u00bb, apr\u00e8s s&rsquo;\u00eatre entretenu avec la ministre d\u00e9l\u00e9gu\u00e9e charg\u00e9e de la Lutte contre les discriminations Aurore Berg\u00e9.<\/p>\n<p class=\"lead \">Devant la mosqu\u00e9e de l&rsquo;Union des musulmans de Malakoff, Caroline (pr\u00e9nom modifi\u00e9) est venue d\u00e9poser un bouquet de trois roses blanches pour montrer son \u00ab\u00a0soutien et (s)a solidarit\u00e9\u00a0\u00bb, bien qu&rsquo;elle ne se consid\u00e8re \u00ab\u00a0pas croyante\u00a0\u00bb. <\/p>\n<p class=\"lead \">\u00ab\u00a0Les gens ne devraient pas avoir \u00e0 cacher leur foi, en tout cas c&rsquo;est pas ce qu&rsquo;on m&rsquo;a appris de la la\u00efcit\u00e9 quand j&rsquo;\u00e9tais \u00e0 l&rsquo;\u00e9cole\u00a0\u00bb, estime l&rsquo;ancienne directrice d&rsquo;association de 40 ans.<\/p>\n<p class=\"lead \">&#8211; Hausse des actes anti-musulmans &#8211;<\/p>\n<p class=\"lead \">A Paris, la maire PS Anne Hidalgo a condamn\u00e9 des \u00ab\u00a0actes racistes\u00a0\u00bb et a assur\u00e9 de sa \u00ab\u00a0solidarit\u00e9 avec la communaut\u00e9 musulmane\u00a0\u00bb, pr\u00e9cisant que la Ville avait saisi la justice.<\/p>\n<p class=\"lead \">A la mosqu\u00e9e Islah de Montreuil, les fid\u00e8les se rassemblent par petits groupes avant d&rsquo;entrer dans la salle de pri\u00e8re. \u00ab\u00a0On est de plus en plus inquiets\u00a0\u00bb, d\u00e9clare Issa Doukour\u00e9, habitu\u00e9 des lieux, pointant des \u00ab\u00a0actes de haine qui continuent \u00e0 s&rsquo;intensifier\u00a0\u00bb.<\/p>\n<p class=\"lead \">\u00ab\u00a0On reste sereins, on ne se laisse pas trop impressionner par \u00e7a\u00a0\u00bb, soutient de son c\u00f4t\u00e9 Haider Rassool, vice-pr\u00e9sident de la mosqu\u00e9e.  <\/p>\n<p class=\"lead \">L&rsquo;\u00e9dile de la ville, Patrice Bessac (PCF), s&rsquo;est rendu sur place avant la pri\u00e8re de 13H30 pour \u00ab\u00a0t\u00e9moigner de (s)on amiti\u00e9\u00a0\u00bb aux fid\u00e8les, d\u00e9non\u00e7ant \u00ab\u00a0une provocation islamophobe\u00a0\u00bb dans cette commune o\u00f9 deux lieux ont \u00e9t\u00e9 vis\u00e9s.<\/p>\n<p class=\"lead \">\u00ab\u00a0C&rsquo;est la premi\u00e8re fois que l&rsquo;on a un acte aussi ignoble et l\u00e2che\u00a0\u00bb \u00e0 Gentilly, a d\u00e9clar\u00e9 \u00e0 l\u2019AFP le maire de la ville Fatah Aggoune (apparent\u00e9 PCF), condamnant des \u00ab\u00a0pratiques abjectes\u00a0\u00bb visant \u00e0 \u00ab\u00a0diviser\u00a0\u00bb.<\/p>\n<p class=\"lead \">La ville de Malakoff (PCF) a \u00e9galement condamn\u00e9 \u00ab\u00a0cet acte islamophobe\u00a0\u00bb et rappel\u00e9 \u00ab\u00a0son attachement aux valeurs de vivre-ensemble et de fraternit\u00e9\u00a0\u00bb.<\/p>\n<p class=\"lead \">De son c\u00f4t\u00e9, le ministre de l&rsquo;Int\u00e9rieur Bruno Retailleau (LR) a fait part de son \u00ab\u00a0indignation\u00a0\u00bb face \u00e0 \u00ab\u00a0cette sorte de profanation\u00a0\u00bb. <\/p>\n<p class=\"lead \">Le s\u00e9nateur de Paris Ian Brossat (PCF) a condamn\u00e9 des actes visant \u00ab\u00a0\u00e0 intimider, \u00e0 humilier et \u00e0 nourrir la haine contre nos concitoyens musulmans\u00a0\u00bb.<\/p>\n<p class=\"lead \">\u00ab\u00a0Cela fait des mois qu&rsquo;on alerte, et nous ne sommes pas entendus\u00a0\u00bb, a affirm\u00e9 \u00e0 l&rsquo;AFP Bassirou Camara, le pr\u00e9sident de l&rsquo;Addam (association de d\u00e9fense contre les discriminations et les actes antimusulmans), demandant une \u00ab\u00a0r\u00e9action forte\u00a0\u00bb des autorit\u00e9s. <\/p>\n<p class=\"lead \">L&rsquo;association SOS Racisme a alert\u00e9 sur des \u00ab\u00a0discours stigmatisants qui se banalisent dans l&rsquo;espace public\u00a0\u00bb et \u00ab\u00a0l\u00e9gitiment des passages \u00e0 l\u2019acte\u00a0\u00bb, rappelant l&rsquo;assassinat d&rsquo;un jeune malien, Aboubakar Ciss\u00e9, au sein de la mosqu\u00e9e de La Grand-Combe (Gard) en avril 2025. <\/p>\n<p class=\"lead \">Les actes antimusulmans enregistr\u00e9s en France sur la p\u00e9riode janvier-mai 2025 ont augment\u00e9 de 75% par rapport \u00e0 2024, avec un triplement des atteintes aux personnes, selon des chiffres du minist\u00e8re de l&rsquo;Int\u00e9rieur de juillet.<\/p>\n<p class=\"lead \">La France compte entre cinq et six millions de musulmans pratiquants et non-pratiquants, ce qui fait de l&rsquo;islam la deuxi\u00e8me religion du pays et de la communaut\u00e9 musulmane fran\u00e7aise la premi\u00e8re en Europe. <\/p>\n","protected":false},"excerpt":{"rendered":"\u00ab\u00a0Une nouvelle et triste \u00e9tape dans la mont\u00e9e de la haine antimusulmane\u00a0\u00bb: au moins neuf t\u00eates de cochon&hellip;\n","protected":false},"author":2,"featured_media":377959,"comment_status":"","ping_status":"","sticky":false,"template":"","format":"standard","meta":{"footnotes":""},"categories":[1592],"tags":[1111,11,1769,1777,674,1011,27,662,12,626,1072,4020,25],"class_list":{"0":"post-377958","1":"post","2":"type-post","3":"status-publish","4":"format-standard","5":"has-post-thumbnail","7":"category-ile-de-france","8":"tag-actu","9":"tag-actualites","10":"tag-enqute","11":"tag-eu","12":"tag-europe","13":"tag-fr","14":"tag-france","15":"tag-ile-de-france","16":"tag-news","17":"tag-paris","18":"tag-police","19":"tag-religion","20":"tag-republique-francaise"},"share_on_mastodon":{"url":"https:\/\/pubeurope.com\/@fr\/115174897363200410","error":""},"_links":{"self":[{"href":"https:\/\/www.europesays.com\/fr\/wp-json\/wp\/v2\/posts\/377958","targetHints":{"allow":["GET"]}}],"collection":[{"href":"https:\/\/www.europesays.com\/fr\/wp-json\/wp\/v2\/posts"}],"about":[{"href":"https:\/\/www.europesays.com\/fr\/wp-json\/wp\/v2\/types\/post"}],"author":[{"embeddable":true,"href":"https:\/\/www.europesays.com\/fr\/wp-json\/wp\/v2\/users\/2"}],"replies":[{"embeddable":true,"href":"https:\/\/www.europesays.com\/fr\/wp-json\/wp\/v2\/comments?post=377958"}],"version-history":[{"count":0,"href":"https:\/\/www.europesays.com\/fr\/wp-json\/wp\/v2\/posts\/377958\/revisions"}],"wp:featuredmedia":[{"embeddable":true,"href":"https:\/\/www.europesays.com\/fr\/wp-json\/wp\/v2\/media\/377959"}],"wp:attachment":[{"href":"https:\/\/www.europesays.com\/fr\/wp-json\/wp\/v2\/media?parent=377958"}],"wp:term":[{"taxonomy":"category","embeddable":true,"href":"https:\/\/www.europesays.com\/fr\/wp-json\/wp\/v2\/categories?post=377958"},{"taxonomy":"post_tag","embeddable":true,"href":"https:\/\/www.europesays.com\/fr\/wp-json\/wp\/v2\/tags?post=377958"}],"curies":[{"name":"wp","href":"https:\/\/api.w.org\/{rel}","templated":true}]}}