{"id":377960,"date":"2025-09-09T14:50:11","date_gmt":"2025-09-09T14:50:11","guid":{"rendered":"https:\/\/www.europesays.com\/fr\/377960\/"},"modified":"2025-09-09T14:50:11","modified_gmt":"2025-09-09T14:50:11","slug":"direct-benyamin-netanyahou-affirme-quisrael-a-agi-de-maniere-independante-en-visant-des-responsables-du-hamas-au-qatar","status":"publish","type":"post","link":"https:\/\/www.europesays.com\/fr\/377960\/","title":{"rendered":"DIRECT. Benyamin N\u00e9tanyahou affirme qu&rsquo;Isra\u00ebl a agi \u00ab\u00a0de mani\u00e8re ind\u00e9pendante\u00a0\u00bb en visant des responsables du Hamas au Qatar"},"content":{"rendered":"<p>\u00ab\u00a0L&rsquo;action men\u00e9e [mardi] contre les principaux chefs terroristes du Hamas \u00e9tait une op\u00e9ration isra\u00e9lienne totalement ind\u00e9pendante\u00a0\u00bb, a r\u00e9agi <a href=\"https:\/\/x.com\/netanyahu\/status\/1965417269837602943\" target=\"_blank\" rel=\"noopener nofollow\">sur X<\/a> le cabinet du Premier ministre isra\u00e9lien, Benyamin N\u00e9tanyahou, apr\u00e8s <a href=\"https:\/\/www.franceinfo.fr\/monde\/proche-orient\/guerre\/guerre-au-proche-orient-des-explosions-entendues-a-doha-au-qatar-israel-affirme-avoir-frappe-de-hauts-responsables-du-hamas_7482541.html\" rel=\"nofollow noopener\" target=\"_blank\">les frappes qui ont vis\u00e9 des responsables du mouvement palestinien<\/a> \u00e0 Doha, au Qatar. \u00ab\u00a0Isra\u00ebl l&rsquo;a initi\u00e9e, Isra\u00ebl l&rsquo;a men\u00e9e et Isra\u00ebl en assume l&rsquo;enti\u00e8re responsabilit\u00e9\u00a0\u00bb, a aussi dit le cabinet du chef du gouvernement au sujet de cette op\u00e9ration. Suivez notre direct.<\/p>\n<p class=\"c-body__bullet\"><strong> Isra\u00ebl affirme avoir frapp\u00e9 \u00ab\u00a0de hauts responsables\u00a0\u00bb du Hamas.<\/strong> Plusieurs explosions ont \u00e9t\u00e9 ainsi entendues \u00e0 Doha, o\u00f9 r\u00e9sident les responsables du Hamas qui ont particip\u00e9 aux n\u00e9gociations sur un cessez-le-feu \u00e0 Gaza ces derniers mois.<\/p>\n<p class=\"c-body__bullet\"><strong> Le Qatar <\/strong><strong>condamne une attaque \u00ab\u00a0l\u00e2che\u00a0\u00bb.<\/strong> \u00ab\u00a0L&rsquo;Etat du Qatar condamne fermement l&rsquo;attaque l\u00e2che men\u00e9e par Isra\u00ebl qui a vis\u00e9 des immeubles r\u00e9sidentiels abritant plusieurs membres du bureau politique du Hamas\u00a0\u00bb, \u00e9crit le porte-parole du minist\u00e8re des Affaires \u00e9trang\u00e8res qatari, Majed al-Ansari, sur X.<\/p>\n<p class=\"c-body__bullet\"><strong> Le Hamas revendique l&rsquo;attaque meurtri\u00e8re \u00e0 J\u00e9rusalem-Est.<\/strong> \u00ab\u00a0Les Brigades al-Qassam revendiquent leur responsabilit\u00e9 dans l&rsquo;attaque par balles qui a eu lieu hier matin (&#8230;) pr\u00e8s du carrefour de la colonie de Ramot\u00a0\u00bb, affirme un communiqu\u00e9 de la branche arm\u00e9e du mouvement palestinien, au lendemain <a href=\"https:\/\/www.franceinfo.fr\/monde\/israel\/plusieurs-blesses-dans-une-attaque-commise-a-jerusalem-est-les-deux-assaillants-neutralises_7480138.html\" rel=\"nofollow noopener\" target=\"_blank\">de l&rsquo;attaque qui a fait six morts.<\/a><\/p>\n","protected":false},"excerpt":{"rendered":"\u00ab\u00a0L&rsquo;action men\u00e9e [mardi] contre les principaux chefs terroristes du Hamas \u00e9tait une op\u00e9ration isra\u00e9lienne totalement ind\u00e9pendante\u00a0\u00bb, a r\u00e9agi&hellip;\n","protected":false},"author":2,"featured_media":377961,"comment_status":"","ping_status":"","sticky":false,"template":"","format":"standard","meta":{"footnotes":""},"categories":[1888],"tags":[1111,1928,11,1927,1777,674,1011,27,12,1926,626,1925,25],"class_list":{"0":"post-377960","1":"post","2":"type-post","3":"status-publish","4":"format-standard","5":"has-post-thumbnail","7":"category-paris","8":"tag-actu","9":"tag-actu-paris","10":"tag-actualites","11":"tag-actualites-paris","12":"tag-eu","13":"tag-europe","14":"tag-fr","15":"tag-france","16":"tag-news","17":"tag-news-paris","18":"tag-paris","19":"tag-paris-news","20":"tag-republique-francaise"},"share_on_mastodon":{"url":"https:\/\/pubeurope.com\/@fr\/115174901318047098","error":""},"_links":{"self":[{"href":"https:\/\/www.europesays.com\/fr\/wp-json\/wp\/v2\/posts\/377960","targetHints":{"allow":["GET"]}}],"collection":[{"href":"https:\/\/www.europesays.com\/fr\/wp-json\/wp\/v2\/posts"}],"about":[{"href":"https:\/\/www.europesays.com\/fr\/wp-json\/wp\/v2\/types\/post"}],"author":[{"embeddable":true,"href":"https:\/\/www.europesays.com\/fr\/wp-json\/wp\/v2\/users\/2"}],"replies":[{"embeddable":true,"href":"https:\/\/www.europesays.com\/fr\/wp-json\/wp\/v2\/comments?post=377960"}],"version-history":[{"count":0,"href":"https:\/\/www.europesays.com\/fr\/wp-json\/wp\/v2\/posts\/377960\/revisions"}],"wp:featuredmedia":[{"embeddable":true,"href":"https:\/\/www.europesays.com\/fr\/wp-json\/wp\/v2\/media\/377961"}],"wp:attachment":[{"href":"https:\/\/www.europesays.com\/fr\/wp-json\/wp\/v2\/media?parent=377960"}],"wp:term":[{"taxonomy":"category","embeddable":true,"href":"https:\/\/www.europesays.com\/fr\/wp-json\/wp\/v2\/categories?post=377960"},{"taxonomy":"post_tag","embeddable":true,"href":"https:\/\/www.europesays.com\/fr\/wp-json\/wp\/v2\/tags?post=377960"}],"curies":[{"name":"wp","href":"https:\/\/api.w.org\/{rel}","templated":true}]}}