{"id":377966,"date":"2025-09-09T14:53:13","date_gmt":"2025-09-09T14:53:13","guid":{"rendered":"https:\/\/www.europesays.com\/fr\/377966\/"},"modified":"2025-09-09T14:53:13","modified_gmt":"2025-09-09T14:53:13","slug":"paris-design-week-a-aubervilliers-seine-saint-denis","status":"publish","type":"post","link":"https:\/\/www.europesays.com\/fr\/377966\/","title":{"rendered":"Paris Design Week \u00e0 Aubervilliers &#8211; Seine-Saint-Denis"},"content":{"rendered":"<p>Ici un sofa upcycl\u00e9 de cuir vert au dossier d\u00e9coup\u00e9, \u00e0 l\u2019assise rapi\u00e9c\u00e9e, d\u2019o\u00f9 sort un bras en tissus beige. A mi-chemin entre un objet sorti de terre pour un conte fantasmagorique et un canap\u00e9 anti-Friends sauv\u00e9 de la d\u00e9chetterie. Plus de 40 cr\u00e9atifs qui ont leurs ateliers \u00e0 Poush pr\u00e9sentent \u00e0 l\u2019occasion de Paris Design Week, l\u2019avant-garde arty du design : appliques, bancs, structures en b\u00e9ton, installation musicale\u2026 Un mobilier po\u00e9tique, sculptural, qui oscille entre l\u2019utile et l\u2019inutile.<\/p>\n<p>L\u00e0, une biblioth\u00e8que sans \u00e9tag\u00e8re o\u00f9 on ne peut rien poser. Un objet d\u2019o\u00f9 s\u2019\u00e9lancent 26 stalagmites transparentes, brillantes et pr\u00e9cieuses comme sculpt\u00e9es dans le verre. \u00ab\u00a0Cette pi\u00e8ce a \u00e9t\u00e9 con\u00e7ue \u00e0 plusieurs mains lors d\u2019une r\u00e9sidence avec des \u00e9tudiants et un lyc\u00e9e pro \u00e0 Tiers. Chaque \u00e9l\u00e8ve a fait une bouteille. Je leur ai transmis la technique. Je voulais montrer chacun des parcours scolaires, pris par les \u00e9l\u00e8ves dans leur vie.\u00a0\u00bb explique son cr\u00e9ateur l\u2019artiste Max Fouchy. Reli\u00e9es entre elles, par des joints en PMMA, du plexiglas plein, ces bouteilles plastiques basiques prennent la forme d\u2019amphores ancestrales, \u00ab\u00a0comme un hommage \u00e0 un pass\u00e9 glorieux\u00a0\u00bb.<\/p>\n<p><img loading=\"lazy\" aria-describedby=\"caption-attachment-28771\" decoding=\"async\" class=\"wp-image-28771\" src=\"https:\/\/www.europesays.com\/fr\/wp-content\/uploads\/2025\/09\/copie-de-dscf3601-200x300.jpg\" alt=\"\" width=\"740\" height=\"1110\"  \/><\/p>\n<p id=\"caption-attachment-28771\" class=\"wp-caption-text\">A l\u2019arri\u00e8re-plan, Tiles 1 et Tiles 2 deux appliques de la s\u00e9rie White Noise r\u00e9alis\u00e9es par Thomas Lelouch et Cl\u00e9mence Mars en 2025, (pl\u00e2tre cir\u00e9, LED).<\/p>\n<p>Avec son lustre XXL con\u00e7u en pl\u00e2tre poli sur lame d\u2019acier et sa table sculpturale en deux parties, on nage dans un univers \u00e0 la fois surr\u00e9aliste, Alien et sensuel. \u00ab\u00a0C\u2019est un vrai entre deux, c\u2019est quelque chose qui \u00e9merge de plus en plus en ce moment cette envie de vivre avec des sculptures qui s\u2019int\u00e8grent dans un int\u00e9rieur sans que ce soit des pi\u00e8ces de mus\u00e9e sur pi\u00e9destal mais quelque chose dans lequel on habite.\u00a0\u00bb rappelle Thomas Lelouch qui a pr\u00e9c\u00e9demment pr\u00e9sent\u00e9 ses White Noise, lors de Maison &amp; Objet In the City 2025. Un travail men\u00e9 avec l\u2019artiste Cl\u00e9mence Mars, elle aussi r\u00e9sidente \u00e0 Poush.<\/p>\n<p><img aria-describedby=\"caption-attachment-28772\" loading=\"lazy\" decoding=\"async\" class=\"wp-image-28772\" src=\"https:\/\/www.europesays.com\/fr\/wp-content\/uploads\/2025\/09\/copie-de-dscf3624-300x200.jpg\" alt=\"\" width=\"743\" height=\"495\"  \/><\/p>\n<p id=\"caption-attachment-28772\" class=\"wp-caption-text\">Au centre de l\u2019image, Fear in a generous field r\u00e9alis\u00e9 par Eliott Paquet en 2025 (Ch\u00eane, Noyer, cuir, feutre et quincaillerie)<\/p>\n<p>Eliott Paquet, lui, n\u2019est pas r\u00e9sident \u00e0 Poush mais il y expose r\u00e9guli\u00e8rement. Sous la grande Coupole, ses objets de bois, notamment ses sabots, figurent comme un clin d\u2019\u0153il \u00e0 Gepetto. Pour Fear in a generous field, un chapeau de cuir prend vie avec sa fermeture \u00e9clair qui lui dessine une bouche et ses \u0153illets, deux yeux. La fourche en bois sur laquelle il prend la pose est pr\u00eate \u00e0 s\u2019\u00e9loigner \u00e0 petit pas comme dans un dessin anim\u00e9. A ses c\u00f4t\u00e9s, Attention (les Planches) o\u00f9 justement on trouve le portrait du \u00ab p\u00e8re \u00bb de Pinocchio dessin\u00e9 sur un morceau de cuir accroch\u00e9 \u00e0 un fant\u00f4me de bois.<\/p>\n<p>Max Fouchy, Thomas Lelouch, Cl\u00e9mence Mars et Eliott Paquet habitent et travaillent tous \u00e0 Aubervilliers. Eliott Paquet y a m\u00eame ouvert une galerie au 60 avenue de la Commune de Paris qu\u2019il a appel\u00e9 Placement produit.fr avec des visites sur rendez-vous.<\/p>\n<p>POUSH Design Week, exposition L\u2019utile et l\u2019agr\u00e9able, jusqu\u2019au 13 septembre.<br \/>\nDu mercredi au samedi, de 15h \u00e0 19h<br \/>\n153 Avenue Jean Jaur\u00e8s<br \/>93300 Aubervilliers<br \/>\n<strong>Cr\u00e9dit photo : Simon Jung<\/strong><\/p>\n","protected":false},"excerpt":{"rendered":"Ici un sofa upcycl\u00e9 de cuir vert au dossier d\u00e9coup\u00e9, \u00e0 l\u2019assise rapi\u00e9c\u00e9e, d\u2019o\u00f9 sort un bras en&hellip;\n","protected":false},"author":2,"featured_media":377967,"comment_status":"","ping_status":"","sticky":false,"template":"","format":"standard","meta":{"footnotes":""},"categories":[1888],"tags":[11,1777,674,1011,27,12,626,25],"class_list":{"0":"post-377966","1":"post","2":"type-post","3":"status-publish","4":"format-standard","5":"has-post-thumbnail","7":"category-paris","8":"tag-actualites","9":"tag-eu","10":"tag-europe","11":"tag-fr","12":"tag-france","13":"tag-news","14":"tag-paris","15":"tag-republique-francaise"},"share_on_mastodon":{"url":"https:\/\/pubeurope.com\/@fr\/115174913475874710","error":""},"_links":{"self":[{"href":"https:\/\/www.europesays.com\/fr\/wp-json\/wp\/v2\/posts\/377966","targetHints":{"allow":["GET"]}}],"collection":[{"href":"https:\/\/www.europesays.com\/fr\/wp-json\/wp\/v2\/posts"}],"about":[{"href":"https:\/\/www.europesays.com\/fr\/wp-json\/wp\/v2\/types\/post"}],"author":[{"embeddable":true,"href":"https:\/\/www.europesays.com\/fr\/wp-json\/wp\/v2\/users\/2"}],"replies":[{"embeddable":true,"href":"https:\/\/www.europesays.com\/fr\/wp-json\/wp\/v2\/comments?post=377966"}],"version-history":[{"count":0,"href":"https:\/\/www.europesays.com\/fr\/wp-json\/wp\/v2\/posts\/377966\/revisions"}],"wp:featuredmedia":[{"embeddable":true,"href":"https:\/\/www.europesays.com\/fr\/wp-json\/wp\/v2\/media\/377967"}],"wp:attachment":[{"href":"https:\/\/www.europesays.com\/fr\/wp-json\/wp\/v2\/media?parent=377966"}],"wp:term":[{"taxonomy":"category","embeddable":true,"href":"https:\/\/www.europesays.com\/fr\/wp-json\/wp\/v2\/categories?post=377966"},{"taxonomy":"post_tag","embeddable":true,"href":"https:\/\/www.europesays.com\/fr\/wp-json\/wp\/v2\/tags?post=377966"}],"curies":[{"name":"wp","href":"https:\/\/api.w.org\/{rel}","templated":true}]}}