{"id":377968,"date":"2025-09-09T14:54:12","date_gmt":"2025-09-09T14:54:12","guid":{"rendered":"https:\/\/www.europesays.com\/fr\/377968\/"},"modified":"2025-09-09T14:54:12","modified_gmt":"2025-09-09T14:54:12","slug":"invasion-russe-en-ukraine-le-concert-du-pianiste-pro-poutine-a-athenes-annule","status":"publish","type":"post","link":"https:\/\/www.europesays.com\/fr\/377968\/","title":{"rendered":"Invasion russe en Ukraine : le concert du pianiste pro-Poutine \u00e0 Ath\u00e8nes annul\u00e9"},"content":{"rendered":"<p>          <img decoding=\"async\" class=\"c-ad__placeholder__logo\" src=\"https:\/\/static.euronews.com\/website\/images\/logos\/logo-euronews-stacked-outlined-72x72-grey-9.svg\" width=\"72\" height=\"72\" alt=\"\" loading=\"lazy\"\/><br \/>\n          PUBLICIT\u00c9<\/p>\n<p>L&rsquo;orchestre d&rsquo;\u00c9tat d&rsquo;Ath\u00e8nes a annonc\u00e9 l&rsquo;annulation du concert du c\u00e9l\u00e8bre pianiste russe Denis Matsou\u00efev. Ce natif cinquantenaire d&rsquo;Irkoutsk (Sib\u00e9rie) est connu pour ses relations amicales avec le pr\u00e9sident russe Vladimir Poutine et c&rsquo;est pour cette raison qu&rsquo;il s&rsquo;est vu \u00e0 r\u00e9p\u00e9titions interdire de se produire en Occident depuis l&rsquo;invasion russe de l&rsquo;Ukraine en 2022.<\/p>\n<p>En 2017, Denis Matsou\u00efev a publiquement <a href=\"https:\/\/myseldon.com\/ru\/news\/index\/176219272\" target=\"_blank\" rel=\"noreferrer nofollow noopener\">fait l&rsquo;\u00e9loge<\/a> du jeu pianistique de Vladimir Poutine avant sa rencontre avec le pr\u00e9sident chinois Xi Jinping \u00e0 P\u00e9kin. Le musicien de renomm\u00e9e mondiale a soulign\u00e9 que le pr\u00e9sident russe, qui joue r\u00e9guli\u00e8rement du piano lors de divers \u00e9v\u00e9nements, faisait \u00ab\u00a0des progr\u00e8s notables\u00a0\u00bb.<\/p>\n<p>En 2018, le pianiste a re\u00e7u de Vladimir Poutine l&rsquo;Ordre d&rsquo;honneur pour ses contributions au d\u00e9veloppement de la culture et des arts russes, mais en f\u00e9vrier 2022, son concert avec l&rsquo;Orchestre national de Vienne a \u00e9t\u00e9 annul\u00e9 en raison de l&rsquo;invasion de l&rsquo;Ukraine par la Russie. Depuis lors, Matsou\u00efev ne s&rsquo;est plus produit devant un public occidental.<\/p>\n<p>La d\u00e9claration de l&rsquo;Orchestre national d&rsquo;Ath\u00e8nes est la suivante :<\/p>\n<p>\u00ab\u00a0L&rsquo;Orchestre d&rsquo;\u00c9tat d&rsquo;Ath\u00e8nes, conform\u00e9ment \u00e0 son r\u00f4le institutionnel et \u00e0 son orientation de longue date vers la coop\u00e9ration internationale, informe le public que la participation pr\u00e9vue du pianiste Denis Matsou\u00efev au concert du 21 novembre au Concert Hall d&rsquo;Ath\u00e8nes n&rsquo;aura pas lieu.<\/p>\n<p>Par sa pr\u00e9sence de longue date, l&rsquo;Orchestre a servi l&rsquo;excellence artistique, ainsi que les valeurs de dialogue ouvert et de respect qui r\u00e9gissent la communaut\u00e9 culturelle europ\u00e9enne. Dans ce contexte, il choisit d&rsquo;ajuster sa programmation au regard du contexte international tr\u00e8s r\u00e9cent.<\/p>\n<p>Le concert se d\u00e9roulera comme d&rsquo;habitude avec la pr\u00e9sence d&rsquo;un autre soliste. Les d\u00e9tails concernant les d\u00e9tenteurs de billets seront annonc\u00e9s prochainement.<\/p>\n<p>Nous remercions le public pour sa compr\u00e9hension et la confiance qu&rsquo;il nous t\u00e9moigne\u00a0\u00bb.<\/p>\n<p>Matsou\u00efev, persona non grata en Occident&#8230; ainsi que Netrebko ou Gergiev<\/p>\n<p>En 2014, Denis Matsou\u00efev a sign\u00e9 une lettre ouverte en faveur de l&rsquo;annexion de la Crim\u00e9e, pr\u00e9cise <a href=\"https:\/\/www.svoboda.org\/a\/v-italii-otmenili-kontserty-pianista-matsueva-podderzhivayuschego-putina\/32261447.html\" target=\"_blank\" rel=\"noreferrer nofollow noopener\">RFERL<\/a>. Par la suite, il a exprim\u00e9 \u00e0 plusieurs reprises son approbation de la politique de Vladimir Poutine, notamment en ce qui concerne l&rsquo;Ukraine, et a fait partie du groupe d&rsquo;initiative pour la nomination de Poutine comme candidat \u00e0 l&rsquo;\u00e9lection pr\u00e9sidentielle de 2018 et du \u00ab\u00a0groupe de travail\u00a0\u00bb charg\u00e9 de pr\u00e9parer les amendements \u00e0 la Constitution russe. <\/p>\n<p>Apr\u00e8s le d\u00e9but de la guerre totale en Ukraine, le Fonds suisse Sergue\u00ef Rachmaninov a exclu Matsou\u00efev de son conseil. En Lettonie, il a \u00e9t\u00e9 officiellement d\u00e9clar\u00e9 persona non grata, tout comme plusieurs autres personnalit\u00e9s culturelles russes pro-Kremlin.<\/p>\n<p>En 2023, ses prestations annonc\u00e9es en Italie (le festival Pianistico \u00e0 Brescia et Bergame) ou Autriche (Konzerthaus de Vienne) ont \u00e9t\u00e9 annul\u00e9es, m\u00eame si les raisons pr\u00e9cises pour cela n&rsquo;ont pas \u00e9t\u00e9 annonc\u00e9es officiellement.<\/p>\n<p>Matsou\u00efev rejoint ainsi les rangs d&rsquo;autres artistes proches du locataire de Kremlin, bannis en Occident, comme la cantatrice Anna Netrebko, longtemps blackboul\u00e9e sur les sc\u00e8nes lyriques occidentales (m\u00eame si son retour est envisag\u00e9 \u00e0 Covent Garden londonien pour Tosca et Turandot de Puccini) ou le chef Valery Gergiev, tout r\u00e9cemment <a href=\"https:\/\/fr.euronews.com\/culture\/2025\/07\/21\/la-reggia-di-caserta-annule-le-concert-du-chef-dorchestre-pro-poutine-valery-gergiev\" rel=\"nofollow noopener\" target=\"_blank\"><strong>ray\u00e9 de l&rsquo;affiche du festival Un&rsquo;Estate da Re<\/strong><\/a> \u00e0 Caserte.* <\/p>\n","protected":false},"excerpt":{"rendered":"PUBLICIT\u00c9 L&rsquo;orchestre d&rsquo;\u00c9tat d&rsquo;Ath\u00e8nes a annonc\u00e9 l&rsquo;annulation du concert du c\u00e9l\u00e8bre pianiste russe Denis Matsou\u00efev. Ce natif cinquantenaire&hellip;\n","protected":false},"author":2,"featured_media":377969,"comment_status":"","ping_status":"","sticky":false,"template":"","format":"standard","meta":{"footnotes":""},"categories":[1591],"tags":[11,1887,8906,2025,873,12,1885,1886,132],"class_list":{"0":"post-377968","1":"post","2":"type-post","3":"status-publish","4":"format-standard","5":"has-post-thumbnail","7":"category-russie","8":"tag-actualites","9":"tag-federation-de-russie","10":"tag-grece","11":"tag-invasion-de-la-russie-en-ukraine","12":"tag-musique","13":"tag-news","14":"tag-russia","15":"tag-russian-federation","16":"tag-russie"},"share_on_mastodon":{"url":"https:\/\/pubeurope.com\/@fr\/115174917005202647","error":""},"_links":{"self":[{"href":"https:\/\/www.europesays.com\/fr\/wp-json\/wp\/v2\/posts\/377968","targetHints":{"allow":["GET"]}}],"collection":[{"href":"https:\/\/www.europesays.com\/fr\/wp-json\/wp\/v2\/posts"}],"about":[{"href":"https:\/\/www.europesays.com\/fr\/wp-json\/wp\/v2\/types\/post"}],"author":[{"embeddable":true,"href":"https:\/\/www.europesays.com\/fr\/wp-json\/wp\/v2\/users\/2"}],"replies":[{"embeddable":true,"href":"https:\/\/www.europesays.com\/fr\/wp-json\/wp\/v2\/comments?post=377968"}],"version-history":[{"count":0,"href":"https:\/\/www.europesays.com\/fr\/wp-json\/wp\/v2\/posts\/377968\/revisions"}],"wp:featuredmedia":[{"embeddable":true,"href":"https:\/\/www.europesays.com\/fr\/wp-json\/wp\/v2\/media\/377969"}],"wp:attachment":[{"href":"https:\/\/www.europesays.com\/fr\/wp-json\/wp\/v2\/media?parent=377968"}],"wp:term":[{"taxonomy":"category","embeddable":true,"href":"https:\/\/www.europesays.com\/fr\/wp-json\/wp\/v2\/categories?post=377968"},{"taxonomy":"post_tag","embeddable":true,"href":"https:\/\/www.europesays.com\/fr\/wp-json\/wp\/v2\/tags?post=377968"}],"curies":[{"name":"wp","href":"https:\/\/api.w.org\/{rel}","templated":true}]}}