{"id":377974,"date":"2025-09-09T14:57:11","date_gmt":"2025-09-09T14:57:11","guid":{"rendered":"https:\/\/www.europesays.com\/fr\/377974\/"},"modified":"2025-09-09T14:57:11","modified_gmt":"2025-09-09T14:57:11","slug":"starmer-fragilise-par-laffaire-rayner-reform-uk-et-les-conservateurs-en-embuscade","status":"publish","type":"post","link":"https:\/\/www.europesays.com\/fr\/377974\/","title":{"rendered":"Starmer fragilis\u00e9 par l\u2019affaire Rayner, Reform UK et les conservateurs en embuscade"},"content":{"rendered":"<p>Le suspense aura dur\u00e9 plusieurs jours, mais l&rsquo;issue \u00e9tait sans surprise\u00a0: la vice-Premi\u00e8re ministre du gouvernement, <a class=\"Link\" href=\"https:\/\/www.lepoint.fr\/monde\/royaume-uni-pourquoi-la-numero-deux-du-gouvernement-a-demissionne-05-09-2025-2597854_24.php\" title=\"\" data-gtm=\"click:capsule\" data-capsule=\"Lien\" target=\"_blank\" rel=\"noopener\">Angela Rayner, a remis\u00a0vendredi 5\u00a0septembre\u00a0sa d\u00e9mission \u00e0 Keir Starmer<\/a>. Une d\u00e9cision qui n&rsquo;en \u00e9tait pas vraiment une, tant la politicienne de 45\u00a0ans \u00e9tait sous pression depuis la fin ao\u00fbt apr\u00e8s les r\u00e9v\u00e9lations du quotidien britannique The Telegraph.<\/p>\n<p>La raison de son d\u00e9part forc\u00e9\u00a0? Elle n&rsquo;avait pas assez pay\u00e9 de taxes sur sa r\u00e9sidence secondaire situ\u00e9e dans le sud de l&rsquo;Angleterre. Elle a jur\u00e9 qu&rsquo;elle n&rsquo;avait fait qu&rsquo;appliquer les conseils du cabinet d&rsquo;avocats qu&rsquo;elle avait sollicit\u00e9. Le diff\u00e9rentiel \u00e9tait tout de m\u00eame de 40\u00a0000\u00a0livres (soit plus de 46\u00a0000\u00a0euros). Argument difficilement entendable de la part de la ministre, dont le principal portefeuille \u00e9tait celui du logement.<\/p>\n<p>Ce d\u00e9part a \u00e9t\u00e9 un vrai coup dur pour <a class=\"Link\" href=\"https:\/\/www.lepoint.fr\/tags\/keir-starmer\" data-gtm=\"click:capsule\" data-capsule=\"Lien\" target=\"_blank\" rel=\"noopener\">Keir Starmer<\/a>, qui lui avait renouvel\u00e9 sa confiance au moment des r\u00e9v\u00e9lations du scandale visant celle qui fut oblig\u00e9e de d\u00e9missionner de son poste de vice-pr\u00e9sidente du Parti travailliste. Dans sa lettre manuscrite \u00e0 son ex-bras droit, il s&rsquo;est dit \u00ab\u00a0tr\u00e8s triste de [la]\u00a0perdre\u00a0\u00bb, soulignant son \u00ab\u00a0admiration\u00a0\u00bb et son \u00ab\u00a0\u00e9norme respect\u00a0\u00bb pour son succ\u00e8s en politique.<\/p>\n<p>Grand remaniement<\/p>\n<p>Angela Rayner, 45\u00a0ans, \u00e9tait\u00a0une figure importante du gouvernement, non seulement de par ses responsabilit\u00e9s, mais aussi parce qu&rsquo;elle incarnait une forme d&rsquo;espoir pour de nombreux Britanniques. Elle a\u00a0grandi dans une famille pauvre et a quitt\u00e9 l&rsquo;\u00e9cole \u00e0 16\u00a0ans\u00a0sans dipl\u00f4me avant de devenir la premi\u00e8re femme d\u00e9put\u00e9e pour la circonscription du Grand Manchester en 2015.<\/p>\n<p>\u00c0 peine la d\u00e9mission d&rsquo;Angela Rayner remise, Keir Starmer a voulu prouver qu&rsquo;il avait toujours le contr\u00f4le et a proc\u00e9d\u00e9 dans l&rsquo;heure qui a suivi\u00a0\u00e0 un remaniement quasi total \u2013 seule la ministre de l&rsquo;\u00c9conomie a gard\u00e9 son portefeuille. Il a ainsi nomm\u00e9 David Lammy au poste de vice-Premier ministre, ce dernier laissant sa place \u00e0 Yvette Cooper au poste de ministre des Affaires \u00e9trang\u00e8res, elle-m\u00eame remplac\u00e9e par Shabana Mahmood au minist\u00e8re de l&rsquo;Int\u00e9rieur \u2013 elle est la\u00a0premi\u00e8re femme musulmane \u00e0 occuper ce poste.<\/p>\n<p>Mais les changements de personnel impos\u00e9s par le scandale ne correspondent gu\u00e8re \u00e0 l&rsquo;image d&rsquo;un Premier ministre qui avait jur\u00e9 vouloir appliquer une politique suppos\u00e9e r\u00e9gler les\u00a0dysfonctionnements des conservateurs incarn\u00e9s par Boris Johnson et Liz Truss. Et l&rsquo;affaire Angela Rayner aggrave le sentiment que Keir Starmer ne parvient pas \u00e0 tenir ses promesses \u00e9lectorales sur la transparence et l&rsquo;honn\u00eatet\u00e9 politiques. D\u00e8s le d\u00e9but, son mandat a \u00e9t\u00e9 entach\u00e9 par des soup\u00e7ons de \u00ab\u00a0corruption\u00a0\u00bb, certains ministres ayant d\u00fb expliquer pourquoi ils avaient accept\u00e9 des cadeaux, dont\u00a0des places pour le concert londonien de Taylor Swift l&rsquo;an dernier.<\/p>\n<p>Reform UK se frotte les mains<\/p>\n<p>Ce n&rsquo;est pas la premi\u00e8re d\u00e9mission forc\u00e9e du gouvernement, puisque trois autres ministres ont quitt\u00e9 leurs fonctions depuis l&rsquo;arriv\u00e9e au pouvoir des travaillistes. Louise Haigh, alors ministre des Transports, avait d\u00fb quitter son poste en novembre\u00a02024 apr\u00e8s que les m\u00e9dias The Times et Sky News ont r\u00e9v\u00e9l\u00e9 qu&rsquo;elle avait fait l&rsquo;objet d&rsquo;un sursis judiciaire pour avoir menti en\u00a02013\u00a0sur le vol de son t\u00e9l\u00e9phone. Autre d\u00e9mission, en janvier dernier, celle de la ministre du Tr\u00e9sor, Tulip Siddiq, qui \u00e9tait vis\u00e9e par deux enqu\u00eates anticorruption au Bangladesh. Enfin, d\u00e9but ao\u00fbt, celle de Rushanara Ali, ministre des Personnes sans domicile fixe, accus\u00e9e d&rsquo;hypocrisie vis-\u00e0-vis de son portefeuille alors qu&rsquo;elle venait d&rsquo;augmenter le loyer mensuel du logement dont elle \u00e9tait propri\u00e9taire de\u00a0700\u00a0livres (environ 800\u00a0euros).<\/p>\n<p>\n\u00c0 D\u00e9couvrir<br \/>\n<strong class=\"discover-kangourou__line\"><br \/>\n<img decoding=\"async\" class=\"discover-kangourou__img\" src=\"https:\/\/static.lpnt.fr\/static\/img\/kangourou\/kangourou_filled.svg\"\/><br \/>\n<strong class=\"discover-kangourou__txt\"><br \/>\n<strong>Le Kangourou du jour<\/strong><br \/>\n<a href=\"https:\/\/kangourou.lepoint.fr\" title=\"kangourou\" data-gtm-cta=\"kangourou_article\" class=\"discover-kangourou__lnk\" target=\"_blank\" rel=\"noopener\"><br \/>\nR\u00e9pondre<br \/>\n<\/a><br \/>\n<\/strong><br \/>\n<\/strong><br \/>\nLes oppositions ont profit\u00e9 de ce nouveau scandale pour taper un peu plus sur le gouvernement en place. La cheffe du Parti conservateur, Kemi Badenoch, a ainsi point\u00e9 du doigt la \u00ab\u00a0faiblesse\u00a0\u00bb de Keir Starmer, \u00ab\u00a0incapable\u00a0\u00bb de d\u00e9mettre sa vice-Premi\u00e8re ministre. Nigel Farage, leader du parti d&rsquo;extr\u00eame droite Reform UK, a d\u00e9clar\u00e9 que le gouvernement travailliste, \u00ab\u00a0malgr\u00e9 ses promesses d&rsquo;\u00eatre diff\u00e9rent des autres, n&rsquo;est pas mieux, voire pire que le pr\u00e9c\u00e9dent\u00a0\u00bb. Le parti d&rsquo;extr\u00eame droite se frotte les mains, lui qui attaque d\u00e9j\u00e0 depuis plusieurs semaines le gouvernement pour sa gestion de la situation li\u00e9e aux h\u00f4tels accueillant les demandeurs d&rsquo;asile et la recrudescence des travers\u00e9es de la Manche.<\/p>\n<p>Le Premier ministre doit aussi faire face \u00e0 la mont\u00e9e de nouveaux mouvements \u00e0 gauche, comme Your Party, le nouveau parti des anciens travaillistes Jeremy Corbyn et Zarah Sultana, qui clament tous deux que \u00ab\u00a0le Labour est mort\u00a0\u00bb, mais aussi avec l&rsquo;\u00e9lection mardi dernier d&rsquo;un nouveau chef pour le Green Party, Zack Polanski, qui se qualifie lui m\u00eame d&rsquo;\u00e9co-populiste, d\u00e9fendant plus de justice sociale et une taxation plus forte sur les riches fortunes. Il a expliqu\u00e9 qu&rsquo;il n&rsquo;exclut pas de travailler avec Jeremy Corbyn pour former une alliance, et ainsi s\u00e9duire les d\u00e9\u00e7us du Labour.<\/p>\n<p>Toute l\u2019actualit\u00e9 \u00e0 1\u20ac le premier mois<\/p>\n<p><a href=\"https:\/\/abo.lepoint.fr\/?provenance=21EDI020098\" class=\"btn\" title=\"S&#039;abonner\" data-gtm=\"click:abo|display:abo\" data-campaign=\"paywall_maison\" target=\"_blank\" rel=\"noopener\">S&rsquo;abonner<\/a><\/p>\n<p>ou<\/p>\n","protected":false},"excerpt":{"rendered":"Le suspense aura dur\u00e9 plusieurs jours, mais l&rsquo;issue \u00e9tait sans surprise\u00a0: la vice-Premi\u00e8re ministre du gouvernement, Angela Rayner,&hellip;\n","protected":false},"author":2,"featured_media":377975,"comment_status":"","ping_status":"","sticky":false,"template":"","format":"standard","meta":{"footnotes":""},"categories":[1588],"tags":[11,1777,674,2581,12,473,1853,1851,1850,1852],"class_list":{"0":"post-377974","1":"post","2":"type-post","3":"status-publish","4":"format-standard","5":"has-post-thumbnail","7":"category-royaume-uni","8":"tag-actualites","9":"tag-eu","10":"tag-europe","11":"tag-keir-starmer","12":"tag-news","13":"tag-royaume-uni","14":"tag-royaume-uni-de-grande-bretagne-et-dirlande-du-nord","15":"tag-uk","16":"tag-united-kingdom","17":"tag-united-kingdom-of-great-britain-and-northern-ireland"},"share_on_mastodon":{"url":"https:\/\/pubeurope.com\/@fr\/115174928861459747","error":""},"_links":{"self":[{"href":"https:\/\/www.europesays.com\/fr\/wp-json\/wp\/v2\/posts\/377974","targetHints":{"allow":["GET"]}}],"collection":[{"href":"https:\/\/www.europesays.com\/fr\/wp-json\/wp\/v2\/posts"}],"about":[{"href":"https:\/\/www.europesays.com\/fr\/wp-json\/wp\/v2\/types\/post"}],"author":[{"embeddable":true,"href":"https:\/\/www.europesays.com\/fr\/wp-json\/wp\/v2\/users\/2"}],"replies":[{"embeddable":true,"href":"https:\/\/www.europesays.com\/fr\/wp-json\/wp\/v2\/comments?post=377974"}],"version-history":[{"count":0,"href":"https:\/\/www.europesays.com\/fr\/wp-json\/wp\/v2\/posts\/377974\/revisions"}],"wp:featuredmedia":[{"embeddable":true,"href":"https:\/\/www.europesays.com\/fr\/wp-json\/wp\/v2\/media\/377975"}],"wp:attachment":[{"href":"https:\/\/www.europesays.com\/fr\/wp-json\/wp\/v2\/media?parent=377974"}],"wp:term":[{"taxonomy":"category","embeddable":true,"href":"https:\/\/www.europesays.com\/fr\/wp-json\/wp\/v2\/categories?post=377974"},{"taxonomy":"post_tag","embeddable":true,"href":"https:\/\/www.europesays.com\/fr\/wp-json\/wp\/v2\/tags?post=377974"}],"curies":[{"name":"wp","href":"https:\/\/api.w.org\/{rel}","templated":true}]}}