{"id":377980,"date":"2025-09-09T15:00:13","date_gmt":"2025-09-09T15:00:13","guid":{"rendered":"https:\/\/www.europesays.com\/fr\/377980\/"},"modified":"2025-09-09T15:00:13","modified_gmt":"2025-09-09T15:00:13","slug":"achats-darmement-la-belgique-pourrait-emprunter-a-lue-jusqua-834-milliards-deuros","status":"publish","type":"post","link":"https:\/\/www.europesays.com\/fr\/377980\/","title":{"rendered":"Achats d&rsquo;armement: la Belgique pourrait emprunter \u00e0 l&rsquo;UE jusqu&rsquo;\u00e0 8,34 milliards d&rsquo;euros"},"content":{"rendered":"<p class=\"ap-StoryElement ap-StoryElement--mb ap-StoryText\">D\u00e9cid\u00e9 au printemps dernier, SAFE doit mettre \u00e0 disposition jusqu&rsquo;\u00e0 150 milliards d&rsquo;euros sous forme de pr\u00eats \u00e0 long terme et \u00e0 taux avantageux, pour les \u00c9tats membres qui souhaitent financer des investissements urgents ou strat\u00e9giques dans le domaine de la d\u00e9fense. Dix-neuf d&rsquo;entre eux &#8211; dont la Belgique &#8211; ont d\u00e9j\u00e0 manifest\u00e9 leur int\u00e9r\u00eat.<\/p>\n<p class=\"ap-StoryElement ap-StoryElement--mb ap-StoryText\">Les achats conjoints sont privil\u00e9gi\u00e9s, mais compte tenu des r\u00e9alit\u00e9s g\u00e9opolitiques actuelles, SAFE soutiendra \u00e9galement temporairement des achats individuels par des \u00c9tats membres, afin de garantir la livraison en temps voulu des dispositifs les plus critiques.<\/p>\n","protected":false},"excerpt":{"rendered":"D\u00e9cid\u00e9 au printemps dernier, SAFE doit mettre \u00e0 disposition jusqu&rsquo;\u00e0 150 milliards d&rsquo;euros sous forme de pr\u00eats \u00e0&hellip;\n","protected":false},"author":2,"featured_media":2837,"comment_status":"","ping_status":"","sticky":false,"template":"","format":"standard","meta":{"footnotes":""},"categories":[1586],"tags":[11,9999,2390,554,1777,674,1779,1011,27,12,25,1778,364],"class_list":{"0":"post-377980","1":"post","2":"type-post","3":"status-publish","4":"format-standard","5":"has-post-thumbnail","7":"category-europe","8":"tag-actualites","9":"tag-belgium","10":"tag-comeuro","11":"tag-defense","12":"tag-eu","13":"tag-europe","14":"tag-european-union","15":"tag-fr","16":"tag-france","17":"tag-news","18":"tag-republique-francaise","19":"tag-ue","20":"tag-union-europeenne"},"share_on_mastodon":{"url":"https:\/\/pubeurope.com\/@fr\/115174940954394297","error":""},"_links":{"self":[{"href":"https:\/\/www.europesays.com\/fr\/wp-json\/wp\/v2\/posts\/377980","targetHints":{"allow":["GET"]}}],"collection":[{"href":"https:\/\/www.europesays.com\/fr\/wp-json\/wp\/v2\/posts"}],"about":[{"href":"https:\/\/www.europesays.com\/fr\/wp-json\/wp\/v2\/types\/post"}],"author":[{"embeddable":true,"href":"https:\/\/www.europesays.com\/fr\/wp-json\/wp\/v2\/users\/2"}],"replies":[{"embeddable":true,"href":"https:\/\/www.europesays.com\/fr\/wp-json\/wp\/v2\/comments?post=377980"}],"version-history":[{"count":0,"href":"https:\/\/www.europesays.com\/fr\/wp-json\/wp\/v2\/posts\/377980\/revisions"}],"wp:featuredmedia":[{"embeddable":true,"href":"https:\/\/www.europesays.com\/fr\/wp-json\/wp\/v2\/media\/2837"}],"wp:attachment":[{"href":"https:\/\/www.europesays.com\/fr\/wp-json\/wp\/v2\/media?parent=377980"}],"wp:term":[{"taxonomy":"category","embeddable":true,"href":"https:\/\/www.europesays.com\/fr\/wp-json\/wp\/v2\/categories?post=377980"},{"taxonomy":"post_tag","embeddable":true,"href":"https:\/\/www.europesays.com\/fr\/wp-json\/wp\/v2\/tags?post=377980"}],"curies":[{"name":"wp","href":"https:\/\/api.w.org\/{rel}","templated":true}]}}