{"id":377981,"date":"2025-09-09T15:01:10","date_gmt":"2025-09-09T15:01:10","guid":{"rendered":"https:\/\/www.europesays.com\/fr\/377981\/"},"modified":"2025-09-09T15:01:10","modified_gmt":"2025-09-09T15:01:10","slug":"francois-bayrou-quitte-t-il-matignon-avec-un-chauffeur-et-un-garde-du-corps-a-vie","status":"publish","type":"post","link":"https:\/\/www.europesays.com\/fr\/377981\/","title":{"rendered":"Fran\u00e7ois Bayrou quitte-t-il Matignon avec un chauffeur et un garde du corps \u00e0 vie\u00a0?"},"content":{"rendered":"<p>C\u2019est d\u00e9sormais officiel\u00a0: <a href=\"https:\/\/www.20minutes.fr\/politique\/francois_bayrou\/\" class=\"c-link c-link--is-underlined\" target=\"_blank\" rel=\"noopener\">Fran\u00e7ois Bayrou<\/a> a donn\u00e9 sa d\u00e9mission \u00e0 <a href=\"https:\/\/www.20minutes.fr\/politique\/emmanuel-macron\/\" class=\"c-link c-link--is-underlined\" target=\"_blank\" rel=\"noopener\">Emmanuel Macron<\/a>, apr\u00e8s que les d\u00e9put\u00e9s ont vot\u00e9 contre la confiance au gouvernement. Un \u00e9ni\u00e8me <a href=\"https:\/\/www.20minutes.fr\/dossier\/premier_ministre\" class=\"c-link c-link--is-underlined\" target=\"_blank\" rel=\"noopener\">Premier ministre<\/a> qui claque la porte de <a href=\"https:\/\/www.20minutes.fr\/dossier\/matignon\" class=\"c-link c-link--is-underlined\" target=\"_blank\" rel=\"noopener\">Matignon<\/a>. \u00ab\u00a0\u00c7a va encore co\u00fbter cher au contribuable en indemnit\u00e9s retraites et tous les avantages\u00a0\u00bb, avancent des internautes.<\/p>\n<p>Lors de l\u2019une de ces nombreuses interviews donn\u00e9es dans ses derniers jours de mandat, celui qui est aussi maire de <a href=\"https:\/\/www.20minutes.fr\/societe\/pau\/\" class=\"c-link c-link--is-underlined\" target=\"_blank\" rel=\"noopener\">Pau<\/a> a pourtant ni\u00e9 qu\u2019il partirait avec les poches pleines. A la question pos\u00e9e sur Brut\u00a0: \u00ab\u00a0Est-ce que vous renoncerez \u00e0 tous vos avantages en tant qu\u2019ancien Premier ministre\u00a0?\u00a0\u00bb, Fran\u00e7ois Bayrou a affirm\u00e9\u00a0: \u00ab\u00a0Je n\u2019en ai aucun.\u00a0\u00bb<\/p>\n<blockquote class=\"twitter-tweet\" align=\"center\" data-lang=\"fr_FR\">\n<p lang=\"fr\" dir=\"ltr\">\ud83d\udd34 Fran\u00e7ois <a href=\"https:\/\/twitter.com\/bayrou?ref_src=twsrc%5Etfw\" target=\"_blank\" rel=\"noopener\">@bayrou<\/a> sur Brut. :<br \/>\u00ab\u00a0Le jour o\u00f9 je suis devenu Premier ministre, j&rsquo;ai renonc\u00e9 \u00e0 toutes les indemnit\u00e9s d&rsquo;\u00e9lu local qui \u00e9taient les miennes. Donc je n&rsquo;aurai aucun avantage, peut-\u00eatre que j&rsquo;aurai droit \u00e0 un garde du corps.\u00a0\u00bb <a href=\"https:\/\/t.co\/arOzvzeb4P\">pic.twitter.com\/arOzvzeb4P<\/a><\/p>\n<p>\u2014 Brut FR (@brutofficiel) <a href=\"https:\/\/twitter.com\/brutofficiel\/status\/1964650528505495564?ref_src=twsrc%5Etfw\" target=\"_blank\" rel=\"noopener\">September 7, 2025<\/a><\/p><\/blockquote>\n<p class=\"mb-xxl@xs color-ultramarine font-weight-semi-bold@xs font-source-serif-pro heading-s@xs\">L\u2019acc\u00e8s \u00e0 ce contenu a \u00e9t\u00e9 bloqu\u00e9 afin de respecter votre choix de consentement<\/p>\n<p class=\"mb-m@xs text-l@xs\">En cliquant sur\u00ab J\u2019accepte \u00bb, vous acceptez le d\u00e9p\u00f4t de cookies par des services externes et aurez ainsi acc\u00e8s aux contenus de nos partenaires.<\/p>\n<p class=\"mb-xl@xs text-s@xs\">Plus d\u2019informations sur la page<a href=\"https:\/\/www.20minutes.fr\/gestion-cookies\" class=\"mx-xxs@xs color-ultramarine\" target=\"_blank\" rel=\"noopener\">Politique de gestion des cookies<\/a><\/p>\n<p>J\u2019accepte<\/p>\n<p>\u00ab\u00a0Il n\u2019y a pas de retraites de Premier ministre et de ministre, contrairement \u00e0 ce que tout le monde croit, on avait le droit autrefois \u00e0 un secr\u00e9tariat, je ne prendrais pas de secr\u00e9tariat\u00a0\u00bb, a-t-il d\u00e9taill\u00e9 sur Brut. \u00ab\u00a0Le jour o\u00f9 je suis devenu Premier ministre, j\u2019ai renonc\u00e9 \u00e0 toutes les indemnit\u00e9s d\u2019\u00e9lu local qui \u00e9taient les miennes. Peut-\u00eatre que j\u2019aurais le droit \u00e0 un garde du corps.\u00a0\u00bb<\/p>\n<p>FAKE OFF<\/p>\n<p>Uniquement un garde du corps vraiment\u00a0? Tout d\u2019abord, Fran\u00e7ois Bayrou dit la v\u00e9rit\u00e9 lorsqu\u2019il affirme qu\u2019il n\u2019existe pas de retraite pour les postes de Premier ministre et de ministre. Toutefois rares sont les personnes qui ont occup\u00e9 ces postes sans avoir \u00e9t\u00e9 ni d\u00e9put\u00e9, ni s\u00e9nateur, ni \u00e9lu local, qui sont tous des postes qui b\u00e9n\u00e9ficient d\u2019une retraite.<\/p>\n<p>Et justement celui qui est d\u00e9sormais ancien Premier ministre est toujours <a href=\"https:\/\/www.20minutes.fr\/economie\/4170937-20250904-dette-publique-ville-pau-croule-sous-dettes-depuis-arrivee-francois-bayrou-mairie\" class=\"c-link c-link--is-underlined\" target=\"_blank\" rel=\"noopener\">le maire de la ville de Pau<\/a>, poste qu\u2019il occupe depuis\u00a02014. On ne s\u2019inqui\u00e8te donc pas pour le jour o\u00f9 Fran\u00e7ois Bayrou aura d\u00e9cid\u00e9 de tirer sa r\u00e9v\u00e9rence politique.<\/p>\n<p>Pas d\u2019indemnit\u00e9s, pas de chauffeur, pas de secr\u00e9tariat\u2026<\/p>\n<p>En th\u00e9orie, il aurait \u00e9galement pu recevoir une indemnit\u00e9 de d\u00e9part \u00e0 hauteur de trois fois le traitement mensuel qu\u2019il touchait durant son mandat. Sachant qu\u2019il touchait 16.038 euros brut par mois, il pourrait b\u00e9n\u00e9ficier de la coquette somme d\u2019environ 48.100 euros \u00e0 son d\u00e9part. Mais une condition vient entraver cela\u00a0: le b\u00e9n\u00e9ficiaire ne doit pas reprendre d\u2019activit\u00e9 r\u00e9mun\u00e9r\u00e9e dans les trois mois suivant son d\u00e9part.<\/p>\n<p>Il avait renonc\u00e9 \u00e0 ses indemnit\u00e9s de maire en parall\u00e8le de ce poste \u00e0 Matignon, mais il y a fort \u00e0 parier qu\u2019il va d\u00e9sormais r\u00e9cup\u00e9rer ces indemnit\u00e9s et donc ce poste r\u00e9mun\u00e9r\u00e9, l\u2019emp\u00eachant de percevoir cette jolie somme.<\/p>\n<p>Encore en raison de son mandat de maire, Fran\u00e7ois Bayrou ne pourra pas b\u00e9n\u00e9ficier d\u2019un v\u00e9hicule de fonction avec chauffeur. Les anciens Premiers ministres peuvent y recourir sans limite de temps, mais uniquement \u00e0 condition de n\u2019avoir aucun autre mandat d\u2019\u00e9lu et de ne pas appartenir \u00e0 la Fonction publique.<\/p>\n<\/p>\n<p>Concernant le secr\u00e9tariat particulier dont il a parl\u00e9, cela existe toujours. Toutefois, Fran\u00e7ois Bayrou ne peut pas en b\u00e9n\u00e9ficier puisqu\u2019il a aujourd\u2019hui 74 ans. <a href=\"https:\/\/www.legifrance.gouv.fr\/jorf\/id\/JORFTEXT000039121001\" target=\"_blank\" class=\"c-link c-link--is-underlined\" rel=\"noopener\">Le d\u00e9cret<\/a> qui fixe les avantages dont peuvent profiter les ex-Premiers ministres d\u00e9taille que cet avantage peut d\u2019\u00e9tendre jusqu\u2019\u00e0 dix ans apr\u00e8s le d\u00e9part de Matignon, mais au plus tard jusqu\u2019\u00e0 l\u2019\u00e2ge de 67 ans.<\/p>\n<p>Une protection qui co\u00fbte cher \u00e0 l\u2019Etat<\/p>\n<p>Et enfin concernant le garde du corps qu\u2019il estime \u00eatre son seul avantage \u00e0 l\u2019issue de ce mandat, il pourra bel et bien en b\u00e9n\u00e9ficier \u00ab\u00a0si le minist\u00e8re de l\u2019Int\u00e9rieur l\u2019estime n\u00e9cessaire\u00a0\u00bb. Globalement, c\u2019est une mesure toujours appliqu\u00e9e pour les anciens Premiers ministres, et <a href=\"https:\/\/www.20minutes.fr\/politique\/4127302-20241205-censure-gouvernement-salaire-logement-quoi-droit-michel-barnier-futurs-ex-ministres\" class=\"c-link c-link--is-underlined\" target=\"_blank\" rel=\"noopener\">parfois pour certains ministres<\/a>.<\/p>\n<p>Au total, les anciens Premiers ministres co\u00fbtent donc au moins 4,5\u00a0millions d\u2019euros \u00e0 l\u2019\u00c9tat par ann\u00e9e. Un montant qui grimpe rapidement notamment \u00e0 cause du co\u00fbt de la protection polici\u00e8re qui augmente tout comme son nombre de b\u00e9n\u00e9ficiaires, li\u00e9 \u00e0 l\u2019instabilit\u00e9 politique que l\u2019on conna\u00eet ces derni\u00e8res ann\u00e9es.<\/p>\n<p><script async src=\"https:\/\/platform.twitter.com\/widgets.js\" charset=\"utf-8\"><\/script><\/p>\n","protected":false},"excerpt":{"rendered":"C\u2019est d\u00e9sormais officiel\u00a0: Fran\u00e7ois Bayrou a donn\u00e9 sa d\u00e9mission \u00e0 Emmanuel Macron, apr\u00e8s que les d\u00e9put\u00e9s ont vot\u00e9&hellip;\n","protected":false},"author":2,"featured_media":377982,"comment_status":"","ping_status":"","sticky":false,"template":"","format":"standard","meta":{"footnotes":""},"categories":[2],"tags":[47,11,3177,1261,840,1011,27,431,49272,12,2219,6374,316,3363,6375,25,656,49393],"class_list":{"0":"post-377981","1":"post","2":"type-post","3":"status-publish","4":"format-standard","5":"has-post-thumbnail","7":"category-actualites","8":"tag-actualite","9":"tag-actualites","10":"tag-aquitaine","11":"tag-argent","12":"tag-fake-off","13":"tag-fr","14":"tag-france","15":"tag-francois-bayrou","16":"tag-matignon","17":"tag-news","18":"tag-nouvelle-aquitaine","19":"tag-pau","20":"tag-politique","21":"tag-premier-ministre","22":"tag-pyrenees-atlantiques","23":"tag-republique-francaise","24":"tag-securite","25":"tag-vote-de-confiance"},"share_on_mastodon":{"url":"https:\/\/pubeurope.com\/@fr\/115174944535451744","error":""},"_links":{"self":[{"href":"https:\/\/www.europesays.com\/fr\/wp-json\/wp\/v2\/posts\/377981","targetHints":{"allow":["GET"]}}],"collection":[{"href":"https:\/\/www.europesays.com\/fr\/wp-json\/wp\/v2\/posts"}],"about":[{"href":"https:\/\/www.europesays.com\/fr\/wp-json\/wp\/v2\/types\/post"}],"author":[{"embeddable":true,"href":"https:\/\/www.europesays.com\/fr\/wp-json\/wp\/v2\/users\/2"}],"replies":[{"embeddable":true,"href":"https:\/\/www.europesays.com\/fr\/wp-json\/wp\/v2\/comments?post=377981"}],"version-history":[{"count":0,"href":"https:\/\/www.europesays.com\/fr\/wp-json\/wp\/v2\/posts\/377981\/revisions"}],"wp:featuredmedia":[{"embeddable":true,"href":"https:\/\/www.europesays.com\/fr\/wp-json\/wp\/v2\/media\/377982"}],"wp:attachment":[{"href":"https:\/\/www.europesays.com\/fr\/wp-json\/wp\/v2\/media?parent=377981"}],"wp:term":[{"taxonomy":"category","embeddable":true,"href":"https:\/\/www.europesays.com\/fr\/wp-json\/wp\/v2\/categories?post=377981"},{"taxonomy":"post_tag","embeddable":true,"href":"https:\/\/www.europesays.com\/fr\/wp-json\/wp\/v2\/tags?post=377981"}],"curies":[{"name":"wp","href":"https:\/\/api.w.org\/{rel}","templated":true}]}}