{"id":377991,"date":"2025-09-09T15:06:12","date_gmt":"2025-09-09T15:06:12","guid":{"rendered":"https:\/\/www.europesays.com\/fr\/377991\/"},"modified":"2025-09-09T15:06:12","modified_gmt":"2025-09-09T15:06:12","slug":"giroud-lassure-une-recrue-nest-pas-encore-aux-standards-du-club-malgre-sa-belle-premiere","status":"publish","type":"post","link":"https:\/\/www.europesays.com\/fr\/377991\/","title":{"rendered":"Giroud l\u2019assure, une recrue n\u2019est pas encore \u00ab aux standards \u00bb du club malgr\u00e9 sa belle premi\u00e8re"},"content":{"rendered":"<p>L\u2019Union Bordeaux-B\u00e8gles a pu compter sur ses recrues. Ce samedi soir, les <a href=\"https:\/\/www.quinzemondial.com\/top-14\/ubb-deux-forfaits-deja-actes-pour-le-racing-inquietude-pour-un-poste-decime-818580\" rel=\"nofollow noopener\" target=\"_blank\">Girondins ont bien lanc\u00e9 leur saison<\/a> en allant s\u2019offrir un succ\u00e8s d\u00e9licat face au Stade Rochelais. Plusieurs nouveaux arrivants, align\u00e9s au coup d\u2019envoi, ont brill\u00e9. On pense forc\u00e9ment \u00e0 Martin Page-Relo, auteur d\u2019un doubl\u00e9 et brillant rempla\u00e7ant de Maxime Lucu, mais \u00e9galement \u00e0 Cameron Woki, pr\u00e9cieux en touche.<\/p>\n<p>\u00ab \u00c7a va piquer encore un peu pour lui\u00a0\u00bb<\/p>\n<p>Pour autant, Thibault Giroud en attend plus de l\u2019ancien racingman comme il l\u2019a confi\u00e9 \u00e0 <a href=\"https:\/\/www.francebleu.fr\/sports\/rugby\/top-14-on-demarre-bien-la-saison-les-reactions-apres-la-victoire-de-l-ubb-contre-la-rochelle-7685316\" rel=\"nofollow noopener\" target=\"_blank\">Ici Gironde<\/a>. Il faut dire qu\u2019il n\u2019est pas encore pr\u00eat physiquement selon le directeur de la performance apr\u00e8s avoir eu une pr\u00e9paration tronqu\u00e9e suite \u00e0 sa pr\u00e9sence en Nouvelle-Z\u00e9lande avec le XV de France.<\/p>\n<blockquote>\n<p>\u00ab\u00a0Cameron\u00a0n\u2019a pas eu une pr\u00e9saison comme les autres.\u00a0Les coaches ont voulu l\u2019aligner, ce n\u2019\u2019\u00e9tat pas forc\u00e9ment pr\u00e9vu. Il a encore besoin de se d\u00e9velopper physiquement pour les standards de l\u2019UBB. S\u2019il entend \u00e7a, il ne va pas \u00eatre tr\u00e8s content mais \u00e7a va piquer encore un peu pour lui\u00a0\u00bb<\/p>\n<\/blockquote>\n<p>Partagez cette info avec vos amis et vos proches en cliquant ici<br \/>Pour r\u00e9sumer<\/p>\n<p>Thibault Giroud est revenu sur la premi\u00e8re performance de l\u2019une des recrues estivales de l\u2019Union Bordeaux-B\u00e8gles. Si le joueur a r\u00e9alis\u00e9 une grosse prestation face \u00e0 La Rochelle, le directeur de la performance en attend plus.<\/p>\n<p> <img decoding=\"async\" width=\"76\" height=\"76\" loading=\"lazy\" src=\"https:\/\/www.europesays.com\/fr\/wp-content\/uploads\/2025\/04\/avatar-quinze.png\" alt=\"Arnaud D\u00e9chelotte\"\/><\/p>\n","protected":false},"excerpt":{"rendered":"L\u2019Union Bordeaux-B\u00e8gles a pu compter sur ses recrues. Ce samedi soir, les Girondins ont bien lanc\u00e9 leur saison&hellip;\n","protected":false},"author":2,"featured_media":377992,"comment_status":"","ping_status":"","sticky":false,"template":"","format":"standard","meta":{"footnotes":""},"categories":[1416],"tags":[1011,27,479,1468,60],"class_list":{"0":"post-377991","1":"post","2":"type-post","3":"status-publish","4":"format-standard","5":"has-post-thumbnail","7":"category-rugby","8":"tag-fr","9":"tag-france","10":"tag-rugby","11":"tag-rugby-football","12":"tag-sports"},"share_on_mastodon":{"url":"https:\/\/pubeurope.com\/@fr\/115174964251504578","error":""},"_links":{"self":[{"href":"https:\/\/www.europesays.com\/fr\/wp-json\/wp\/v2\/posts\/377991","targetHints":{"allow":["GET"]}}],"collection":[{"href":"https:\/\/www.europesays.com\/fr\/wp-json\/wp\/v2\/posts"}],"about":[{"href":"https:\/\/www.europesays.com\/fr\/wp-json\/wp\/v2\/types\/post"}],"author":[{"embeddable":true,"href":"https:\/\/www.europesays.com\/fr\/wp-json\/wp\/v2\/users\/2"}],"replies":[{"embeddable":true,"href":"https:\/\/www.europesays.com\/fr\/wp-json\/wp\/v2\/comments?post=377991"}],"version-history":[{"count":0,"href":"https:\/\/www.europesays.com\/fr\/wp-json\/wp\/v2\/posts\/377991\/revisions"}],"wp:featuredmedia":[{"embeddable":true,"href":"https:\/\/www.europesays.com\/fr\/wp-json\/wp\/v2\/media\/377992"}],"wp:attachment":[{"href":"https:\/\/www.europesays.com\/fr\/wp-json\/wp\/v2\/media?parent=377991"}],"wp:term":[{"taxonomy":"category","embeddable":true,"href":"https:\/\/www.europesays.com\/fr\/wp-json\/wp\/v2\/categories?post=377991"},{"taxonomy":"post_tag","embeddable":true,"href":"https:\/\/www.europesays.com\/fr\/wp-json\/wp\/v2\/tags?post=377991"}],"curies":[{"name":"wp","href":"https:\/\/api.w.org\/{rel}","templated":true}]}}