{"id":377995,"date":"2025-09-09T15:09:09","date_gmt":"2025-09-09T15:09:09","guid":{"rendered":"https:\/\/www.europesays.com\/fr\/377995\/"},"modified":"2025-09-09T15:09:09","modified_gmt":"2025-09-09T15:09:09","slug":"motogp-pol-espargaro-fait-une-annonce-choc-je-veux-courir-en-motogp-et-pas-en-tant-que-remplacant","status":"publish","type":"post","link":"https:\/\/www.europesays.com\/fr\/377995\/","title":{"rendered":"MotoGP, Pol Espargaro fait une annonce choc\u00a0: \u00ab\u00a0Je veux courir en MotoGP, et pas en tant que rempla\u00e7ant\u00a0\u00bb"},"content":{"rendered":"<p><strong>Pol Espargaro est un vrai battant, et, mine de rien, il<br \/>\nest un pilote assez embl\u00e9matique du paddock MotoGP. Rival de Marc<br \/>\nMarquez puis titr\u00e9 lors de la saison 2013 en Moto2, il n\u2019a jamais<br \/>\nvraiment r\u00e9ussi \u00e0 marquer la cat\u00e9gorie reine de son empreinte, m\u00eame<br \/>\ns\u2019il reste, aux yeux de beaucoup, celui qui a mis KTM sur les<br \/>\nrails. Au Balaton Park, il y a un peu plus de quinze jours, Pol<br \/>\nEspargaro courrait de nouveau pour la firme de Mattighofen, et<br \/>\n\u00e9tait loin d\u2019\u00eatre ridicule par rapport aux autres pilotes sur RC16.<br \/>\n\u00c0 34 ans, il a toujours faim.<\/strong><\/p>\n<p><strong><a href=\"https:\/\/www.paddock-gp.com\/wsbk-pol-espargaro-en-pole-chez-bmw-le-choc-pour-remplacer-van-der-mark-en-superbike\/\" target=\"_blank\" rel=\"noopener\">Sur ce site, nous vous avons d\u00e9j\u00e0<br \/>\nrelay\u00e9 la rumeur comme quoi certaines \u00e9curies du championnat WSBK<br \/>\naimeraient le recruter<\/a><\/strong>, mais lui semble avoir d\u2019autres<br \/>\nplans. \u00ab\u00a0J\u2019ai\u00a0maintenant\u00a0\u00a0l\u2019opportunit\u00e9 de<br \/>\ncourir en Superbike. <strong>Je veux courir en\u00a0MotoGP\u00a0non<br \/>\npas en tant que wild-card, ni en remplacement de pilotes, car ce<br \/>\nn\u2019est pas le sc\u00e9nario qui me pla\u00eet<\/strong>, mais si les<br \/>\ncaract\u00e9ristiques que je recherche et que l\u2019\u00e9quipe souhaite ne sont<br \/>\npas r\u00e9unies,\u00a0le Superbike\u00a0est une bonne<br \/>\nsolution\u00a0\u00bb confiait-il pour <a href=\"https:\/\/www.motosan.es\/motogp\/pol-espargaro-se-plantea-seriamente-ir-a-sbk-yo-no-me-retire\/\" target=\"_blank\" rel=\"noopener\">Motosan<\/a>.<\/p>\n<p>\u00a0<\/p>\n<blockquote class=\"twitter-tweet\" data-width=\"550\" data-dnt=\"true\">\n<p lang=\"en\" dir=\"ltr\">POV: Interview your boss \ud83c\udfa4\ud83e\udde1<a href=\"https:\/\/twitter.com\/hashtag\/KTM?src=hash&amp;ref_src=twsrc%5Etfw\" target=\"_blank\" rel=\"noopener\">#KTM<\/a><br \/>\n<a href=\"https:\/\/twitter.com\/hashtag\/ReadyToRace?src=hash&amp;ref_src=twsrc%5Etfw\" target=\"_blank\" rel=\"noopener\"><br \/>\n#ReadyToRace<\/a> <a href=\"https:\/\/twitter.com\/hashtag\/ItalianGP?src=hash&amp;ref_src=twsrc%5Etfw\" target=\"_blank\" rel=\"noopener\"><br \/>\n#ItalianGP<\/a> \ud83c\uddee\ud83c\uddf9 <a href=\"https:\/\/t.co\/7SVG0seUDw\">pic.twitter.com\/7SVG0seUDw<\/a><\/p>\n<p>\u2014 RED BULL KTM FACTORY RACING (@KTM_Racing) <a href=\"https:\/\/twitter.com\/KTM_Racing\/status\/1936059288533020680?ref_src=twsrc%5Etfw\" target=\"_blank\" rel=\"noopener\"><br \/>\nJune 20, 2025<\/a><\/p>\n<\/blockquote>\n<p>\u00a0<\/p>\n<p>Forc\u00e9ment, il n\u2019omet pas un avenir chez KTM, son employeur<br \/>\nactuel. \u00ab<strong>\u00a0Il existe de r\u00e9elles options et les<br \/>\nchances sont \u00e9lev\u00e9es<\/strong>. Mais, bien s\u00fbr,\u00a0tout d\u00e9pend du<br \/>\nrespect de certains d\u00e9lais et processus avec KTM\u00a0; ce sont<br \/>\n\u00e9videmment les premiers sur ma liste. Lorsqu\u2019on r\u00e9fl\u00e9chit aux<br \/>\ncontrats, on pense souvent \u00e0 l\u2019aspect financier comme le facteur le<br \/>\nplus d\u00e9terminant, mais souvent, ce n\u2019est pas le<br \/>\ncas.\u00a0<strong>J\u2019attends KTM\u00a0et je d\u00e9ciderai<br \/>\nensuite<\/strong>\u00a0\u00bb poursuivait-il, afin de laisser la<br \/>\npriorit\u00e9 \u00e0 la marque qu\u2019il a tant aid\u00e9e.<\/p>\n<p>Espargaro profite aussi de cette interview pour rappeler aux \u2013<br \/>\nnouveaux \u2013 dirigeants autrichiens qu\u2019ils n\u2019ont pas beaucoup de<br \/>\ntemps, <strong><a href=\"https:\/\/www.paddock-gp.com\/motogp-pol-espargaro-serait-en-pourparlers-pour-rejoindre-ducati-en-superbike\/\" target=\"_blank\" rel=\"noopener\">car des \u00e9quipes WSBK aimeraient<br \/>\nprofiter de son talent<\/a><\/strong>. <strong>\u00ab\u00a0Je suis<br \/>\ntoujours \u00e0 la merci de leurs d\u00e9sirs. J\u2019esp\u00e8re qu\u2019ils ne se<br \/>\nd\u00e9cideront pas trop tard, car le march\u00e9 va<br \/>\nfermer\u00a0\u00bb<\/strong> concluait-il.<\/p>\n<p>Pensez-vous qu\u2019il puisse encore avoir un futur en MotoGP\u00a0?<br \/>\n<strong>Dites-le-nous en commentaires\u00a0!<\/strong><\/p>\n<p>\u00a0<\/p>\n<p><img loading=\"lazy\" decoding=\"async\" aria-describedby=\"caption-attachment-1327816\" class=\"size-full wp-image-1327816\" src=\"https:\/\/www.europesays.com\/fr\/wp-content\/uploads\/2025\/09\/pol-Espargaro-2-1-scaled-e1757345009556.jpg\" alt=\"Pol Espargaro MotoGP\" width=\"800\" height=\"533\"\/><\/p>\n<p id=\"caption-attachment-1327816\" class=\"wp-caption-text\">Photo :<br \/>\nKTM<\/p>\n<p>\u00a0<\/p>\n<p>Photo de couverture : KTM<\/p>\n<p><script async src=\"https:\/\/platform.twitter.com\/widgets.js\" charset=\"utf-8\"><\/script><\/p>\n","protected":false},"excerpt":{"rendered":"Pol Espargaro est un vrai battant, et, mine de rien, il est un pilote assez embl\u00e9matique du paddock&hellip;\n","protected":false},"author":2,"featured_media":377996,"comment_status":"","ping_status":"","sticky":false,"template":"","format":"standard","meta":{"footnotes":""},"categories":[1413],"tags":[1011,27,1457,1456,60],"class_list":{"0":"post-377995","1":"post","2":"type-post","3":"status-publish","4":"format-standard","5":"has-post-thumbnail","7":"category-moto","8":"tag-fr","9":"tag-france","10":"tag-moto","11":"tag-motocycle","12":"tag-sports"},"share_on_mastodon":{"url":"https:\/\/pubeurope.com\/@fr\/115174976043244648","error":""},"_links":{"self":[{"href":"https:\/\/www.europesays.com\/fr\/wp-json\/wp\/v2\/posts\/377995","targetHints":{"allow":["GET"]}}],"collection":[{"href":"https:\/\/www.europesays.com\/fr\/wp-json\/wp\/v2\/posts"}],"about":[{"href":"https:\/\/www.europesays.com\/fr\/wp-json\/wp\/v2\/types\/post"}],"author":[{"embeddable":true,"href":"https:\/\/www.europesays.com\/fr\/wp-json\/wp\/v2\/users\/2"}],"replies":[{"embeddable":true,"href":"https:\/\/www.europesays.com\/fr\/wp-json\/wp\/v2\/comments?post=377995"}],"version-history":[{"count":0,"href":"https:\/\/www.europesays.com\/fr\/wp-json\/wp\/v2\/posts\/377995\/revisions"}],"wp:featuredmedia":[{"embeddable":true,"href":"https:\/\/www.europesays.com\/fr\/wp-json\/wp\/v2\/media\/377996"}],"wp:attachment":[{"href":"https:\/\/www.europesays.com\/fr\/wp-json\/wp\/v2\/media?parent=377995"}],"wp:term":[{"taxonomy":"category","embeddable":true,"href":"https:\/\/www.europesays.com\/fr\/wp-json\/wp\/v2\/categories?post=377995"},{"taxonomy":"post_tag","embeddable":true,"href":"https:\/\/www.europesays.com\/fr\/wp-json\/wp\/v2\/tags?post=377995"}],"curies":[{"name":"wp","href":"https:\/\/api.w.org\/{rel}","templated":true}]}}