{"id":378019,"date":"2025-09-09T15:21:09","date_gmt":"2025-09-09T15:21:09","guid":{"rendered":"https:\/\/www.europesays.com\/fr\/378019\/"},"modified":"2025-09-09T15:21:09","modified_gmt":"2025-09-09T15:21:09","slug":"rentree-litteraire-2025-les-meilleurs-romans-etrangers-critiques-par-telerama-telerama","status":"publish","type":"post","link":"https:\/\/www.europesays.com\/fr\/378019\/","title":{"rendered":"Rentr\u00e9e litt\u00e9raire 2025 : les meilleurs romans \u00e9trangers critiqu\u00e9s par \u201cT\u00e9l\u00e9rama\u201d &#8211; T\u00e9l\u00e9rama"},"content":{"rendered":"<ol>\n<li><a href=\"https:\/\/news.google.com\/rss\/articles\/CBMiwgFBVV95cUxNZDNQVjcyZ1FHTnA4YUQyZ3JSajZWZ2NLQ25oSVlPMmZsVWRJQTZKU1h6TlB0dU5IekRjQ25hVnQ5WWFWd05PSEUtNWNXS1lKZmJWTWpjYjdqTFlJNDN0eDNjVG5lMHhnSXVSaWNCcW82OUU1ak5Qa0RhNmVUdWR2Yk4yNHo0dUlzLW9SSGFfcm5yOEVVTVZVbHlZQ3VTZWpBNk9OSFl0TnExN0FzUGZyMGxrVDk5eVI1VjI4TlEwUFBIdw?oc=5\" target=\"_blank\" rel=\"nofollow noopener\">Rentr\u00e9e litt\u00e9raire 2025 : les meilleurs romans \u00e9trangers critiqu\u00e9s par \u201cT\u00e9l\u00e9rama\u201d<\/a>&nbsp;&nbsp;T\u00e9l\u00e9rama<\/li>\n<li><a href=\"https:\/\/news.google.com\/rss\/articles\/CBMinwFBVV95cUxQam9KRzZWRkRMZThTcHlwX1N1NElBMG5sUjZSajJHSTVCUnhLUEpiWHN3M0Q3Z3BaZmJZckljVERRdVpQREZFWk1LWWx4cFhERTBhaDBnQXdoRTNHUlZYRzVZdXVicklYOVZhay1oTHUxUENDOEFCRzcwSXhiVHZReXVLdlZzNl9kU3RYZ0stMHRTNE9TSk83Si1JM2Eyb00?oc=5\" target=\"_blank\" rel=\"nofollow noopener\">Litt\u00e9rature : 5 belles surprises de la rentr\u00e9e \u00e0 d\u00e9couvrir<\/a>&nbsp;&nbsp;La Croix<\/li>\n<li><a href=\"https:\/\/news.google.com\/rss\/articles\/CBMi4gFBVV95cUxNT3hubGc0VWZtaENsRUt1cU0taEdUTVBGTkNsMTlyUUhodkR6Qnp3WWxvQlhZM09wbFJTRldBdW9rRmhjVkFxcU43YVFpZlZ3a2d5VVhXSWR0RE9TVnJaeTRHcm83R1hKRDVyTjZXbFdoUUZUU2lQb2hMcDM1WENPc1RWeDZuTkV5QWJqc3AxUlAyS3NqTERIT1lpTFBRTW1CbzR0VklnSGh0amJtVmFmTDA0cmtNbFZMSzJnUnBpWWVRU2YzamhsNkhSYTBoemxQM3JxZXZTdFFzLTh3TlM2azJR?oc=5\" target=\"_blank\" rel=\"nofollow noopener\">\u00ab\u00a0La Collision\u00a0\u00bb de Paul Gasnier, \u00ab\u00a0Toutes les vies\u00a0\u00bb de Rebeka Warrior&#8230; Notre s\u00e9lection de la rentr\u00e9e litt\u00e9raire<\/a>&nbsp;&nbsp;Marianne<\/li>\n<li><a href=\"https:\/\/news.google.com\/rss\/articles\/CBMi0wFBVV95cUxNMEUweG5xMFQ4dm1iSjluS1Y2ZWpXTXJhU0ZsUGQ3SGRwdEFMUTdtYmFHTjFKbVBydUpDcllFWVdBN1Zidnl4OUtoNHFpdm9OSHpocjRkZ1lvTU1DZ1FmRk1HRG5DRGdsNGNoblU2YXRJWE9rcHV6Zm8xTWkxSmVGSUNrMjJENHFaajJMRC00MjlLanF6c0R2bGE0eWFWamtLTHNxMGExMU5TdTJrZDBwbG9pX29NWUJPZVRxem9mR0JyTy02NkJIckpLYUc2SjR4UElv?oc=5\" target=\"_blank\" rel=\"nofollow noopener\">Rentr\u00e9e litt\u00e9raire : ces sept nouveaux auteurs qui vont faire parler d\u2019eux<\/a>&nbsp;&nbsp;L&rsquo;Express<\/li>\n<li><a href=\"https:\/\/news.google.com\/rss\/articles\/CBMi5AFBVV95cUxNbTl4RVI4YklkRU1fZmZSRGpOSFN3bGQxeF93Y1FCQlpqa2V1WEZpOXNnQS1WNTNKUUR6Z1RTVmZudnF2N3RTQndOUWhiaVdLcjN2QVJwMXRNZS1wbzhYQ3c1WnV1enNlbTNJX094YWgtcncxaFVCbmNPX1dhanEwQU9lT2xFZ0Y5NjRuNGVwQm5VNnpudy1GMEE1cmFjVUs1aDBvWURFTnlEWTh3eG4wZ0dJY3h3VV9aRUJKZFI5QXVzRFNnUW9RRVNwVVp1Q2NzV1BoNTlOTkFEc25TT20tWDBYTkY?oc=5\" target=\"_blank\" rel=\"nofollow noopener\">Rentr\u00e9e litt\u00e9raire : les coups de c\u0153ur des libraires de Ploemeur<\/a>&nbsp;&nbsp;Ouest-France<\/li>\n<\/ol>\n","protected":false},"excerpt":{"rendered":"Rentr\u00e9e litt\u00e9raire 2025 : les meilleurs romans \u00e9trangers critiqu\u00e9s par \u201cT\u00e9l\u00e9rama\u201d&nbsp;&nbsp;T\u00e9l\u00e9rama Litt\u00e9rature : 5 belles surprises de la&hellip;\n","protected":false},"author":2,"featured_media":378020,"comment_status":"","ping_status":"","sticky":false,"template":"","format":"standard","meta":{"footnotes":""},"categories":[8],"tags":[58,59,1011,27],"class_list":{"0":"post-378019","1":"post","2":"type-post","3":"status-publish","4":"format-standard","5":"has-post-thumbnail","7":"category-divertissement","8":"tag-divertissement","9":"tag-entertainment","10":"tag-fr","11":"tag-france"},"share_on_mastodon":{"url":"https:\/\/pubeurope.com\/@fr\/115175023247462071","error":""},"_links":{"self":[{"href":"https:\/\/www.europesays.com\/fr\/wp-json\/wp\/v2\/posts\/378019","targetHints":{"allow":["GET"]}}],"collection":[{"href":"https:\/\/www.europesays.com\/fr\/wp-json\/wp\/v2\/posts"}],"about":[{"href":"https:\/\/www.europesays.com\/fr\/wp-json\/wp\/v2\/types\/post"}],"author":[{"embeddable":true,"href":"https:\/\/www.europesays.com\/fr\/wp-json\/wp\/v2\/users\/2"}],"replies":[{"embeddable":true,"href":"https:\/\/www.europesays.com\/fr\/wp-json\/wp\/v2\/comments?post=378019"}],"version-history":[{"count":0,"href":"https:\/\/www.europesays.com\/fr\/wp-json\/wp\/v2\/posts\/378019\/revisions"}],"wp:featuredmedia":[{"embeddable":true,"href":"https:\/\/www.europesays.com\/fr\/wp-json\/wp\/v2\/media\/378020"}],"wp:attachment":[{"href":"https:\/\/www.europesays.com\/fr\/wp-json\/wp\/v2\/media?parent=378019"}],"wp:term":[{"taxonomy":"category","embeddable":true,"href":"https:\/\/www.europesays.com\/fr\/wp-json\/wp\/v2\/categories?post=378019"},{"taxonomy":"post_tag","embeddable":true,"href":"https:\/\/www.europesays.com\/fr\/wp-json\/wp\/v2\/tags?post=378019"}],"curies":[{"name":"wp","href":"https:\/\/api.w.org\/{rel}","templated":true}]}}