{"id":378025,"date":"2025-09-09T15:24:11","date_gmt":"2025-09-09T15:24:11","guid":{"rendered":"https:\/\/www.europesays.com\/fr\/378025\/"},"modified":"2025-09-09T15:24:11","modified_gmt":"2025-09-09T15:24:11","slug":"qui-etait-iryna-zarutska-la-refugiee-ukrainienne-tuee-par-un-sdf-au-lourd-passe-criminel-en-caroline-du-nord","status":"publish","type":"post","link":"https:\/\/www.europesays.com\/fr\/378025\/","title":{"rendered":"Qui \u00e9tait Iryna Zarutska, la r\u00e9fugi\u00e9e ukrainienne tu\u00e9e par un SDF au lourd pass\u00e9 criminel en Caroline du Nord ?"},"content":{"rendered":"<p>Apr\u00e8s un silence m\u00e9diatique de plusieurs semaines, les m\u00e9dias am\u00e9ricains s\u2019emparent finalement de la brutale agression d\u2019Iryna Zarutska, 23 ans. Ses proches se souviendront \u00abde sa gentillesse et de sa cr\u00e9ativit\u00e9\u00bb.<\/p>\n<p class=\"fig-paragraph\">\u00abOn se souviendra d\u2019Iryna pour sa gentillesse, sa cr\u00e9ativit\u00e9 et l\u2019impression durable qu\u2019elle a laiss\u00e9e \u00e0 tous ceux qu\u2019elle a rencontr\u00e9s.\u00bb Le vendredi 22 ao\u00fbt 2025,\u00a0<a href=\"http:\/\/www.lefigaro.fr\/international\/etats-unis-le-meurtre-d-une-refugiee-ukrainienne-par-un-sdf-declenche-un-flot-de-critiques-contre-les-medias-20250908\" target=\"_blank\" data-fig-type=\"NewsFlash\" rel=\"noopener\" data-gtm-custom-categorie=\"navigation\" data-gtm-custom-action=\"crossclick\" data-gtm-custom-label=\"Contextuel\" data-gtm-event=\"customEventSPE\" data-fig-domain=\"LEFIGARO\">Iryna Zarutska<\/a>, r\u00e9fugi\u00e9e ukrainienne de 23 ans, emprunte un train dans la ville de Charlotte (<a href=\"http:\/\/www.lefigaro.fr\/international\/etats-unis-les-images-apocalyptiques-des-incendies-qui-deciment-la-caroline-du-nord-20250303\" target=\"_blank\" data-fig-type=\"NewsFlash\" rel=\"noopener\" data-gtm-custom-categorie=\"navigation\" data-gtm-custom-action=\"crossclick\" data-gtm-custom-label=\"Contextuel\" data-gtm-event=\"customEventSPE\" data-fig-domain=\"LEFIGARO\">Caroline du Nord<\/a>) pour rentrer chez elle apr\u00e8s son service dans une pizzeria. Peu avant 22 heures, elle est poignard\u00e9e trois fois \u00e0 la gorge par un autre passager qui se trouvait derri\u00e8re elle. Il sera identifi\u00e9 par les enqu\u00eateurs comme Decarlos Brown Jr., 34 ans, un sans-abri au lourd pass\u00e9 criminel souffrant de troubles psychiatriques (schizophr\u00e9nie d\u2019apr\u00e8s sa m\u00e8re). Alors qu\u2019une pol\u00e9mique enfle car l\u2019affaire n\u2019a que tardivement \u00e9t\u00e9 reprise par les m\u00e9dias nationaux, peu s\u2019int\u00e9ressent \u00e0 l\u2019histoire tragique de la jeune femme. Qui \u00e9tait Iryna Zarutska\u00a0?<\/p>\n<p class=\"fig-paragraph\">N\u00e9e le 22 mai 2002 \u00e0\u00a0<a href=\"http:\/\/www.lefigaro.fr\/international\/guerre-en-ukraine-kiev-se-reveille-sous-le-choc-de-la-plus-grande-attaque-aerienne-depuis-le-debut-du-conflit-20250907\" target=\"_blank\" data-fig-type=\"Article\" rel=\"noopener\" data-gtm-custom-categorie=\"navigation\" data-gtm-custom-action=\"crossclick\" data-gtm-custom-label=\"Contextuel\" data-gtm-event=\"customEventSPE\" data-fig-domain=\"LEFIGARO\">Kiev<\/a>, Iryna \u00e9tait la fille d\u2019Anna Zarutska et de Stanislav Zarutskyi. En ao\u00fbt 2022, elle quitte son pays avec sa m\u00e8re, sa s\u0153ur et son fr\u00e8re pour fuir la guerre. La famille s\u2019installe aux \u00c9tats-Unis, o\u00f9 elle s\u2019int\u00e8gre sans probl\u00e8me et apprend rapidement l\u2019anglais, \u00abt\u00e9moignant de sa d\u00e9termination et de son d\u00e9sir d\u2019apprendre\u00bb, selon l\u2019avis de d\u00e9c\u00e8s. \u00abArtiste talentueuse et passionn\u00e9e, Iryna est dipl\u00f4m\u00e9e du Synergy College de Kiev en art et restauration\u00bb, peut-on lire. La jeune femme partageait \u00abg\u00e9n\u00e9reusement sa cr\u00e9ativit\u00e9\u00bb et offrait souvent ses \u0153uvres \u00e0 sa famille et \u00e0 ses amis. Sa passion pour l\u2019art se traduisait \u00e9galement par la cr\u00e9ation de \u00abv\u00eatements uniques et \u00e9clectiques, reflet de son dynamisme\u00bb.<\/p>\n<p>                                    <a class=\"fig-a11y-skip a11y-hidden\" href=\"#fig-a11y-skip-main-inarticle\"><br \/>\n        Passer la publicit\u00e9<br \/>\n    <\/a><\/p>\n<p>\u00abElle r\u00eavait de devenir assistante v\u00e9t\u00e9rinaire\u00bb<\/p>\n<p class=\"fig-paragraph\">Selon sa n\u00e9crologie, l\u2019Ukrainienne avait \u00e9galement \u00abun amour profond pour les animaux\u00bb. Elle gardait souvent ceux de ses voisins, \u00abet beaucoup se souviennent avec tendresse l\u2019avoir vue les promener dans le quartier, toujours avec son sourire radieux\u00bb. D\u2019apr\u00e8s ses proches, elle r\u00eavait de devenir assistante v\u00e9t\u00e9rinaire. \u00abSon absence laisse un profond vide, mais son esprit restera \u00e0 jamais pr\u00e9sent dans le c\u0153ur de ceux qui l\u2019aimaient.\u00bb Elle laisse dans le deuil ses parents, son fr\u00e8re et sa s\u0153ur, une tante, des cousins, de nombreux amis et \u00abson partenaire de vie\u00bb.<\/p>\n<p class=\"fig-paragraph\">\u00abNous avons perdu non seulement une employ\u00e9e formidable, mais aussi une v\u00e9ritable amie. Notre ch\u00e8re Iryna nous a quitt\u00e9s bien trop t\u00f4t, et nous sommes profond\u00e9ment attrist\u00e9s\u00bb, a \u00e9crit\u00a0<a href=\"https:\/\/www.instagram.com\/zepeddies\/reel\/DOPpC4WjITj\/?hl=en\" target=\"_blank\" rel=\"sponsored noopener\" data-gtm-custom-categorie=\"navigation\" data-gtm-custom-action=\"crossclick\" data-gtm-custom-label=\"Contextuel\" data-gtm-event=\"customEventSPE\">sur Instagram<\/a>\u00a0le restaurant pizzeria dans lequel travaillait la jeune femme. \u00abDepuis son d\u00e9c\u00e8s, nous avons gard\u00e9 une bougie allum\u00e9e en sa m\u00e9moire \u2014 un petit rappel de la chaleur, de la gentillesse et de la lumi\u00e8re qu\u2019elle apportait dans nos vies chaque jour.\u00bb<\/p>\n<p class=\"fig-paragraph\">Depuis que les images de son agression ont \u00e9t\u00e9 rendues publiques par le r\u00e9seau m\u00e9tropolitain de Charlotte, des centaines de commentaires d\u2019hommages ont afflu\u00e9 sous ses publications sur les r\u00e9seaux sociaux. La\u00a0<a href=\"https:\/\/www.gofundme.com\/f\/in-loving-memory-of-iryna\" target=\"_blank\" rel=\"sponsored noopener\" data-gtm-custom-categorie=\"navigation\" data-gtm-custom-action=\"crossclick\" data-gtm-custom-label=\"Contextuel\" data-gtm-event=\"customEventSPE\">cagnotte<\/a>\u00a0ouverte par sa tante en soutien \u00e0 sa famille vient de d\u00e9passer les 120.000 dollars.<\/p>\n<p>                            <script async src=\"\/\/www.instagram.com\/embed.js\"><\/script><\/p>\n","protected":false},"excerpt":{"rendered":"Apr\u00e8s un silence m\u00e9diatique de plusieurs semaines, les m\u00e9dias am\u00e9ricains s\u2019emparent finalement de la brutale agression d\u2019Iryna Zarutska,&hellip;\n","protected":false},"author":2,"featured_media":378026,"comment_status":"","ping_status":"","sticky":false,"template":"","format":"standard","meta":{"footnotes":""},"categories":[5],"tags":[11,73,1011,27,14,777,12,28],"class_list":{"0":"post-378025","1":"post","2":"type-post","3":"status-publish","4":"format-standard","5":"has-post-thumbnail","7":"category-international","8":"tag-actualites","9":"tag-etats-unis","10":"tag-fr","11":"tag-france","12":"tag-international","13":"tag-meurtre","14":"tag-news","15":"tag-world"},"share_on_mastodon":{"url":"https:\/\/pubeurope.com\/@fr\/115175034964277492","error":""},"_links":{"self":[{"href":"https:\/\/www.europesays.com\/fr\/wp-json\/wp\/v2\/posts\/378025","targetHints":{"allow":["GET"]}}],"collection":[{"href":"https:\/\/www.europesays.com\/fr\/wp-json\/wp\/v2\/posts"}],"about":[{"href":"https:\/\/www.europesays.com\/fr\/wp-json\/wp\/v2\/types\/post"}],"author":[{"embeddable":true,"href":"https:\/\/www.europesays.com\/fr\/wp-json\/wp\/v2\/users\/2"}],"replies":[{"embeddable":true,"href":"https:\/\/www.europesays.com\/fr\/wp-json\/wp\/v2\/comments?post=378025"}],"version-history":[{"count":0,"href":"https:\/\/www.europesays.com\/fr\/wp-json\/wp\/v2\/posts\/378025\/revisions"}],"wp:featuredmedia":[{"embeddable":true,"href":"https:\/\/www.europesays.com\/fr\/wp-json\/wp\/v2\/media\/378026"}],"wp:attachment":[{"href":"https:\/\/www.europesays.com\/fr\/wp-json\/wp\/v2\/media?parent=378025"}],"wp:term":[{"taxonomy":"category","embeddable":true,"href":"https:\/\/www.europesays.com\/fr\/wp-json\/wp\/v2\/categories?post=378025"},{"taxonomy":"post_tag","embeddable":true,"href":"https:\/\/www.europesays.com\/fr\/wp-json\/wp\/v2\/tags?post=378025"}],"curies":[{"name":"wp","href":"https:\/\/api.w.org\/{rel}","templated":true}]}}