{"id":378027,"date":"2025-09-09T15:25:10","date_gmt":"2025-09-09T15:25:10","guid":{"rendered":"https:\/\/www.europesays.com\/fr\/378027\/"},"modified":"2025-09-09T15:25:10","modified_gmt":"2025-09-09T15:25:10","slug":"nouvelle-passe-darmes-retailleau-wauquiez-sur-la-presence-de-la-gauche-au-gouvernement","status":"publish","type":"post","link":"https:\/\/www.europesays.com\/fr\/378027\/","title":{"rendered":"nouvelle passe d\u2019armes Retailleau-Wauquiez sur la pr\u00e9sence de la gauche au gouvernement"},"content":{"rendered":"<p><strong>INFO LE FIGARO &#8211;<\/strong> Les derni\u00e8res r\u00e9unions strat\u00e9giques du parti ont r\u00e9v\u00e9l\u00e9 la persistance des tensions entre les deux hommes.<\/p>\n<p class=\"fig-paragraph\">Les R\u00e9publicains, r\u00e9unis mardi pour trancher les conditions d\u2019une participation de la droite au gouvernement, n\u2019ont pu que constater la permanence d\u2019une divergence entre\u00a0<a href=\"http:\/\/www.lefigaro.fr\/politique\/une-demarche-journalistique-legitime-quand-patrick-cohen-justifiait-un-enregistrement-de-wauquiez-a-son-insu-20250908\" data-fig-type=\"NewsFlash\" data-gtm-custom-categorie=\"navigation\" data-gtm-custom-action=\"crossclick\" data-gtm-custom-label=\"Contextuel\" data-gtm-event=\"customEventSPE\" data-fig-domain=\"LEFIGARO\" target=\"_blank\" rel=\"noopener\">Laurent Wauquiez<\/a>\u00a0et\u00a0<a href=\"http:\/\/www.lefigaro.fr\/faits-divers\/blocage-du-10-septembre-bruno-retailleau-avance-prudemment-le-chiffre-de-600-actions-a-travers-la-france-20250909\" data-fig-type=\"NewsFlash\" data-gtm-custom-categorie=\"navigation\" data-gtm-custom-action=\"crossclick\" data-gtm-custom-label=\"Contextuel\" data-gtm-event=\"customEventSPE\" data-fig-domain=\"LEFIGARO\" target=\"_blank\" rel=\"noopener\">Bruno Retailleau<\/a>. Apr\u00e8s leur rentr\u00e9e politique de Port-Marly, les LR voulaient croire \u00e0 la fin des hostilit\u00e9s. Il n\u2019en est rien. Malgr\u00e9 la ligne affich\u00e9e clairement par Bruno Retailleau et\u00a0<a href=\"http:\/\/www.lefigaro.fr\/politique\/francois-xavier-bellamy-nous-censurerons-un-gouvernement-ps-qui-enverrait-immanquablement-la-france-au-tapis-20250905\" data-fig-type=\"Article\" data-gtm-custom-categorie=\"navigation\" data-gtm-custom-action=\"crossclick\" data-gtm-custom-label=\"Contextuel\" data-gtm-event=\"customEventSPE\" data-fig-domain=\"LEFIGARO\" target=\"_blank\" rel=\"noopener\">Fran\u00e7ois-Xavier Bellamy<\/a>, excluant tout soutien de la droite \u00e0 un premier ministre socialiste, Laurent Wauquiez ne semblait pas vouloir fermer la porte \u00e0 une gauche de gouvernement. \u00abUne folie\u00bb, a tranch\u00e9 Jean-Fran\u00e7ois Cop\u00e9 le premier.<\/p>\n<p class=\"fig-paragraph\">\u00abC\u2019\u00e9tait tr\u00e8s tendu\u00bb, commente un poids lourd. Selon plusieurs participants, le patron des d\u00e9put\u00e9s Droite R\u00e9publicaine a de nouveau abord\u00e9 le sujet quitte \u00e0 enflammer l\u2019hostilit\u00e9 d\u2019une partie de son auditoire. \u00abWauquiez a lanc\u00e9 une question et demand\u00e9 \u00e0 ce qu\u2019on soit clairs l\u00e0-dessus\u00a0: censure-t-on automatiquement un premier ministre PS\u00a0?\u00bb, rapporte-t-on. Selon un \u00abretailliste\u00bb\u2026<\/p>\n<p class=\"fig-premium-paywall__infos\">\n        Cet article est r\u00e9serv\u00e9 aux abonn\u00e9s.        Il vous reste 76% \u00e0 d\u00e9couvrir.\n    <\/p>\n<p>                <img  data- alt=\"Le Figaro\" class=\"fig-img--complete fig-img\"\/><\/p>\n<p class=\"fig-premium-paywall__title\">Vous avez envie de lire la suite ?<\/p>\n<p class=\"fig-premium-paywall__subtitle\">D\u00e9bloquez tous les articles imm\u00e9diatement.<\/p>\n<p class=\"fig-premium-paywall__connect\">\n                D\u00e9j\u00e0 abonn\u00e9\u00a0?                <a class=\"fig-premium-paywall__connect-link\" href=\"https:\/\/connect.lefigaro.fr\/login?client=horizon_web&amp;type=main&amp;redirect_uri=https%3A%2F%2Fwww.lefigaro.fr%2Fpolitique%2Fremaniement-nouvelle-passe-d-armes-retailleau-wauquiez-sur-la-presence-de-la-gauche-au-gouvernement-20250909\" data-js-gtm=\"{&quot;customCategorie&quot;: &quot;conversion&quot;, &quot;customAction&quot;: &quot;before_Landing_Connexion_paywall_auto&quot;, &quot;customLabel&quot;: &quot;bGVmaWdhcm8uZnJfXzFmMDhkNjg4LTI5NTgtNjViNi1hZWQ1LTc5ZmRjZjE2Y2FlMV9fQXJ0aWNsZQ==_Remaniement\u00a0: nouvelle passe d\u2019armes Retailleau-Wauquiez sur la pr\u00e9sence de la gauche au gouvernement_387&quot;, &quot;customIDSPE&quot;: &quot;bGVmaWdhcm8uZnJfXzFmMDhkNjg4LTI5NTgtNjViNi1hZWQ1LTc5ZmRjZjE2Y2FlMV9fQXJ0aWNsZQ==&quot;, &quot;event&quot;: &quot;customEventSPE&quot;}\" target=\"_blank\" rel=\"noopener\"><br \/>\n                    Connectez-vous<br \/>\n                <\/a>\n            <\/p>\n","protected":false},"excerpt":{"rendered":"INFO LE FIGARO &#8211; Les derni\u00e8res r\u00e9unions strat\u00e9giques du parti ont r\u00e9v\u00e9l\u00e9 la persistance des tensions entre les&hellip;\n","protected":false},"author":2,"featured_media":378028,"comment_status":"","ping_status":"","sticky":false,"template":"","format":"standard","meta":{"footnotes":""},"categories":[4],"tags":[11,1013,1011,27,5639,6319,12,25,11067],"class_list":{"0":"post-378027","1":"post","2":"type-post","3":"status-publish","4":"format-standard","5":"has-post-thumbnail","7":"category-france","8":"tag-actualites","9":"tag-bruno-retailleau","10":"tag-fr","11":"tag-france","12":"tag-laurent-wauquiez","13":"tag-les-republicains","14":"tag-news","15":"tag-republique-francaise","16":"tag-sebastien-lecornu"},"share_on_mastodon":{"url":"https:\/\/pubeurope.com\/@fr\/115175038916520682","error":""},"_links":{"self":[{"href":"https:\/\/www.europesays.com\/fr\/wp-json\/wp\/v2\/posts\/378027","targetHints":{"allow":["GET"]}}],"collection":[{"href":"https:\/\/www.europesays.com\/fr\/wp-json\/wp\/v2\/posts"}],"about":[{"href":"https:\/\/www.europesays.com\/fr\/wp-json\/wp\/v2\/types\/post"}],"author":[{"embeddable":true,"href":"https:\/\/www.europesays.com\/fr\/wp-json\/wp\/v2\/users\/2"}],"replies":[{"embeddable":true,"href":"https:\/\/www.europesays.com\/fr\/wp-json\/wp\/v2\/comments?post=378027"}],"version-history":[{"count":0,"href":"https:\/\/www.europesays.com\/fr\/wp-json\/wp\/v2\/posts\/378027\/revisions"}],"wp:featuredmedia":[{"embeddable":true,"href":"https:\/\/www.europesays.com\/fr\/wp-json\/wp\/v2\/media\/378028"}],"wp:attachment":[{"href":"https:\/\/www.europesays.com\/fr\/wp-json\/wp\/v2\/media?parent=378027"}],"wp:term":[{"taxonomy":"category","embeddable":true,"href":"https:\/\/www.europesays.com\/fr\/wp-json\/wp\/v2\/categories?post=378027"},{"taxonomy":"post_tag","embeddable":true,"href":"https:\/\/www.europesays.com\/fr\/wp-json\/wp\/v2\/tags?post=378027"}],"curies":[{"name":"wp","href":"https:\/\/api.w.org\/{rel}","templated":true}]}}