{"id":378032,"date":"2025-09-09T15:28:11","date_gmt":"2025-09-09T15:28:11","guid":{"rendered":"https:\/\/www.europesays.com\/fr\/378032\/"},"modified":"2025-09-09T15:28:11","modified_gmt":"2025-09-09T15:28:11","slug":"sainte-rose-2025-saint-etienne-marche-et-court-contre-le-cancer-du-sein","status":"publish","type":"post","link":"https:\/\/www.europesays.com\/fr\/378032\/","title":{"rendered":"Saint\u00e9 Rose 2025 : Saint-\u00c9tienne marche et court contre le cancer du sein"},"content":{"rendered":"<p>Dimanche 5 octobre 2025, le Parc Fran\u00e7ois Mitterrand de Saint-\u00c9tienne accueillera la 7\u1d49 \u00e9dition de la Saint\u00e9 Rose, une manifestation solidaire, familiale et festive organis\u00e9e dans le cadre d\u2019Octobre Rose, le mois international de sensibilisation au cancer du sein.<\/p>\n<p>Le cancer du sein est le cancer f\u00e9minin le plus fr\u00e9quent en France, touchant 1 femme sur 8 au cours de sa vie. \u00c0 travers des parcours accessibles \u00e0 tous (2,5 km, 5 km ou 8 km, en course ou en marche), <strong>la Saint\u00e9 Rose veut encourager le d\u00e9pistage pr\u00e9coce et rappeler les bienfaits de l\u2019activit\u00e9 physique, avant, pendant ou apr\u00e8s la maladie.\u00a0<\/strong>L\u2019initiative est port\u00e9e par une \u00e9quipe enti\u00e8rement b\u00e9n\u00e9vole, avec un engagement fort : depuis sa cr\u00e9ation, 169 000 \u20ac ont \u00e9t\u00e9 revers\u00e9s \u00e0 la Ligue contre le cancer Loire, permettant le financement de soins de support et de coaching personnalis\u00e9 pour les personnes les plus expos\u00e9es au risque de cancer.<\/p>\n<p><strong>6 000 participants en 2024, des objectifs encore plus ambitieux en 2025<\/strong><\/p>\n<p>La Saint\u00e9 Rose s\u00e9duit un public toujours plus large : de 1 000 participants en 2019 \u00e0 plus de 6 000 en 2024, elle est devenue un rendez-vous annuel majeur dans la Loire. En plus des parcours non chronom\u00e9tr\u00e9s, un \u00e9chauffement collectif ouvrira la journ\u00e9e. Une course d\u00e9di\u00e9e aux enfants (la course des Matrus) et un village animation viendront compl\u00e9ter le programme : d\u00e9monstrations de danse, musique live, stands bien-\u00eatre, espace cosm\u00e9tique, restauration rapide et boutique officielle. <strong>L\u2019int\u00e9gralit\u00e9 des b\u00e9n\u00e9fices sera revers\u00e9e \u00e0 la Ligue contre le cancer de la Loire<\/strong>, renfor\u00e7ant ainsi l\u2019impact local de cette manifestation qui allie sport, sant\u00e9 et solidarit\u00e9.<\/p>\n<p><a href=\"https:\/\/lasainterose.fr\/\" target=\"_blank\" rel=\"noopener nofollow\">EN SAVOIR +<\/a><\/p>\n<p>ZF<\/p>\n<p>\u00a0<\/p>\n","protected":false},"excerpt":{"rendered":"Dimanche 5 octobre 2025, le Parc Fran\u00e7ois Mitterrand de Saint-\u00c9tienne accueillera la 7\u1d49 \u00e9dition de la Saint\u00e9 Rose,&hellip;\n","protected":false},"author":2,"featured_media":378033,"comment_status":"","ping_status":"","sticky":false,"template":"","format":"standard","meta":{"footnotes":""},"categories":[9653],"tags":[1111,11,2430,1777,674,1011,27,12,25,4001],"class_list":{"0":"post-378032","1":"post","2":"type-post","3":"status-publish","4":"format-standard","5":"has-post-thumbnail","7":"category-saint-etienne","8":"tag-actu","9":"tag-actualites","10":"tag-auvergne-rhone-alpes","11":"tag-eu","12":"tag-europe","13":"tag-fr","14":"tag-france","15":"tag-news","16":"tag-republique-francaise","17":"tag-saint-etienne"},"share_on_mastodon":{"url":"https:\/\/pubeurope.com\/@fr\/115175050734618077","error":""},"_links":{"self":[{"href":"https:\/\/www.europesays.com\/fr\/wp-json\/wp\/v2\/posts\/378032","targetHints":{"allow":["GET"]}}],"collection":[{"href":"https:\/\/www.europesays.com\/fr\/wp-json\/wp\/v2\/posts"}],"about":[{"href":"https:\/\/www.europesays.com\/fr\/wp-json\/wp\/v2\/types\/post"}],"author":[{"embeddable":true,"href":"https:\/\/www.europesays.com\/fr\/wp-json\/wp\/v2\/users\/2"}],"replies":[{"embeddable":true,"href":"https:\/\/www.europesays.com\/fr\/wp-json\/wp\/v2\/comments?post=378032"}],"version-history":[{"count":0,"href":"https:\/\/www.europesays.com\/fr\/wp-json\/wp\/v2\/posts\/378032\/revisions"}],"wp:featuredmedia":[{"embeddable":true,"href":"https:\/\/www.europesays.com\/fr\/wp-json\/wp\/v2\/media\/378033"}],"wp:attachment":[{"href":"https:\/\/www.europesays.com\/fr\/wp-json\/wp\/v2\/media?parent=378032"}],"wp:term":[{"taxonomy":"category","embeddable":true,"href":"https:\/\/www.europesays.com\/fr\/wp-json\/wp\/v2\/categories?post=378032"},{"taxonomy":"post_tag","embeddable":true,"href":"https:\/\/www.europesays.com\/fr\/wp-json\/wp\/v2\/tags?post=378032"}],"curies":[{"name":"wp","href":"https:\/\/api.w.org\/{rel}","templated":true}]}}