{"id":378036,"date":"2025-09-09T15:30:27","date_gmt":"2025-09-09T15:30:27","guid":{"rendered":"https:\/\/www.europesays.com\/fr\/378036\/"},"modified":"2025-09-09T15:30:27","modified_gmt":"2025-09-09T15:30:27","slug":"voici-lheure-et-le-parcours-de-la-manifestation-a-nancy-ce-mercredi","status":"publish","type":"post","link":"https:\/\/www.europesays.com\/fr\/378036\/","title":{"rendered":"voici l&rsquo;heure et le parcours de la manifestation \u00e0 Nancy ce mercredi"},"content":{"rendered":"<p>            Par<br \/>\n        <strong><br \/>\n            <a href=\"https:\/\/actu.fr\/auteur\/pierre-emile-bouchy-actu-fr\" title=\"Consulter tous les articles de Paul-Emile Bouchy\" target=\"_blank\" rel=\"noopener\">Paul-Emile Bouchy<\/a><br \/>\n        <\/strong><\/p>\n<p>        Publi\u00e9 le<\/p>\n<p>            9 sept. 2025 \u00e0 17h03        <\/p>\n<p>Alors que <a href=\"https:\/\/actu.fr\/tag\/francois-bayrou\" target=\"_blank\" rel=\"noopener\">Fran\u00e7ois Bayrou<\/a> a pr\u00e9sent\u00e9 \u00e0 Emmanuel Macron <strong>la d\u00e9mission de son gouvernement<\/strong> apr\u00e8s <a href=\"https:\/\/actu.fr\/politique\/vote-de-confiance-sans-surprise-francois-bayrou-se-fait-balayer-par-les-deputes-et-prend-la-porte_63128564.html\" target=\"_blank\" rel=\"noopener\">le rejet du vote de confiance par l\u2019Assembl\u00e9e nationale<\/a> lundi, la mobilisation \u00ab\u00a0Bloquons tout\u00a0\u00bb, pr\u00e9vue dans toute la France <strong>ce mercredi 10 septembre<\/strong>, ne faiblit pas.<\/p>\n<p class=\" wall-content\">Comme \u00e0 <a href=\"https:\/\/actu.fr\/grand-est\/metz_57463\/blocage-du-10-septembre-ce-qu-il-faut-savoir-sur-la-manifestation-prevue-a-metz_63113248.html\" target=\"_blank\" rel=\"noopener\">Metz<\/a> (Moselle),<strong> une manifestation va avoir lieu \u00e0 Nancy<\/strong> (Meurthe-et-Moselle) et la journ\u00e9e pourrait \u00eatre ponctu\u00e9e d\u2019autres actions dans l\u2019agglom\u00e9ration.<\/p>\n<p>Mouvement du 10 septembre : une manifestation citoyenne de Vand\u0153uvre au centre-ville de Nancy<\/p>\n<p class=\" wall-content\">Apr\u00e8s une assembl\u00e9e g\u00e9n\u00e9rale la semaine pass\u00e9e, le mouvement s\u2019organise \u00e0 Nancy. Une <strong>manifestation citoyenne<\/strong> va rejoindre Vandoeuvre-l\u00e8s-Nancy au centre-ville de la cit\u00e9 ducale.<\/p>\n<p class=\" wall-content\">Voici son parcours et les horaires :<\/p>\n<ul class=\" wall-content\">\n<li><strong>14h : rendez-vous sous la halle du march\u00e9 de Vand\u0153uvre<\/strong><\/li>\n<li>15h : d\u00e9part de la manifestation<\/li>\n<li>15h20 : passage au rond-point du V\u00e9lodrome<\/li>\n<li>16h : place de Padoue<\/li>\n<li>17h : place des Vosges<\/li>\n<li>18h : place Stanislas<\/li>\n<li><strong>19h : place Carnot avec l\u2019organisation d\u2019une \u00ab\u00a0agora citoyenne\u00a0\u00bb et un repas partag\u00e9<\/strong><\/li>\n<\/ul>\n<p class=\" wall-content\">D\u2019apr\u00e8s les organisateurs, <strong>des points d\u2019arr\u00eat auront lieu avec \u00ab\u00a0des interm\u00e8des marquants et enthousiasmants\u00a0\u00bb<\/strong> qui permettront aux personnes qui le souhaitent de rejoindre la manifestation en cours de route.<\/p>\n<p>Des actions d\u00e8s le d\u00e9but de la matin\u00e9e<\/p>\n<p class=\" wall-content\">Outre cette manifestation, d\u2019autres actions auront lieu. \u00c0 <strong>6h,<\/strong> un rendez-vous est donn\u00e9 au <strong>rond-point de la Porte verte \u00e0 Essey-l\u00e8s-Nancy<\/strong>. \u00c0 <strong>9h30<\/strong>, les Gilets Jaunes Nancy Porte Sud se retrouveront au<strong> rond-point d\u2019Heillecourt, pr\u00e8s du magasin Botanic<\/strong>.<\/p>\n<p>Votre r\u00e9gion, votre actu !<\/p>\n<p>Recevez chaque jour les infos qui comptent pour vous.<\/p>\n<p>\t<a href=\"https:\/\/actu.fr\/newsletter\" class=\"ac-btn ac-btn--corner ac-btn--medium ac-btn--blue800\" target=\"_blank\" rel=\"noopener\">S&rsquo;incrire<\/a><\/p>\n<p class=\" wall-content\">\u00c0 <strong>18h30<\/strong>,<strong> \u00e0 la salle du V\u00e9lodrome \u00e0 Vand\u0153uvre, un \u00ab\u00a0buffet constituant\u00a0\u00bb sera organis\u00e9<\/strong>. Autour d\u2019un repas partag\u00e9 o\u00f9 chacun ram\u00e8ne un mets, les citoyens sont invit\u00e9s \u00e0 \u00e9changer autour du th\u00e8me : \u00ab\u00a0Qu\u2019aimeriez-vous voir appara\u00eetre dans une nouvelle Constitution pour la France ?\u00a0\u00bb.<\/p>\n<p class=\" wall-content\">Personnalisez votre actualit\u00e9 en ajoutant vos villes et m\u00e9dias en favori avec <a href=\"https:\/\/moncompte.actu.fr\" title=\"D\u00e9couvez Mon Actu\" rel=\"nofollow noopener\" data-trk=\"{&quot;cta&quot;:{&quot;action&quot;:&quot;https:\\\/\\\/moncompte.actu.fr&quot;,&quot;category&quot;:&quot;mon compte&quot;,&quot;from&quot;:&quot;article footer&quot;,&quot;name&quot;:&quot;Mon actu&quot;,&quot;type&quot;:&quot;cta&quot;}}\" target=\"_blank\">Mon Actu<\/a>.<\/p>\n","protected":false},"excerpt":{"rendered":"Par Paul-Emile Bouchy Publi\u00e9 le 9 sept. 2025 \u00e0 17h03 Alors que Fran\u00e7ois Bayrou a pr\u00e9sent\u00e9 \u00e0 Emmanuel&hellip;\n","protected":false},"author":2,"featured_media":378037,"comment_status":"","ping_status":"","sticky":false,"template":"","format":"standard","meta":{"footnotes":""},"categories":[9635],"tags":[1111,11,1777,674,1011,27,775,1272,1702,12,25,104],"class_list":{"0":"post-378036","1":"post","2":"type-post","3":"status-publish","4":"format-standard","5":"has-post-thumbnail","7":"category-nancy","8":"tag-actu","9":"tag-actualites","10":"tag-eu","11":"tag-europe","12":"tag-fr","13":"tag-france","14":"tag-grand-est","15":"tag-manifestations","16":"tag-nancy","17":"tag-news","18":"tag-republique-francaise","19":"tag-societe"},"share_on_mastodon":{"url":"https:\/\/pubeurope.com\/@fr\/115175058709471320","error":""},"_links":{"self":[{"href":"https:\/\/www.europesays.com\/fr\/wp-json\/wp\/v2\/posts\/378036","targetHints":{"allow":["GET"]}}],"collection":[{"href":"https:\/\/www.europesays.com\/fr\/wp-json\/wp\/v2\/posts"}],"about":[{"href":"https:\/\/www.europesays.com\/fr\/wp-json\/wp\/v2\/types\/post"}],"author":[{"embeddable":true,"href":"https:\/\/www.europesays.com\/fr\/wp-json\/wp\/v2\/users\/2"}],"replies":[{"embeddable":true,"href":"https:\/\/www.europesays.com\/fr\/wp-json\/wp\/v2\/comments?post=378036"}],"version-history":[{"count":0,"href":"https:\/\/www.europesays.com\/fr\/wp-json\/wp\/v2\/posts\/378036\/revisions"}],"wp:featuredmedia":[{"embeddable":true,"href":"https:\/\/www.europesays.com\/fr\/wp-json\/wp\/v2\/media\/378037"}],"wp:attachment":[{"href":"https:\/\/www.europesays.com\/fr\/wp-json\/wp\/v2\/media?parent=378036"}],"wp:term":[{"taxonomy":"category","embeddable":true,"href":"https:\/\/www.europesays.com\/fr\/wp-json\/wp\/v2\/categories?post=378036"},{"taxonomy":"post_tag","embeddable":true,"href":"https:\/\/www.europesays.com\/fr\/wp-json\/wp\/v2\/tags?post=378036"}],"curies":[{"name":"wp","href":"https:\/\/api.w.org\/{rel}","templated":true}]}}