{"id":378040,"date":"2025-09-09T15:32:14","date_gmt":"2025-09-09T15:32:14","guid":{"rendered":"https:\/\/www.europesays.com\/fr\/378040\/"},"modified":"2025-09-09T15:32:14","modified_gmt":"2025-09-09T15:32:14","slug":"les-emancipees-misent-sur-la-jeunesse-et-lavenir","status":"publish","type":"post","link":"https:\/\/www.europesays.com\/fr\/378040\/","title":{"rendered":"Les \u00c9mancip\u00e9\u00e9s misent sur la jeunesse et l\u2019avenir"},"content":{"rendered":"<p>Entretien avec\u00a0Rodrigue Mercier, programmateur des \u00c9mancip\u00e9\u00e9s et de L\u2019\u00c9chonova.<\/p>\n<p><strong> <strong>Nouveau lieu, nouvelle implantation, \u00e0 quoi va ressembler l\u2019\u00e9dition 2025 du festival Les \u00c9mancip\u00e9\u00e9s, les 12 et 13\u00a0septembre 2025, dans le jardin des remparts \u00e0 Vannes\u00a0?<\/strong> <\/strong><\/p>\n<p>L\u2019an dernier, des riverains du port s\u2019\u00e9taient plaints des nuisances sonores. Pour les pr\u00e9venir, &#8230;<\/p>\n<p>\u00a0<\/p>\n","protected":false},"excerpt":{"rendered":"Entretien avec\u00a0Rodrigue Mercier, programmateur des \u00c9mancip\u00e9\u00e9s et de L\u2019\u00c9chonova. Nouveau lieu, nouvelle implantation, \u00e0 quoi va ressembler l\u2019\u00e9dition&hellip;\n","protected":false},"author":2,"featured_media":378041,"comment_status":"","ping_status":"","sticky":false,"template":"","format":"standard","meta":{"footnotes":""},"categories":[9619],"tags":[1111,11,3232,51169,1777,674,1011,27,4075,17384,12,882,25,2310],"class_list":{"0":"post-378040","1":"post","2":"type-post","3":"status-publish","4":"format-standard","5":"has-post-thumbnail","7":"category-toulon","8":"tag-actu","9":"tag-actualites","10":"tag-avenir","11":"tag-emancipees","12":"tag-eu","13":"tag-europe","14":"tag-fr","15":"tag-france","16":"tag-jeunesse","17":"tag-misent","18":"tag-news","19":"tag-provence-alpes-cote-dazur","20":"tag-republique-francaise","21":"tag-toulon"},"share_on_mastodon":{"url":"https:\/\/pubeurope.com\/@fr\/115175066460089274","error":""},"_links":{"self":[{"href":"https:\/\/www.europesays.com\/fr\/wp-json\/wp\/v2\/posts\/378040","targetHints":{"allow":["GET"]}}],"collection":[{"href":"https:\/\/www.europesays.com\/fr\/wp-json\/wp\/v2\/posts"}],"about":[{"href":"https:\/\/www.europesays.com\/fr\/wp-json\/wp\/v2\/types\/post"}],"author":[{"embeddable":true,"href":"https:\/\/www.europesays.com\/fr\/wp-json\/wp\/v2\/users\/2"}],"replies":[{"embeddable":true,"href":"https:\/\/www.europesays.com\/fr\/wp-json\/wp\/v2\/comments?post=378040"}],"version-history":[{"count":0,"href":"https:\/\/www.europesays.com\/fr\/wp-json\/wp\/v2\/posts\/378040\/revisions"}],"wp:featuredmedia":[{"embeddable":true,"href":"https:\/\/www.europesays.com\/fr\/wp-json\/wp\/v2\/media\/378041"}],"wp:attachment":[{"href":"https:\/\/www.europesays.com\/fr\/wp-json\/wp\/v2\/media?parent=378040"}],"wp:term":[{"taxonomy":"category","embeddable":true,"href":"https:\/\/www.europesays.com\/fr\/wp-json\/wp\/v2\/categories?post=378040"},{"taxonomy":"post_tag","embeddable":true,"href":"https:\/\/www.europesays.com\/fr\/wp-json\/wp\/v2\/tags?post=378040"}],"curies":[{"name":"wp","href":"https:\/\/api.w.org\/{rel}","templated":true}]}}