{"id":378050,"date":"2025-09-09T15:37:18","date_gmt":"2025-09-09T15:37:18","guid":{"rendered":"https:\/\/www.europesays.com\/fr\/378050\/"},"modified":"2025-09-09T15:37:18","modified_gmt":"2025-09-09T15:37:18","slug":"grenoble-un-debut-dincendie-chez-umicore-mobilise-dimportants-moyens-de-secours","status":"publish","type":"post","link":"https:\/\/www.europesays.com\/fr\/378050\/","title":{"rendered":"Grenoble. Un d\u00e9but d\u2019incendie chez Umicore mobilise d\u2019importants moyens de secours"},"content":{"rendered":"<p>D\u2019importants moyens ont \u00e9t\u00e9 mobilis\u00e9s ce mardi apr\u00e8s-midi par le Sdis 38 (Service d\u00e9partemental d\u2019incendie et de secours) pour intervenir sur le site de la soci\u00e9t\u00e9 Umicore, avenue Rhin-et-Danube \u00e0 Grenoble. <\/p>\n<p>Ce contenu est bloqu\u00e9 car vous n&rsquo;avez pas accept\u00e9 les cookies et autres traceurs.<\/p>\n<p>En cliquant sur \u00ab J\u2019accepte \u00bb, les cookies et autres traceurs seront d\u00e9pos\u00e9s et vous pourrez visualiser les contenus  (<a href=\"\" class=\"consentModule_policy\" target=\"_blank\" title=\"Consulter la politique de protection des donn\u00e9es du fournisseur\">plus d&rsquo;informations<\/a>).<\/p>\n<p>En cliquant sur \u00ab J\u2019accepte tous les cookies \u00bb, vous autorisez des d\u00e9p\u00f4ts de cookies et autres traceurs pour le stockage de vos donn\u00e9es sur nos sites et applications \u00e0 des fins de personnalisation et de ciblage publicitaire.<\/p>\n<p class=\"consentModule_secondaryText\">Vous gardez la possibilit\u00e9 de retirer votre consentement \u00e0 tout moment en consultant notre <a href=\"https:\/\/www.ledauphine.com\/protection-des-donnees\" target=\"_blank\" title=\"Consulter notre politique de protection des donn\u00e9es\" rel=\"nofollow noopener\">politique de protection des donn\u00e9es<\/a>. <br \/>&#13;<br \/>\n            <a href=\"https:\/\/www.ledauphine.com\/faits-divers-justice\/2025\/09\/09\/javascript:Didomi.notice.show()\" class=\"consentModule_cmp\" rel=\"nofollow noopener\" target=\"_blank\">G\u00e9rer mes choix<\/a>&#13;\n        <\/p>\n<p>&#13;<br \/>\n                        J&rsquo;accepte&#13;<br \/>\n            J&rsquo;accepte tous les cookies&#13;\n        <\/p>\n<p>Peu apr\u00e8s 15\u00a0h\u00a030, un incendie s\u2019est en effet d\u00e9clar\u00e9 sur un broyeur, dans un atelier. Le POI (Plan d\u2019op\u00e9ration interne) a \u00e9t\u00e9 d\u00e9clench\u00e9, et une cinquantaine de sapeurs-pompiers ont \u00e9t\u00e9 d\u00e9p\u00each\u00e9s sur les lieux parall\u00e8lement \u00e0 l\u2019intervention des moyens internes, qui ont \u00e9teint l\u2019incendie.<\/p>\n<p>Une trentaine de salari\u00e9s de l\u2019usine a \u00e9t\u00e9 \u00e9vacu\u00e9e. La soci\u00e9t\u00e9 Umicore est sp\u00e9cialis\u00e9e dans\u00a0le d\u00e9veloppement, la fabrication et la commercialisation de poudres m\u00e9talliques.<\/p>\n","protected":false},"excerpt":{"rendered":"D\u2019importants moyens ont \u00e9t\u00e9 mobilis\u00e9s ce mardi apr\u00e8s-midi par le Sdis 38 (Service d\u00e9partemental d\u2019incendie et de secours)&hellip;\n","protected":false},"author":2,"featured_media":378051,"comment_status":"","ping_status":"","sticky":false,"template":"","format":"standard","meta":{"footnotes":""},"categories":[9566],"tags":[1111,11,2430,112,1777,674,274,107,1011,27,2731,2732,1310,108,12,25],"class_list":{"0":"post-378050","1":"post","2":"type-post","3":"status-publish","4":"format-standard","5":"has-post-thumbnail","7":"category-grenoble","8":"tag-actu","9":"tag-actualites","10":"tag-auvergne-rhone-alpes","11":"tag-edition-grenoble-agglomeration","12":"tag-eu","13":"tag-europe","14":"tag-faits-divers-justice","15":"tag-fil-info","16":"tag-fr","17":"tag-france","18":"tag-grenoble","19":"tag-grenoble-bassin","20":"tag-incendie","21":"tag-isere","22":"tag-news","23":"tag-republique-francaise"},"share_on_mastodon":{"url":"https:\/\/pubeurope.com\/@fr\/115175086119090846","error":""},"_links":{"self":[{"href":"https:\/\/www.europesays.com\/fr\/wp-json\/wp\/v2\/posts\/378050","targetHints":{"allow":["GET"]}}],"collection":[{"href":"https:\/\/www.europesays.com\/fr\/wp-json\/wp\/v2\/posts"}],"about":[{"href":"https:\/\/www.europesays.com\/fr\/wp-json\/wp\/v2\/types\/post"}],"author":[{"embeddable":true,"href":"https:\/\/www.europesays.com\/fr\/wp-json\/wp\/v2\/users\/2"}],"replies":[{"embeddable":true,"href":"https:\/\/www.europesays.com\/fr\/wp-json\/wp\/v2\/comments?post=378050"}],"version-history":[{"count":0,"href":"https:\/\/www.europesays.com\/fr\/wp-json\/wp\/v2\/posts\/378050\/revisions"}],"wp:featuredmedia":[{"embeddable":true,"href":"https:\/\/www.europesays.com\/fr\/wp-json\/wp\/v2\/media\/378051"}],"wp:attachment":[{"href":"https:\/\/www.europesays.com\/fr\/wp-json\/wp\/v2\/media?parent=378050"}],"wp:term":[{"taxonomy":"category","embeddable":true,"href":"https:\/\/www.europesays.com\/fr\/wp-json\/wp\/v2\/categories?post=378050"},{"taxonomy":"post_tag","embeddable":true,"href":"https:\/\/www.europesays.com\/fr\/wp-json\/wp\/v2\/tags?post=378050"}],"curies":[{"name":"wp","href":"https:\/\/api.w.org\/{rel}","templated":true}]}}