{"id":378052,"date":"2025-09-09T15:38:13","date_gmt":"2025-09-09T15:38:13","guid":{"rendered":"https:\/\/www.europesays.com\/fr\/378052\/"},"modified":"2025-09-09T15:38:13","modified_gmt":"2025-09-09T15:38:13","slug":"un-an-apres-des-complices-presumes-mis-en-examen","status":"publish","type":"post","link":"https:\/\/www.europesays.com\/fr\/378052\/","title":{"rendered":"un an apr\u00e8s, des complices pr\u00e9sum\u00e9s mis en examen"},"content":{"rendered":"<p>Plusieurs centaines de personnes se sont r\u00e9unies \u00e0 Grenoble pour rendre hommage \u00e0 l\u2019agent municipal, tu\u00e9 en septembre 2024 alors qu\u2019il tentait de retenir un homme ayant caus\u00e9 un accident de la circulation.<\/p>\n<p class=\"fig-paragraph\">\u00abUn homme au service de sa ville, discret, et profond\u00e9ment attach\u00e9 au service public\u00bb, a salu\u00e9 lundi le pr\u00e9fet de l\u2019Is\u00e8re Catherine S\u00e9guin. Elle rendait hommage \u00e0 Lilian Dejean,\u00a0<a href=\"http:\/\/www.lefigaro.fr\/faits-divers\/c-est-une-mort-gratuite-la-stupeur-des-proches-de-lilian-dejean-agent-de-proprete-de-49-ans-tue-par-balles-a-grenoble-20240909\" data-fig-type=\"NewsFlash\" data-gtm-custom-categorie=\"navigation\" data-gtm-custom-action=\"crossclick\" data-gtm-custom-label=\"Contextuel\" data-gtm-event=\"customEventSPE\" data-fig-domain=\"LEFIGARO\" target=\"_blank\" rel=\"noopener\">cet agent municipal tu\u00e9<\/a>\u00a0il y a tout juste un an, alors qu\u2019il tentait de retenir un homme auteur d\u2019un d\u00e9lit de fuite \u00e0 la suite d\u2019un accident. En parall\u00e8le, le parquet a annonc\u00e9 de nouvelles mises en examen en lien avec l\u2019enqu\u00eate.<\/p>\n<p>D\u00e9j\u00e0 19 mentions \u00e0 son casier judiciaire<\/p>\n<p class=\"fig-paragraph\">Le 8 septembre 2024, cet agent de propret\u00e9 et p\u00e8re de famille de 49 ans avait \u00e9t\u00e9 tu\u00e9 d\u2019une balle dans le thorax par l\u2019homme qu\u2019il tentait de retenir apr\u00e8s que ce dernier eut provoqu\u00e9 un accident au volant d\u2019une puissante voiture de location. Sa mort avait suscit\u00e9 une vague d\u2019indignations, \u00e0 Grenoble et au-del\u00e0. Le meurtrier pr\u00e9sum\u00e9, Abdoul D., 26 ans, avait fui \u00e0 pied puis pass\u00e9 plus de deux mois en cavale avant\u00a0<a href=\"http:\/\/www.lefigaro.fr\/faits-divers\/meurtre-a-grenoble-un-suspect-connu-de-la-justice-identifie-et-activement-recherche-20240909\" data-fig-type=\"NewsFlash\" data-gtm-custom-categorie=\"navigation\" data-gtm-custom-action=\"crossclick\" data-gtm-custom-label=\"Contextuel\" data-gtm-event=\"customEventSPE\" data-fig-domain=\"LEFIGARO\" target=\"_blank\" rel=\"noopener\">d\u2019\u00eatre interpell\u00e9 au Portugal<\/a>\u00a0et remis \u00e0 la France, o\u00f9 il avait \u00e9t\u00e9 mis en examen et \u00e9crou\u00e9 pour meurtre.<\/p>\n<p>                                    <a class=\"fig-a11y-skip a11y-hidden\" href=\"#fig-a11y-skip-main-inarticle\"><br \/>\n        Passer la publicit\u00e9<br \/>\n    <\/a><\/p>\n<p class=\"fig-paragraph\">L\u2019homme \u00e9tait d\u00e9j\u00e0 connu de la justice avec pas moins de 19 condamnations \u00e0 son casier judiciaire, beaucoup pour des faits de violence mais \u00e9galement pour du trafic de stup\u00e9fiants. En parall\u00e8le, il avait \u00e9t\u00e9 plac\u00e9 sous le statut de t\u00e9moin assist\u00e9 dans\u00a0<a href=\"http:\/\/www.lefigaro.fr\/faits-divers\/agent-municipal-tue-a-grenoble-le-suspect-toujours-en-cavale-deja-entendu-pour-un-meurtre-en-2015-20240912\" data-fig-type=\"NewsFlash\" data-gtm-custom-categorie=\"navigation\" data-gtm-custom-action=\"crossclick\" data-gtm-custom-label=\"Contextuel\" data-gtm-event=\"customEventSPE\" data-fig-domain=\"LEFIGARO\" target=\"_blank\" rel=\"noopener\">une autre affaire de meurtre<\/a>.<\/p>\n<p class=\"fig-paragraph\">Entre avril et ao\u00fbt, la s\u0153ur de sa compagne, 21 ans, ainsi que deux de ses amis, 31 et 27 ans, ont \u00e9t\u00e9 mis en examen pour \u00abrecel de malfaiteur\u00bb, a annonc\u00e9 lundi le procureur de Grenoble \u00c9tienne Manteaux, confirmant une information du quotidien\u00a0<a href=\"https:\/\/www.ledauphine.com\/faits-divers-justice\/2025\/09\/08\/isere-grenoble-mort-de-lilian-dejean-trois-proches-d-abdoul-diallo-suspectes-de-l-avoir-aide-pendant-sa-cavale-mis-en-examen\" target=\"_blank\" rel=\"sponsored noopener\" data-gtm-custom-categorie=\"navigation\" data-gtm-custom-action=\"crossclick\" data-gtm-custom-label=\"Contextuel\" data-gtm-event=\"customEventSPE\">Le Dauphin\u00e9 Lib\u00e9r\u00e9<\/a> . La femme a \u00e9t\u00e9 mise en examen \u00abnotamment parce que c\u2019est avec son t\u00e9l\u00e9phone portable que tous les \u00e9changes t\u00e9l\u00e9phoniques ont eu lieu\u00bb avec l\u2019auteur pr\u00e9sum\u00e9 du coup de feu, notamment lorsqu\u2019il \u00e9tait au Portugal. Les deux hommes mis en examen sont soup\u00e7onn\u00e9s, eux, de l\u2019avoir \u00abexfiltr\u00e9 de Grenoble\u00bb le jour du meurtre, comme l\u2019attestent des enregistrements vid\u00e9o.<\/p>\n<p>Un proc\u00e8s envisag\u00e9 en 2026<\/p>\n<p class=\"fig-paragraph\">Quant \u00e0 la compagne du suspect, qui serait \u00abla principale personne l\u2019ayant aid\u00e9\u00bb, la loi lui octroie une immunit\u00e9 qui la pr\u00e9serve de toute poursuite parce qu\u2019elle est la m\u00e8re des deux enfants d\u2019Abdoul D., a expliqu\u00e9 le procureur. Tous contestent une quelconque implication. Ils ont \u00e9t\u00e9 plac\u00e9s sous contr\u00f4le judiciaire dans l\u2019attente d\u2019un proc\u00e8s, qui pourrait se tenir en fin d\u2019ann\u00e9e 2026, selon le procureur.<\/p>\n<p class=\"fig-paragraph\">En parall\u00e8le de l\u2019enqu\u00eate, quelque 250 personnes ont rendu hommage lundi \u00e0 Lilian Dejean lors d\u2019un rassemblement \u00e0 l\u2019h\u00f4tel de ville de Grenoble. Le maire \u00c9ric Piolle, ainsi que la pr\u00e9fet \u00e9taient notamment pr\u00e9sents. La l\u00e9gion d\u2019honneur lui a \u00e9t\u00e9 attribu\u00e9e \u00e0 titre posthume, tandis qu\u2019une plaque comm\u00e9morative a \u00e9t\u00e9 d\u00e9voil\u00e9e en pr\u00e9sence de sa famille et une fresque sera peinte sur son lieu de travail, avec pour phrase: \u00ables h\u00e9ros tombent mais leur chute \u00e9l\u00e8ve les consciences.\u00bb<\/p>\n","protected":false},"excerpt":{"rendered":"Plusieurs centaines de personnes se sont r\u00e9unies \u00e0 Grenoble pour rendre hommage \u00e0 l\u2019agent municipal, tu\u00e9 en septembre&hellip;\n","protected":false},"author":2,"featured_media":378053,"comment_status":"","ping_status":"","sticky":false,"template":"","format":"standard","meta":{"footnotes":""},"categories":[9566],"tags":[1111,11,2430,1777,674,1011,27,2731,777,12,25],"class_list":{"0":"post-378052","1":"post","2":"type-post","3":"status-publish","4":"format-standard","5":"has-post-thumbnail","7":"category-grenoble","8":"tag-actu","9":"tag-actualites","10":"tag-auvergne-rhone-alpes","11":"tag-eu","12":"tag-europe","13":"tag-fr","14":"tag-france","15":"tag-grenoble","16":"tag-meurtre","17":"tag-news","18":"tag-republique-francaise"},"share_on_mastodon":{"url":"https:\/\/pubeurope.com\/@fr\/115175090043570121","error":""},"_links":{"self":[{"href":"https:\/\/www.europesays.com\/fr\/wp-json\/wp\/v2\/posts\/378052","targetHints":{"allow":["GET"]}}],"collection":[{"href":"https:\/\/www.europesays.com\/fr\/wp-json\/wp\/v2\/posts"}],"about":[{"href":"https:\/\/www.europesays.com\/fr\/wp-json\/wp\/v2\/types\/post"}],"author":[{"embeddable":true,"href":"https:\/\/www.europesays.com\/fr\/wp-json\/wp\/v2\/users\/2"}],"replies":[{"embeddable":true,"href":"https:\/\/www.europesays.com\/fr\/wp-json\/wp\/v2\/comments?post=378052"}],"version-history":[{"count":0,"href":"https:\/\/www.europesays.com\/fr\/wp-json\/wp\/v2\/posts\/378052\/revisions"}],"wp:featuredmedia":[{"embeddable":true,"href":"https:\/\/www.europesays.com\/fr\/wp-json\/wp\/v2\/media\/378053"}],"wp:attachment":[{"href":"https:\/\/www.europesays.com\/fr\/wp-json\/wp\/v2\/media?parent=378052"}],"wp:term":[{"taxonomy":"category","embeddable":true,"href":"https:\/\/www.europesays.com\/fr\/wp-json\/wp\/v2\/categories?post=378052"},{"taxonomy":"post_tag","embeddable":true,"href":"https:\/\/www.europesays.com\/fr\/wp-json\/wp\/v2\/tags?post=378052"}],"curies":[{"name":"wp","href":"https:\/\/api.w.org\/{rel}","templated":true}]}}