{"id":378056,"date":"2025-09-09T15:40:18","date_gmt":"2025-09-09T15:40:18","guid":{"rendered":"https:\/\/www.europesays.com\/fr\/378056\/"},"modified":"2025-09-09T15:40:18","modified_gmt":"2025-09-09T15:40:18","slug":"en-images-banques-agences-immobilieres-commerces-rennes-se-barricade-avant-le-10-septembre","status":"publish","type":"post","link":"https:\/\/www.europesays.com\/fr\/378056\/","title":{"rendered":"EN IMAGES. Banques, agences immobili\u00e8res, commerces\u2026 Rennes se barricade avant le 10 septembre"},"content":{"rendered":"<p>            Par<br \/>\n        <strong><br \/>\n            <a href=\"https:\/\/actu.fr\/auteur\/laurene-fertin\" title=\"Consulter tous les articles de Laur\u00e8ne Fertin\" target=\"_blank\" rel=\"noopener\">Laur\u00e8ne Fertin<\/a><br \/>\n        <\/strong><\/p>\n<p>        Publi\u00e9 le<\/p>\n<p>            9 sept. 2025 \u00e0 17h15        <\/p>\n<p>\u00ab\u00a0Je crois qu\u2019ils sont un peu inquiets\u00a0\u00bb, souffle un passant, sourire en coin. Dans le centre-ville de Rennes, <strong>les \u00e9pais pans de bois<\/strong> ont fait leur retour<strong> sur les vitrines<\/strong> des commer\u00e7ants, banques, agences immobili\u00e8res ou encore de notaires.\u00a0<\/p>\n<p class=\" wall-content\">La journ\u00e9e de mobilisation de ce<strong> mercredi 10 septembre<\/strong> sera en effet perturb\u00e9e, comme nous vous l\u2019expliquions dans <a href=\"https:\/\/actu.fr\/bretagne\/rennes_35238\/mobilisation-du-10-septembre-a-rennes-ecoles-transports-commerces-quelles-perturbations-ce-mercredi_63132346.html\" target=\"_blank\" rel=\"noopener\">cet article<\/a>. Alors, pour \u00e9viter \u00ab\u00a0la casse\u00a0\u00bb, certains ont d\u00e9cid\u00e9 d\u2019\u00e9riger devant les vitrines <strong>des barricades en bois.<\/strong><\/p>\n<p>\u00ab\u00a0Au cas o\u00f9\u00a0\u00bb<\/p>\n<p class=\" wall-content\">\u00ab\u00a0Si \u00e7a peut nous \u00e9viter de payer encore<strong> des milliers d\u2019euros<\/strong> en r\u00e9paration de vitrine\u00a0\u00bb, indique ce vendeur de la boutique Lacoste, en face du Parlement de Bretagne.\u00a0<\/p>\n<blockquote class=\"ac-article-quote wall-content\">\n<p>Je ne sais pas s&rsquo;il va y avoir des d\u00e9g\u00e2ts, c&rsquo;est au cas o\u00f9. Mais en r\u00e8gle g\u00e9n\u00e9rale, on prend les devants. Les panneaux ont \u00e9t\u00e9 install\u00e9s ce matin (mardi 9 septembre, N.D.L.R).<\/p>\n<p>    <strong\/>\n            <\/p><\/blockquote>\n<p>\u00ab\u00a0\u00c0 mon avis, \u00e7a va durer\u00a0\u00bb<\/p>\n<p class=\" wall-content\"><strong>Les entreprises,<\/strong> missionn\u00e9es pour barricader les commerces, sont <strong>sur le pied de grue<\/strong> depuis ce matin pour prot\u00e9ger les vitrines. Mais certains ont d\u00e9marr\u00e9 bien plus t\u00f4t.<\/p>\n<p class=\" wall-content\">\u00ab\u00a0On a commenc\u00e9 vendredi dernier\u00a0\u00bb, explique un salari\u00e9, devant la banque SG Grand Ouest, place du Mar\u00e9chal Foch. \u00ab\u00a0L\u00e0, on va finir aujourd\u2019hui. Combien de temps \u00e7a va tenir ? \u00c7a, on ne sait pas, mais <strong>la d\u00e9pose, ce ne sera pas pour tout de suite<\/strong> (rires). \u00c0 mon avis, \u00e7a va durer.\u00a0\u00bb<\/p>\n<p class=\" wall-content\">Personnalisez votre actualit\u00e9 en ajoutant vos villes et m\u00e9dias en favori avec <a href=\"https:\/\/moncompte.actu.fr\" title=\"D\u00e9couvez Mon Actu\" rel=\"nofollow noopener\" data-trk=\"{&quot;cta&quot;:{&quot;action&quot;:&quot;https:\\\/\\\/moncompte.actu.fr&quot;,&quot;category&quot;:&quot;mon compte&quot;,&quot;from&quot;:&quot;article footer&quot;,&quot;name&quot;:&quot;Mon actu&quot;,&quot;type&quot;:&quot;cta&quot;}}\" target=\"_blank\">Mon Actu<\/a>.<\/p>\n","protected":false},"excerpt":{"rendered":"Par Laur\u00e8ne Fertin Publi\u00e9 le 9 sept. 2025 \u00e0 17h15 \u00ab\u00a0Je crois qu\u2019ils sont un peu inquiets\u00a0\u00bb, souffle&hellip;\n","protected":false},"author":2,"featured_media":378057,"comment_status":"","ping_status":"","sticky":false,"template":"","format":"standard","meta":{"footnotes":""},"categories":[2821],"tags":[1111,11,47212,829,1777,674,1011,27,6151,50957,12,584,25,104],"class_list":{"0":"post-378056","1":"post","2":"type-post","3":"status-publish","4":"format-standard","5":"has-post-thumbnail","7":"category-rennes","8":"tag-actu","9":"tag-actualites","10":"tag-bloquons-tout","11":"tag-bretagne","12":"tag-eu","13":"tag-europe","14":"tag-fr","15":"tag-france","16":"tag-greve","17":"tag-mouvement-du-10-septembre","18":"tag-news","19":"tag-rennes","20":"tag-republique-francaise","21":"tag-societe"},"share_on_mastodon":{"url":"https:\/\/pubeurope.com\/@fr\/115175097975386915","error":""},"_links":{"self":[{"href":"https:\/\/www.europesays.com\/fr\/wp-json\/wp\/v2\/posts\/378056","targetHints":{"allow":["GET"]}}],"collection":[{"href":"https:\/\/www.europesays.com\/fr\/wp-json\/wp\/v2\/posts"}],"about":[{"href":"https:\/\/www.europesays.com\/fr\/wp-json\/wp\/v2\/types\/post"}],"author":[{"embeddable":true,"href":"https:\/\/www.europesays.com\/fr\/wp-json\/wp\/v2\/users\/2"}],"replies":[{"embeddable":true,"href":"https:\/\/www.europesays.com\/fr\/wp-json\/wp\/v2\/comments?post=378056"}],"version-history":[{"count":0,"href":"https:\/\/www.europesays.com\/fr\/wp-json\/wp\/v2\/posts\/378056\/revisions"}],"wp:featuredmedia":[{"embeddable":true,"href":"https:\/\/www.europesays.com\/fr\/wp-json\/wp\/v2\/media\/378057"}],"wp:attachment":[{"href":"https:\/\/www.europesays.com\/fr\/wp-json\/wp\/v2\/media?parent=378056"}],"wp:term":[{"taxonomy":"category","embeddable":true,"href":"https:\/\/www.europesays.com\/fr\/wp-json\/wp\/v2\/categories?post=378056"},{"taxonomy":"post_tag","embeddable":true,"href":"https:\/\/www.europesays.com\/fr\/wp-json\/wp\/v2\/tags?post=378056"}],"curies":[{"name":"wp","href":"https:\/\/api.w.org\/{rel}","templated":true}]}}