{"id":37806,"date":"2025-04-20T02:50:10","date_gmt":"2025-04-20T02:50:10","guid":{"rendered":"https:\/\/www.europesays.com\/fr\/37806\/"},"modified":"2025-04-20T02:50:10","modified_gmt":"2025-04-20T02:50:10","slug":"la-cour-supreme-bloque-momentanement-lexpulsion-dun-groupe-dimmigrants","status":"publish","type":"post","link":"https:\/\/www.europesays.com\/fr\/37806\/","title":{"rendered":"La Cour supr\u00eame bloque momentan\u00e9ment l&rsquo;expulsion d\u2019un groupe d\u2019immigrants"},"content":{"rendered":"<p><img width=\"750\" height=\"422\" src=\"https:\/\/www.europesays.com\/fr\/wp-content\/uploads\/2025\/04\/Cour-supreme.jpg\" class=\"attachment-full size-full wp-post-image\" alt=\"Cour supr\u00eame\" data-main-img=\"1\" decoding=\"async\" fetchpriority=\"high\"  \/><\/p>\n<p>\t\t\tLa Cour supr\u00eame am\u00e9ricaine, plus haute juridiction des Etats-Unis, a bloqu\u00e9 samedi temporairement l\u2019expulsion par l\u2019administration d\u2019un groupe d\u2019immigrants sud-am\u00e9ricains vers une prison au Salvador.<\/p>\n<p style=\"text-align: justify;\">La d\u00e9cision intervient suite \u00e0 une assignation en r\u00e9f\u00e9r\u00e9 d\u00e9pos\u00e9e par les avocats des migrants sollicitant les juges pour bloquer l\u2019expulsion par les autorit\u00e9s am\u00e9ricaines de ces migrants en faisant appel \u00e0 une loi datant de la fin du 18e si\u00e8cle.<\/p>\n<p style=\"text-align: justify;\">L\u2019Alien Enemies Act, une l\u00e9gislation promulgu\u00e9e en 1798, a \u00e9t\u00e9 utilis\u00e9e par l\u2019administration pour expulser des centaines de migrants ill\u00e9gaux ou membres de gangs violents op\u00e9rant aux Etats-Unis, qui sont assimil\u00e9s \u00e0 des gouvernements \u00e9trangers en temps de guerre.<\/p>\n<p style=\"text-align: justify;\"><strong>Lire aussi :\u00a0<a style=\"color: #008000;\" href=\"https:\/\/maroc-diplomatique.net\/usa-gel-dune-subvention-federale-de-22-milliards-de-dollars-a-luniversite-harvard\/\" target=\"_blank\" rel=\"noopener\">USA: gel d\u2019une subvention f\u00e9d\u00e9rale de 2,2 milliards de dollars \u00e0 l\u2019universit\u00e9 Harvard<\/a><\/strong><\/p>\n<p style=\"text-align: justify;\">Il s\u2019agit de la deuxi\u00e8me fois en l\u2019espace d\u2019un mois que la plus haute juridiction am\u00e9ricaine ait \u00e9t\u00e9 saisie concernant l\u2019expulsion de migrants.<\/p>\n<p style=\"text-align: justify;\">\u00ab\u00a0Il est ordonn\u00e9 au gouvernement de n\u2019expulser aucun membre de la cat\u00e9gorie pr\u00e9sum\u00e9e de d\u00e9tenus des \u00c9tats-Unis jusqu\u2019\u00e0 nouvel ordre de cette Cour\u00a0\u00bb, lit-on dans l\u2019ordonnance publi\u00e9e t\u00f4t samedi.<\/p>\n<p style=\"text-align: justify;\">Les juges ont affirm\u00e9 que les individus d\u00e9sign\u00e9s comme \u201cennemis \u00e9trangers\u201d ont le droit d\u2019\u00eatre inform\u00e9s de leur expulsion, et d\u2019avoir la possibilit\u00e9 de la contester devant un juge f\u00e9d\u00e9ral du district o\u00f9 ils ont \u00e9t\u00e9 d\u00e9tenus.<\/p>\n<p style=\"text-align: justify;\">Lors de sa campagne \u00e9lectorale, le pr\u00e9sident Donald Trump a promis d\u2019expulser \u201cdes dizaines de millions\u201d de migrants ill\u00e9gaux et de membres de gangs violents.<\/p>\n<p style=\"text-align: justify;\">Avec MAP<\/p>\n","protected":false},"excerpt":{"rendered":"La Cour supr\u00eame am\u00e9ricaine, plus haute juridiction des Etats-Unis, a bloqu\u00e9 samedi temporairement l\u2019expulsion par l\u2019administration d\u2019un groupe&hellip;\n","protected":false},"author":2,"featured_media":37807,"comment_status":"","ping_status":"","sticky":false,"template":"","format":"standard","meta":{"footnotes":""},"categories":[1589],"tags":[11,10658,75,73,1866,11993,11515,12,1864,1865,1863,308],"class_list":{"0":"post-37806","1":"post","2":"type-post","3":"status-publish","4":"format-standard","5":"has-post-thumbnail","7":"category-etats-unis","8":"tag-actualites","9":"tag-cour-supreme","10":"tag-donald-trump","11":"tag-etats-unis","12":"tag-etats-unis-damerique","13":"tag-immigrants","14":"tag-juges","15":"tag-news","16":"tag-united-states","17":"tag-united-states-of-america","18":"tag-us","19":"tag-usa"},"share_on_mastodon":{"url":"https:\/\/pubeurope.com\/@fr\/114368022078715451","error":""},"_links":{"self":[{"href":"https:\/\/www.europesays.com\/fr\/wp-json\/wp\/v2\/posts\/37806","targetHints":{"allow":["GET"]}}],"collection":[{"href":"https:\/\/www.europesays.com\/fr\/wp-json\/wp\/v2\/posts"}],"about":[{"href":"https:\/\/www.europesays.com\/fr\/wp-json\/wp\/v2\/types\/post"}],"author":[{"embeddable":true,"href":"https:\/\/www.europesays.com\/fr\/wp-json\/wp\/v2\/users\/2"}],"replies":[{"embeddable":true,"href":"https:\/\/www.europesays.com\/fr\/wp-json\/wp\/v2\/comments?post=37806"}],"version-history":[{"count":0,"href":"https:\/\/www.europesays.com\/fr\/wp-json\/wp\/v2\/posts\/37806\/revisions"}],"wp:featuredmedia":[{"embeddable":true,"href":"https:\/\/www.europesays.com\/fr\/wp-json\/wp\/v2\/media\/37807"}],"wp:attachment":[{"href":"https:\/\/www.europesays.com\/fr\/wp-json\/wp\/v2\/media?parent=37806"}],"wp:term":[{"taxonomy":"category","embeddable":true,"href":"https:\/\/www.europesays.com\/fr\/wp-json\/wp\/v2\/categories?post=37806"},{"taxonomy":"post_tag","embeddable":true,"href":"https:\/\/www.europesays.com\/fr\/wp-json\/wp\/v2\/tags?post=37806"}],"curies":[{"name":"wp","href":"https:\/\/api.w.org\/{rel}","templated":true}]}}