{"id":378060,"date":"2025-09-09T15:42:11","date_gmt":"2025-09-09T15:42:11","guid":{"rendered":"https:\/\/www.europesays.com\/fr\/378060\/"},"modified":"2025-09-09T15:42:11","modified_gmt":"2025-09-09T15:42:11","slug":"a-strasbourg-des-petits-papiers-appellent-a-bloquer-lautoroute","status":"publish","type":"post","link":"https:\/\/www.europesays.com\/fr\/378060\/","title":{"rendered":"A Strasbourg, des petits papiers appellent \u00e0 bloquer l\u2019autoroute"},"content":{"rendered":"<p>Lors du <a href=\"https:\/\/www.20minutes.fr\/politique\/assemblee_nationale\/4171896-20250908-vote-confiance-ciao-bayrou-marseille-pot-depart-ressemble-repetition-10-septembre\" target=\"_blank\" class=\"c-link c-link--is-underlined\" rel=\"nofollow noopener\">pot de d\u00e9part de Fran\u00e7ois Bayrou<\/a>, Premier ministre d\u00e9missionnaire, \u00e0 <a href=\"https:\/\/www.20minutes.fr\/strasbourg\/\" class=\"c-link c-link--is-underlined\" rel=\"nofollow noopener\" target=\"_blank\">Strasbourg<\/a>, le mouvement \u00ab\u00a0Bloquons tout\u00a0\u00bb a distribu\u00e9 des petits papiers afin de donner rendez-vous aux manifestants pour la journ\u00e9e de mercredi. Selon <a href=\"https:\/\/www.rue89strasbourg.com\/bloquons-tout-petits-papiers-depart-bayrou-strasbourg-358620\" target=\"_blank\" class=\"c-link c-link--is-underlined\" rel=\"nofollow noopener\">Rue 89 Strasbourg<\/a>, le mode d\u2019action consiste \u00e0 bloquer l\u2019autoroute.<\/p>\n<\/p>\n<p>Au terme d\u2019une r\u00e9union festive, place Kl\u00e9ber, pour c\u00e9l\u00e9brer le d\u00e9part du chef du gouvernement, les manifestants se sont mis d\u2019accord pour se rejoindre mercredi \u00e0 7 heures \u00e0 l\u2019arr\u00eat de tram Montagne Verte.<\/p>\n<p>300 personnes r\u00e9unies pour mettre en place le blocus<\/p>\n<p>Plus de 300 personnes ont c\u00e9l\u00e9br\u00e9 le d\u00e9part de <a href=\"https:\/\/www.20minutes.fr\/politique\/francois_bayrou\/\" class=\"c-link c-link--is-underlined\" rel=\"nofollow noopener\" target=\"_blank\">Fran\u00e7ois Bayrou<\/a> lundi soir apr\u00e8s 20 heures. Dont de nombreux \u00e9tudiants \u00e9taient r\u00e9unis autour de la musique provenant d\u2019un v\u00e9lo-cargo. Les slogans des manifestants ont \u00e9t\u00e9 chant\u00e9s dans un m\u00e9gaphone, rappelant le mouvement des \u00ab\u00a0<a href=\"https:\/\/www.20minutes.fr\/societe\/gilets-jaunes\/\" class=\"c-link c-link--is-underlined\" rel=\"nofollow noopener\" target=\"_blank\">gilets jaunes<\/a>\u00a0\u00bb. Unanimes, les participants demandent \u00e0 bloquer le pays.<\/p>\n<p>Un petit papier circulait avec le message suivant\u00a0: \u00ab\u00a0Bloquons tout le 10\u00a0septembre. Venez nombreux et munies d\u2019habits et protections ad\u00e9quats [\u2026] pantalon sombre, veste sombre, masque FFP2\/P3, foulard, \u00e9charpe, gants, s\u00e9rum physiologique et videz votre t\u00e9l\u00e9phone ou partez sans\u00a0!\u00a0\u00bb<\/p>\n<p>Les blocages des flux \u00e9conomiques et financiers sont pr\u00e9vus mercredi, \u00e0 commencer par l\u2019autoroute. Le message est pass\u00e9.<\/p>\n","protected":false},"excerpt":{"rendered":"Lors du pot de d\u00e9part de Fran\u00e7ois Bayrou, Premier ministre d\u00e9missionnaire, \u00e0 Strasbourg, le mouvement \u00ab\u00a0Bloquons tout\u00a0\u00bb a&hellip;\n","protected":false},"author":2,"featured_media":378061,"comment_status":"","ping_status":"","sticky":false,"template":"","format":"standard","meta":{"footnotes":""},"categories":[2820],"tags":[1111,47,11,2389,2649,1777,674,118,1011,27,775,1272,12,25,104,640],"class_list":{"0":"post-378060","1":"post","2":"type-post","3":"status-publish","4":"format-standard","5":"has-post-thumbnail","7":"category-strasbourg","8":"tag-actu","9":"tag-actualite","10":"tag-actualites","11":"tag-alsace","12":"tag-bas-rhin","13":"tag-eu","14":"tag-europe","15":"tag-faits-divers","16":"tag-fr","17":"tag-france","18":"tag-grand-est","19":"tag-manifestations","20":"tag-news","21":"tag-republique-francaise","22":"tag-societe","23":"tag-strasbourg"},"share_on_mastodon":{"url":"https:\/\/pubeurope.com\/@fr\/115175105892807467","error":""},"_links":{"self":[{"href":"https:\/\/www.europesays.com\/fr\/wp-json\/wp\/v2\/posts\/378060","targetHints":{"allow":["GET"]}}],"collection":[{"href":"https:\/\/www.europesays.com\/fr\/wp-json\/wp\/v2\/posts"}],"about":[{"href":"https:\/\/www.europesays.com\/fr\/wp-json\/wp\/v2\/types\/post"}],"author":[{"embeddable":true,"href":"https:\/\/www.europesays.com\/fr\/wp-json\/wp\/v2\/users\/2"}],"replies":[{"embeddable":true,"href":"https:\/\/www.europesays.com\/fr\/wp-json\/wp\/v2\/comments?post=378060"}],"version-history":[{"count":0,"href":"https:\/\/www.europesays.com\/fr\/wp-json\/wp\/v2\/posts\/378060\/revisions"}],"wp:featuredmedia":[{"embeddable":true,"href":"https:\/\/www.europesays.com\/fr\/wp-json\/wp\/v2\/media\/378061"}],"wp:attachment":[{"href":"https:\/\/www.europesays.com\/fr\/wp-json\/wp\/v2\/media?parent=378060"}],"wp:term":[{"taxonomy":"category","embeddable":true,"href":"https:\/\/www.europesays.com\/fr\/wp-json\/wp\/v2\/categories?post=378060"},{"taxonomy":"post_tag","embeddable":true,"href":"https:\/\/www.europesays.com\/fr\/wp-json\/wp\/v2\/tags?post=378060"}],"curies":[{"name":"wp","href":"https:\/\/api.w.org\/{rel}","templated":true}]}}