{"id":378064,"date":"2025-09-09T15:44:10","date_gmt":"2025-09-09T15:44:10","guid":{"rendered":"https:\/\/www.europesays.com\/fr\/378064\/"},"modified":"2025-09-09T15:44:10","modified_gmt":"2025-09-09T15:44:10","slug":"les-manifestations-prevues-le-10-septembre-dans-les-alpes-maritimes","status":"publish","type":"post","link":"https:\/\/www.europesays.com\/fr\/378064\/","title":{"rendered":"les manifestations pr\u00e9vues le 10 septembre dans les Alpes-Maritimes"},"content":{"rendered":"<p>            Par<br \/>\n        <strong><br \/>\n            <a href=\"https:\/\/actu.fr\/auteur\/ugo-maillard\" title=\"Consulter tous les articles de Ugo Maillard\" target=\"_blank\" rel=\"noopener\">Ugo Maillard<\/a><br \/>\n        <\/strong><\/p>\n<p>        Publi\u00e9 le<\/p>\n<p>            9 sept. 2025 \u00e0 17h09        <\/p>\n<p>Les cons\u00e9quences du mouvement citoyen <strong>\u00ab\u2009Bloquons tout\u2009\u00bb<\/strong>, organis\u00e9 le mercredi 10\u00a0septembre 2025, se pr\u00e9cisent dans les <a href=\"https:\/\/actu.fr\/provence-alpes-cote-d-azur\/alpes-maritimes_06\" target=\"_blank\" rel=\"noopener\">Alpes-Maritimes<\/a>. \u00c0 quelques heures du rassemblement populaire annonc\u00e9 depuis des mois sur les r\u00e9seaux sociaux, les modalit\u00e9s d\u2019actions sont, pour une partie, connues. Les services de la pr\u00e9fecture des Alpes-Maritimes ont livr\u00e9 \u00e0 <a href=\"https:\/\/actu.fr\/nice\/\" target=\"_blank\" rel=\"noopener\">actu Nice<\/a>, une <strong>liste de rassemblements pr\u00e9vus<\/strong>. Un inventaire non exhaustif des mobilisations puisque certaines n\u2019ont pas \u00e9t\u00e9 d\u00e9clar\u00e9es.<\/p>\n<p class=\" wall-content\">On fait le point \u00e0 Nice et dans le d\u00e9partement.<\/p>\n<p>Trois rassemblements d\u00e9clar\u00e9s par la CGT<\/p>\n<p class=\" wall-content\">Seule organisation officielle \u00e0 avoir annonc\u00e9 des rassemblements, la CGT indique que trois mobilisations se tiendront dans les Alpes-Maritimes.<\/p>\n<p class=\" wall-content\">Un point de rendez-vous est donn\u00e9 sur le rond-point de Provence \u00e0 Antibes, \u00e0 partir de 8h. Il pourrait \u00eatre \u00e0 l\u2019origine d\u2019embouteillages dans le secteur, notamment en raison de sa proximit\u00e9 avec l\u2019entr\u00e9e de l\u2019autoroute A8.<\/p>\n<p class=\" wall-content\">Selon les informations d\u2019<a href=\"https:\/\/actu.fr\/nice\/\" target=\"_blank\" rel=\"noopener\">actu Nice<\/a>, le rassemblement le plus important en termes de militants CGT sera devant le si\u00e8ge local du Medef, \u00e0 Saint-Laurent-du-Var.<\/p>\n<p>    <a href=\"https:\/\/www.google.com\/maps\/embed?pb=!1m18!1m12!1m3!1d4201.5691312479275!2d7.191110998442496!3d43.66105295564976!2m3!1f0!2f0!3f0!3m2!1i1024!2i768!4f13.1!3m3!1m2!1s0x12cdd16a1cec61d7%3A0xf6108b12f44c55b1!2s273%20Av.%20Georges%20Guynemer%2C%2006700%20Saint-Laurent-du-Var!5e0!3m2!1sfr!2sfr!4v1757344775289!5m2!1sfr!2sfr\" title=\"Ouvrie le lien\" target=\"_blank\" rel=\"noopener\">Cliquez ici pour visualiser le contenu<\/a><\/p>\n<p class=\" wall-content\">Enfin, et contrairement \u00e0 ce qui a \u00e9t\u00e9 indiqu\u00e9, le troisi\u00e8me rassemblement du syndicat dans le d\u00e9partement se fera <strong>dans le quartier de Magnan \u00e0 Nice, devant la caserne de pompiers<\/strong>.<\/p>\n<p>Votre r\u00e9gion, votre actu !<\/p>\n<p>Recevez chaque jour les infos qui comptent pour vous.<\/p>\n<p>\t<a href=\"https:\/\/actu.fr\/newsletter\" class=\"ac-btn ac-btn--corner ac-btn--medium ac-btn--blue800\" target=\"_blank\" rel=\"noopener\">S&rsquo;incrire<\/a><br \/>\nUne manifestation \u00e0 Nice\u2009?<\/p>\n<p class=\" wall-content\">Ces trois manifestations organis\u00e9es par la CGT ont \u00e9t\u00e9 d\u00e9clar\u00e9es en pr\u00e9fecture, ce qui est obligatoire au regard de la loi.<\/p>\n<p class=\" wall-content\">Pour autant, le site indignonsnous.fr d\u00e9nombre une seule mobilisation dans les Alpes-Maritimes.\u00a0Le rendez-vous est donn\u00e9 le mercredi 10\u00a0septembre<strong> \u00e0 14\u2009h\u200930 sur la place Garibaldi de Nice<\/strong>.<\/p>\n<p>    <a href=\"https:\/\/www.google.com\/maps\/embed?pb=!1m18!1m12!1m3!1d9702.342323020272!2d7.282716896531675!3d43.69966603612861!2m3!1f0!2f0!3f0!3m2!1i1024!2i768!4f13.1!3m3!1m2!1s0x12cddaba3883dbbf%3A0x7c3cde18da41331f!2sPl.%20Garibaldi%2C%2006300%20Nice!5e0!3m2!1sfr!2sfr!4v1757412432132!5m2!1sfr!2sfr\" title=\"Ouvrie le lien\" target=\"_blank\" rel=\"noopener\">Cliquez ici pour visualiser le contenu<\/a><\/p>\n<p>Le droit de manifester sera respect\u00e9<\/p>\n<p class=\" wall-content\">\u00ab\u2009On s\u2019attend \u00e0 un mouvement important, mais relativement calme dans le d\u00e9partement\u2009\u00bb, confie une source polici\u00e8re \u00e0 notre r\u00e9daction.<\/p>\n<p class=\" wall-content\">Du c\u00f4t\u00e9 de la pr\u00e9fecture, on assure que le droit \u00e0 manifester sera totalement respect\u00e9 et que les op\u00e9rations de tractage <strong>ne seront pas interrompues<\/strong>.<\/p>\n<p class=\" wall-content\">Seuls les blocages ou occupations ill\u00e9gales, aux entr\u00e9es d\u2019autoroute, dans des lieux des transits comme les a\u00e9roports ou devant des b\u00e2timents officiels, seront r\u00e9primand\u00e9s, nous affirme-t-on.<\/p>\n<p class=\" wall-content\">Personnalisez votre actualit\u00e9 en ajoutant vos villes et m\u00e9dias en favori avec <a href=\"https:\/\/moncompte.actu.fr\" title=\"D\u00e9couvez Mon Actu\" rel=\"nofollow noopener\" data-trk=\"{&quot;cta&quot;:{&quot;action&quot;:&quot;https:\\\/\\\/moncompte.actu.fr&quot;,&quot;category&quot;:&quot;mon compte&quot;,&quot;from&quot;:&quot;article footer&quot;,&quot;name&quot;:&quot;Mon actu&quot;,&quot;type&quot;:&quot;cta&quot;}}\" target=\"_blank\">Mon Actu<\/a>.<\/p>\n","protected":false},"excerpt":{"rendered":"Par Ugo Maillard Publi\u00e9 le 9 sept. 2025 \u00e0 17h09 Les cons\u00e9quences du mouvement citoyen \u00ab\u2009Bloquons tout\u2009\u00bb, organis\u00e9&hellip;\n","protected":false},"author":2,"featured_media":378065,"comment_status":"","ping_status":"","sticky":false,"template":"","format":"standard","meta":{"footnotes":""},"categories":[2819],"tags":[1111,11,1777,674,1011,27,1272,12,2401,882,25,104],"class_list":{"0":"post-378064","1":"post","2":"type-post","3":"status-publish","4":"format-standard","5":"has-post-thumbnail","7":"category-nice","8":"tag-actu","9":"tag-actualites","10":"tag-eu","11":"tag-europe","12":"tag-fr","13":"tag-france","14":"tag-manifestations","15":"tag-news","16":"tag-nice","17":"tag-provence-alpes-cote-dazur","18":"tag-republique-francaise","19":"tag-societe"},"share_on_mastodon":{"url":"https:\/\/pubeurope.com\/@fr\/115175113623498597","error":""},"_links":{"self":[{"href":"https:\/\/www.europesays.com\/fr\/wp-json\/wp\/v2\/posts\/378064","targetHints":{"allow":["GET"]}}],"collection":[{"href":"https:\/\/www.europesays.com\/fr\/wp-json\/wp\/v2\/posts"}],"about":[{"href":"https:\/\/www.europesays.com\/fr\/wp-json\/wp\/v2\/types\/post"}],"author":[{"embeddable":true,"href":"https:\/\/www.europesays.com\/fr\/wp-json\/wp\/v2\/users\/2"}],"replies":[{"embeddable":true,"href":"https:\/\/www.europesays.com\/fr\/wp-json\/wp\/v2\/comments?post=378064"}],"version-history":[{"count":0,"href":"https:\/\/www.europesays.com\/fr\/wp-json\/wp\/v2\/posts\/378064\/revisions"}],"wp:featuredmedia":[{"embeddable":true,"href":"https:\/\/www.europesays.com\/fr\/wp-json\/wp\/v2\/media\/378065"}],"wp:attachment":[{"href":"https:\/\/www.europesays.com\/fr\/wp-json\/wp\/v2\/media?parent=378064"}],"wp:term":[{"taxonomy":"category","embeddable":true,"href":"https:\/\/www.europesays.com\/fr\/wp-json\/wp\/v2\/categories?post=378064"},{"taxonomy":"post_tag","embeddable":true,"href":"https:\/\/www.europesays.com\/fr\/wp-json\/wp\/v2\/tags?post=378064"}],"curies":[{"name":"wp","href":"https:\/\/api.w.org\/{rel}","templated":true}]}}