{"id":378066,"date":"2025-09-09T15:45:35","date_gmt":"2025-09-09T15:45:35","guid":{"rendered":"https:\/\/www.europesays.com\/fr\/378066\/"},"modified":"2025-09-09T15:45:35","modified_gmt":"2025-09-09T15:45:35","slug":"une-fuite-de-gaz-necessite-levacuation-dune-trentaine-de-personnes-dans-le-vignoble-de","status":"publish","type":"post","link":"https:\/\/www.europesays.com\/fr\/378066\/","title":{"rendered":"Une fuite de gaz n\u00e9cessite l\u2019\u00e9vacuation d\u2019une trentaine de personnes dans le vignoble de"},"content":{"rendered":"<p>Les sapeurs-pompiers ont fait \u00e9vacuer une trentaine de personnes au Loroux-Bottereau (Loire-Atlantique), ce lundi 8\u00a0septembre en milieu d\u2019apr\u00e8s-midi, en raison d\u2019une importante fuite de gaz sur la voie publique. L\u2019alerte a \u00e9t\u00e9 donn\u00e9e \u00e0 15\u00a0h\u00a011. La fuite s\u2019est produite \u00e0 l\u2019angle de la rue du Bas-Martray et de la rue des Coteaux, au sud de la commune.<\/p>\n<p>Les trente\u00a0personnes ont \u00e9t\u00e9 mises en s\u00e9curit\u00e9 pendant environ deux heures, le temps de l\u2019intervention. GRDF a \u00e9t\u00e9 contraint de couper une canalisation de 4\u00a0bars, alimentant une grande partie de la commune. En tout, 272\u00a0clients ont \u00e9t\u00e9 priv\u00e9s de gaz. Il n\u2019y a aucune victime, pr\u00e9cise le centre op\u00e9rationnel d\u00e9partemental d\u2019incendie et de secours.<\/p>\n<p>\u00a0<\/p>\n","protected":false},"excerpt":{"rendered":"Les sapeurs-pompiers ont fait \u00e9vacuer une trentaine de personnes au Loroux-Bottereau (Loire-Atlantique), ce lundi 8\u00a0septembre en milieu d\u2019apr\u00e8s-midi,&hellip;\n","protected":false},"author":2,"featured_media":378067,"comment_status":"","ping_status":"","sticky":false,"template":"","format":"standard","meta":{"footnotes":""},"categories":[2818],"tags":[1111,11,1777,674,5220,1011,27,7066,843,766,46269,12,2636,3744,25,10764,4714],"class_list":{"0":"post-378066","1":"post","2":"type-post","3":"status-publish","4":"format-standard","5":"has-post-thumbnail","7":"category-nantes","8":"tag-actu","9":"tag-actualites","10":"tag-eu","11":"tag-europe","12":"tag-evacuation","13":"tag-fr","14":"tag-france","15":"tag-fuite","16":"tag-gaz","17":"tag-nantes","18":"tag-necessite","19":"tag-news","20":"tag-pays-de-la-loire","21":"tag-personnes","22":"tag-republique-francaise","23":"tag-trentaine","24":"tag-vignoble"},"share_on_mastodon":{"url":"https:\/\/pubeurope.com\/@fr\/115175117659981931","error":""},"_links":{"self":[{"href":"https:\/\/www.europesays.com\/fr\/wp-json\/wp\/v2\/posts\/378066","targetHints":{"allow":["GET"]}}],"collection":[{"href":"https:\/\/www.europesays.com\/fr\/wp-json\/wp\/v2\/posts"}],"about":[{"href":"https:\/\/www.europesays.com\/fr\/wp-json\/wp\/v2\/types\/post"}],"author":[{"embeddable":true,"href":"https:\/\/www.europesays.com\/fr\/wp-json\/wp\/v2\/users\/2"}],"replies":[{"embeddable":true,"href":"https:\/\/www.europesays.com\/fr\/wp-json\/wp\/v2\/comments?post=378066"}],"version-history":[{"count":0,"href":"https:\/\/www.europesays.com\/fr\/wp-json\/wp\/v2\/posts\/378066\/revisions"}],"wp:featuredmedia":[{"embeddable":true,"href":"https:\/\/www.europesays.com\/fr\/wp-json\/wp\/v2\/media\/378067"}],"wp:attachment":[{"href":"https:\/\/www.europesays.com\/fr\/wp-json\/wp\/v2\/media?parent=378066"}],"wp:term":[{"taxonomy":"category","embeddable":true,"href":"https:\/\/www.europesays.com\/fr\/wp-json\/wp\/v2\/categories?post=378066"},{"taxonomy":"post_tag","embeddable":true,"href":"https:\/\/www.europesays.com\/fr\/wp-json\/wp\/v2\/tags?post=378066"}],"curies":[{"name":"wp","href":"https:\/\/api.w.org\/{rel}","templated":true}]}}