{"id":378068,"date":"2025-09-09T15:46:12","date_gmt":"2025-09-09T15:46:12","guid":{"rendered":"https:\/\/www.europesays.com\/fr\/378068\/"},"modified":"2025-09-09T15:46:12","modified_gmt":"2025-09-09T15:46:12","slug":"a-nantes-les-commercants-commencent-a-proteger-leurs-vitrines","status":"publish","type":"post","link":"https:\/\/www.europesays.com\/fr\/378068\/","title":{"rendered":"\u00c0 Nantes, les commer\u00e7ants commencent \u00e0 prot\u00e9ger leurs vitrines"},"content":{"rendered":"<p>Les employ\u00e9s de la boutique SFR <a href=\"https:\/\/www.20minutes.fr\/nantes\/3215903-20220112-nantes-horreur-aberrant-affreux-nouvelle-entree-parking-commerce-attire-critiques\" target=\"_blank\" class=\"c-link c-link--is-underlined\" rel=\"nofollow noopener\">place du Commerce<\/a> commence \u00e0 avoir l\u2019habitude. De l\u2019ext\u00e9rieur, le magasin de t\u00e9l\u00e9phonie est reconnaissable \u00e0 de grandes plaques en bois hiss\u00e9es et plaqu\u00e9es contre les vitres install\u00e9es, en pr\u00e9vision d\u2019une journ\u00e9e de mercredi qui s\u2019annonce riche en rassemblements.<\/p>\n<p><a href=\"https:\/\/www.20minutes.fr\/politique\/4171627-20250907-bloquons-tout-10-septembre-mouvement-suscite-engouement-majoritaire-chez-francais\" target=\"_blank\" class=\"c-link c-link--is-underlined\" rel=\"nofollow noopener\">L\u2019appel \u00e0 la mobilisation<\/a> du 10\u00a0septembre lanc\u00e9 par le <a href=\"https:\/\/www.20minutes.fr\/societe\/4169811-20250827-bloquons-tout-10-septembre-groupes-derriere-appel-blocage\" target=\"_blank\" class=\"c-link c-link--is-underlined\" rel=\"nofollow noopener\">collectif \u00ab\u00a0Bloquons tout\u00a0\u00bb<\/a>, \u00e9rig\u00e9e dans le but de \u00ab\u00a0paralyser\u00a0\u00bb la France, n\u2019\u00e9pargne pas Nantes, adepte des rassemblements en tout genre. D\u00e8s 6 heures du matin, plusieurs points strat\u00e9giques seront bloqu\u00e9s, notamment le rond-point de la Janvraie (pont de Chevir\u00e9), le Cardo, le rond-point de la Prairie-de-Mauves et la place Rosa-Parks (quartier Malakoff). Un \u00ab\u00a0village revendicatif\u00a0\u00bb sera install\u00e9 place Graslin d\u00e8s 8 heures, tandis que la CGT invite les travailleurs de la culture et du commerce \u00e0 se rassembler d\u00e8s 11 heures place du Commerce.<\/p>\n<p>Un air de d\u00e9j\u00e0-vu<\/p>\n<p>On aurait pu s\u2019attendre \u00e0 davantage de barricades dans la cit\u00e9 des ducs, mais quelques grosses enseignes prennent tout de m\u00eame leurs pr\u00e9cautions en vue de potentiels d\u00e9bordements. Ces deux employ\u00e9s du g\u00e9ant de la t\u00e9l\u00e9phonie ne souviennent notamment de la p\u00e9riode des \u00ab\u00a0<a href=\"https:\/\/www.20minutes.fr\/societe\/gilets-jaunes\/\" target=\"_blank\" class=\"c-link c-link--is-underlined\" rel=\"nofollow noopener\">gilets jaunes<\/a>\u00a0\u00bb o\u00f9 \u00ab\u00a0250 personnes sont entr\u00e9es dans la boutique\u00a0\u00bb, faisant \u00ab\u00a0plusieurs milliers d\u2019euros de pr\u00e9judice\u00a0\u00bb. Ces immenses planches \u00ab\u00a0feront l\u2019affaire\u00a0\u00bb, indique l\u2019un d\u2019eux, qui ne pr\u00e9f\u00e8rent pas donner plus d\u2019informations par peur \u00ab\u00a0des repr\u00e9sailles\u00a0\u00bb. Ce mardi soir, l\u2019entr\u00e9e du magasin sera ferm\u00e9e avec la grille habituelle.<\/p>\n<p>Leurs concurrents ont eu le m\u00eame r\u00e9flexe\u00a0: la boutique de l\u2019op\u00e9rateur Orange situ\u00e9e au croisement de la place de l\u2019Ecluse et du Cours des 50 otages a dress\u00e9 des barricades massives le long de ses vitrines. \u00ab\u00a0Ici, on travaille tous les jours m\u00eame pendant les manifestations\u00a0\u00bb, l\u00e2che un conseiller de vente qui indique que ces mesures sont des directives \u00e0 suivre m\u00eame si la boutique n\u2019a jamais eu de probl\u00e8mes avec des <a href=\"https:\/\/www.20minutes.fr\/dossier\/casseurs\" target=\"_blank\" class=\"c-link c-link--is-underlined\" rel=\"nofollow noopener\">casseurs<\/a>.<\/p>\n<\/p>\n<p>Plus loin, d\u2019autres commer\u00e7ants temp\u00e8rent et indiquent ne pas s\u2019\u00eatre pr\u00e9par\u00e9s \u00e0 de potentiels d\u00e9bordements. La journ\u00e9e du 18\u00a0septembre, la semaine prochaine, sera peut-\u00eatre plus propice aux mesures de pr\u00e9vention pour les enseignes.<\/p>\n<p>Aucune violence tol\u00e9r\u00e9e<\/p>\n<p><a href=\"https:\/\/www.20minutes.fr\/politique\/francois_bayrou\/\" target=\"_blank\" class=\"c-link c-link--is-underlined\" rel=\"nofollow noopener\">Fran\u00e7ois Bayrou<\/a>, qui a remis sa d\u00e9mission \u00e0 Emmanuel Macron ce mardi, a affirm\u00e9 sur Brut que \u00ab\u00a0tous les moyens\u00a0\u00bb \u00e9taient \u00ab\u00a0mobilis\u00e9s\u00a0\u00bb pour \u00ab\u00a0\u00e9viter les violences\u00a0\u00bb. Quelque \u00ab\u00a080.000 gendarmes et policiers\u00a0\u00bb seront sur le pont pour \u00e9viter tout d\u00e9bordement dans le cadre du mouvement social, a annonc\u00e9 de son c\u00f4t\u00e9 le ministre de l\u2019Int\u00e9rieur d\u00e9missionnaire <a href=\"https:\/\/www.20minutes.fr\/dossier\/bruno_retailleau\" target=\"_blank\" class=\"c-link c-link--is-underlined\" rel=\"nofollow noopener\">Bruno Retailleau<\/a>. \u00ab\u00a0On ne tol\u00e9rera aucun blocage, aucune violence, aucune action \u00e9videmment de boycott\u00a0\u00bb, a-t-il affirm\u00e9 sur France 2 lundi soir.<\/p>\n<p><a href=\"https:\/\/www.20minutes.fr\/politique\/\" target=\"_blank\" class=\"c-link c-btn c-btn--primary\" rel=\"nofollow noopener\">Notre dossier politique<\/a><\/p>\n<p>En r\u00e9ponse, le premier secr\u00e9taire du Parti Socialiste (PS), <a href=\"https:\/\/www.20minutes.fr\/politique\/olivier-faure\/\" target=\"_blank\" class=\"c-link c-link--is-underlined\" rel=\"nofollow noopener\">Olivier Faure<\/a>, a indiqu\u00e9 que \u00ab\u00a0le gouvernement cherche \u00e0 faire monter une forme de pression sur le mouvement, \u00e0 expliquer qu\u2019il peut d\u00e9j\u00e0 \u00eatre violent\u00a0\u00bb. Et d\u2019ajouter que toute violence qui serait \u00ab\u00a0exerc\u00e9e le 10 ne servirait pas la cause que nous d\u00e9fendons ensemble\u00a0\u00bb.<\/p>\n","protected":false},"excerpt":{"rendered":"Les employ\u00e9s de la boutique SFR place du Commerce commence \u00e0 avoir l\u2019habitude. De l\u2019ext\u00e9rieur, le magasin de&hellip;\n","protected":false},"author":2,"featured_media":378069,"comment_status":"","ping_status":"","sticky":false,"template":"","format":"standard","meta":{"footnotes":""},"categories":[2818],"tags":[1111,47,11,7551,1013,1073,1777,674,1011,27,431,6151,3047,1272,12771,766,12,4393,2636,316,25,104],"class_list":{"0":"post-378068","1":"post","2":"type-post","3":"status-publish","4":"format-standard","5":"has-post-thumbnail","7":"category-nantes","8":"tag-actu","9":"tag-actualite","10":"tag-actualites","11":"tag-blocage","12":"tag-bruno-retailleau","13":"tag-emmanuel-macron","14":"tag-eu","15":"tag-europe","16":"tag-fr","17":"tag-france","18":"tag-francois-bayrou","19":"tag-greve","20":"tag-loire-atlantique","21":"tag-manifestations","22":"tag-mouvements-sociaux","23":"tag-nantes","24":"tag-news","25":"tag-olivier-faure","26":"tag-pays-de-la-loire","27":"tag-politique","28":"tag-republique-francaise","29":"tag-societe"},"share_on_mastodon":{"url":"https:\/\/pubeurope.com\/@fr\/115175121473183843","error":""},"_links":{"self":[{"href":"https:\/\/www.europesays.com\/fr\/wp-json\/wp\/v2\/posts\/378068","targetHints":{"allow":["GET"]}}],"collection":[{"href":"https:\/\/www.europesays.com\/fr\/wp-json\/wp\/v2\/posts"}],"about":[{"href":"https:\/\/www.europesays.com\/fr\/wp-json\/wp\/v2\/types\/post"}],"author":[{"embeddable":true,"href":"https:\/\/www.europesays.com\/fr\/wp-json\/wp\/v2\/users\/2"}],"replies":[{"embeddable":true,"href":"https:\/\/www.europesays.com\/fr\/wp-json\/wp\/v2\/comments?post=378068"}],"version-history":[{"count":0,"href":"https:\/\/www.europesays.com\/fr\/wp-json\/wp\/v2\/posts\/378068\/revisions"}],"wp:featuredmedia":[{"embeddable":true,"href":"https:\/\/www.europesays.com\/fr\/wp-json\/wp\/v2\/media\/378069"}],"wp:attachment":[{"href":"https:\/\/www.europesays.com\/fr\/wp-json\/wp\/v2\/media?parent=378068"}],"wp:term":[{"taxonomy":"category","embeddable":true,"href":"https:\/\/www.europesays.com\/fr\/wp-json\/wp\/v2\/categories?post=378068"},{"taxonomy":"post_tag","embeddable":true,"href":"https:\/\/www.europesays.com\/fr\/wp-json\/wp\/v2\/tags?post=378068"}],"curies":[{"name":"wp","href":"https:\/\/api.w.org\/{rel}","templated":true}]}}