{"id":378072,"date":"2025-09-09T15:48:12","date_gmt":"2025-09-09T15:48:12","guid":{"rendered":"https:\/\/www.europesays.com\/fr\/378072\/"},"modified":"2025-09-09T15:48:12","modified_gmt":"2025-09-09T15:48:12","slug":"tbm-sncf-trafic-routier-quelles-sont-les-perturbations-prevues-en-gironde-le-10-septembre","status":"publish","type":"post","link":"https:\/\/www.europesays.com\/fr\/378072\/","title":{"rendered":"TBM, SNCF, trafic routier&#8230; Quelles sont les perturbations pr\u00e9vues en Gironde le 10 septembre\u00a0?"},"content":{"rendered":"<p>            Par<br \/>\n        <strong><br \/>\n            <a href=\"https:\/\/actu.fr\/auteur\/julian-doubax\" title=\"Consulter tous les articles de Julian Doubax\" target=\"_blank\" rel=\"noopener\">Julian Doubax<\/a><br \/>\n        <\/strong><\/p>\n<p>        Publi\u00e9 le<\/p>\n<p>            9 sept. 2025 \u00e0 17h46        <\/p>\n<p>Le <a href=\"https:\/\/actu.fr\/nouvelle-aquitaine\/bordeaux_33063\/manifestation-greve-blocage-quelles-sont-les-perturbations-attendues-le-10-septembre-a-bordeaux_63101333.html\" target=\"_blank\" rel=\"noopener\">mercredi 10\u00a0septembre<\/a> 2025 va \u00eatre marqu\u00e9 par un<strong> mouvement national de contestation<\/strong>. Depuis plusieurs semaines, des actions s\u2019organisent dans chaque coin de l\u2019Hexagone pour exprimer un <strong>m\u00e9contentement<\/strong> envers le plan d\u2019aust\u00e9rit\u00e9 de<a href=\"https:\/\/actu.fr\/tag\/francois-bayrou\" target=\"_blank\" rel=\"noopener\"> Fran\u00e7ois Bayrou<\/a>. Ce dernier vient de perdre son <a href=\"https:\/\/actu.fr\/politique\/chute-de-francois-bayrou-emmanuel-macron-prend-acte-et-nommera-son-successeur-dans-les-prochains-jours_63132627.html\" target=\"_blank\" rel=\"noopener\">vote de confiance<\/a> devant l\u2019Assembl\u00e9e Nationale mais cette issue ne devrait pas suffire pour calmer les ardeurs des manifestants. En Gironde et \u00e0 Bordeaux, des perturbations sont donc pr\u00e9vues sur le r\u00e9seau ferroviaire et dans les transports communs.<strong> On fait le point.<\/strong><\/p>\n<p>Les lignes de tramway circuleront<\/p>\n<p class=\" wall-content\">Dans la m\u00e9tropole bordelaise, une manifestation et des diverses actions sont programm\u00e9es. Le r\u00e9seau TBM sera donc l\u00e9g\u00e8rement <strong>perturb\u00e9<\/strong> et la soci\u00e9t\u00e9 de transports a communiqu\u00e9 sur les modifications pr\u00e9vues.<strong> Une seule ligne de bus ne circulera pas<\/strong>, il s\u2019agit de la ligne 57 reliant Ambar\u00e8s-et-Lagrave \u00e0 l\u2019arr\u00eat de tram La Gardette.<\/p>\n<p class=\" wall-content\">Les lignes de bus 5, 7, 8, 9, 15, 16, 20, 23, 35 et la G auront des fr\u00e9quences ajust\u00e9es. Certains d\u00e9parts ne seront pas assur\u00e9s pour les lignes 26, 38, 51, 75, 76. Pour le restant des lignes, <strong>aucune modification<\/strong> n\u2019est annonc\u00e9e par TBM.<\/p>\n<p class=\" wall-content\">Concernant le tramway, une \u00ab\u2009circulation normale\u2009\u00bb est pr\u00e9vue mais comme pour les lignes de bus, des \u00ab\u2009<strong>interruptions ou d\u00e9viations peuvent survenir<\/strong> en raison de la manifestation en centre-ville\u2009\u00bb, indique TBM.<\/p>\n<p>Circulation mouvement\u00e9e sur le r\u00e9seau ferroviaire<\/p>\n<p class=\" wall-content\">Le r\u00e9seau ferroviaire<strong> n\u2019est pas \u00e9pargn\u00e9<\/strong> par cet \u00e9v\u00e8nement. \u00ab\u2009La circulation des trains sera perturb\u00e9e sur la r\u00e9gion Nouvelle-Aquitaine mercredi 10\u00a0septembre en raison d\u2019un mouvement social national interprofessionnel\u2009\u00bb, indique la SNCF. Dans la r\u00e9gion, <strong>2 TER sur 3<\/strong> circuleront demain. Pour les TGV et Ouigo, le trafic sera \u00ab\u2009normal\u2009\u00bb.<\/p>\n<p>Le trafic routier<\/p>\n<p class=\" wall-content\">Des perturbations peuvent \u00e9galement toucher le trafic routier. Ce mardi 9\u00a0septembre vers 6h30, des <strong>blocages<\/strong> avaient eu lieu entre les \u00e9changeurs 13 et 14 vers Gradignan sur la rocade de Bordeaux. Des pneus avaient \u00e9t\u00e9 d\u00e9pos\u00e9s sur la chauss\u00e9e, entra\u00eenant de forts ralentissements.<\/p>\n<p>Votre r\u00e9gion, votre actu !<\/p>\n<p>Recevez chaque jour les infos qui comptent pour vous.<\/p>\n<p>\t<a href=\"https:\/\/actu.fr\/newsletter\" class=\"ac-btn ac-btn--corner ac-btn--medium ac-btn--blue800\" target=\"_blank\" rel=\"noopener\">S&rsquo;incrire<\/a><\/p>\n<p class=\" wall-content\">Des actions similaires peuvent \u00eatre programm\u00e9es le 10\u00a0septembre sur la rocade de Bordeaux mais aussi sur plusieurs axes routiers de Gironde. Le trafic peut donc \u00eatre fortement perturb\u00e9 mais les <strong>organisateurs restent discrets<\/strong> sur les divers agissements.<\/p>\n<p class=\" wall-content\">Personnalisez votre actualit\u00e9 en ajoutant vos villes et m\u00e9dias en favori avec <a href=\"https:\/\/moncompte.actu.fr\" title=\"D\u00e9couvez Mon Actu\" rel=\"nofollow noopener\" data-trk=\"{&quot;cta&quot;:{&quot;action&quot;:&quot;https:\\\/\\\/moncompte.actu.fr&quot;,&quot;category&quot;:&quot;mon compte&quot;,&quot;from&quot;:&quot;article footer&quot;,&quot;name&quot;:&quot;Mon actu&quot;,&quot;type&quot;:&quot;cta&quot;}}\" target=\"_blank\">Mon Actu<\/a>.<\/p>\n","protected":false},"excerpt":{"rendered":"Par Julian Doubax Publi\u00e9 le 9 sept. 2025 \u00e0 17h46 Le mercredi 10\u00a0septembre 2025 va \u00eatre marqu\u00e9 par&hellip;\n","protected":false},"author":2,"featured_media":378073,"comment_status":"","ping_status":"","sticky":false,"template":"","format":"standard","meta":{"footnotes":""},"categories":[2817],"tags":[1111,11,1997,1777,674,1011,27,431,12,2219,25,2215,104,7952],"class_list":{"0":"post-378072","1":"post","2":"type-post","3":"status-publish","4":"format-standard","5":"has-post-thumbnail","7":"category-bordeaux","8":"tag-actu","9":"tag-actualites","10":"tag-bordeaux","11":"tag-eu","12":"tag-europe","13":"tag-fr","14":"tag-france","15":"tag-francois-bayrou","16":"tag-news","17":"tag-nouvelle-aquitaine","18":"tag-republique-francaise","19":"tag-sncf","20":"tag-societe","21":"tag-tbm"},"share_on_mastodon":{"url":"https:\/\/pubeurope.com\/@fr\/115175129361579957","error":""},"_links":{"self":[{"href":"https:\/\/www.europesays.com\/fr\/wp-json\/wp\/v2\/posts\/378072","targetHints":{"allow":["GET"]}}],"collection":[{"href":"https:\/\/www.europesays.com\/fr\/wp-json\/wp\/v2\/posts"}],"about":[{"href":"https:\/\/www.europesays.com\/fr\/wp-json\/wp\/v2\/types\/post"}],"author":[{"embeddable":true,"href":"https:\/\/www.europesays.com\/fr\/wp-json\/wp\/v2\/users\/2"}],"replies":[{"embeddable":true,"href":"https:\/\/www.europesays.com\/fr\/wp-json\/wp\/v2\/comments?post=378072"}],"version-history":[{"count":0,"href":"https:\/\/www.europesays.com\/fr\/wp-json\/wp\/v2\/posts\/378072\/revisions"}],"wp:featuredmedia":[{"embeddable":true,"href":"https:\/\/www.europesays.com\/fr\/wp-json\/wp\/v2\/media\/378073"}],"wp:attachment":[{"href":"https:\/\/www.europesays.com\/fr\/wp-json\/wp\/v2\/media?parent=378072"}],"wp:term":[{"taxonomy":"category","embeddable":true,"href":"https:\/\/www.europesays.com\/fr\/wp-json\/wp\/v2\/categories?post=378072"},{"taxonomy":"post_tag","embeddable":true,"href":"https:\/\/www.europesays.com\/fr\/wp-json\/wp\/v2\/tags?post=378072"}],"curies":[{"name":"wp","href":"https:\/\/api.w.org\/{rel}","templated":true}]}}