{"id":378074,"date":"2025-09-09T15:49:09","date_gmt":"2025-09-09T15:49:09","guid":{"rendered":"https:\/\/www.europesays.com\/fr\/378074\/"},"modified":"2025-09-09T15:49:09","modified_gmt":"2025-09-09T15:49:09","slug":"affaire-maiky-menacant-de-mort-une-magistrate-a-toulouse-trois-proches-du-pere-de-famille-tue-bientot-juges","status":"publish","type":"post","link":"https:\/\/www.europesays.com\/fr\/378074\/","title":{"rendered":"Affaire Maiky. Mena\u00e7ant de mort une magistrate \u00e0 Toulouse, trois proches du p\u00e8re de famille tu\u00e9 bient\u00f4t jug\u00e9s"},"content":{"rendered":"<p>            Par<br \/>\n        <strong><br \/>\n            <a href=\"https:\/\/actu.fr\/auteur\/mareva-laville-actu-fr\" title=\"Consulter tous les articles de Mar\u00e9va Laville\" rel=\"nofollow noopener\" target=\"_blank\">Mar\u00e9va Laville<\/a><br \/>\n        <\/strong><\/p>\n<p>        Publi\u00e9 le<\/p>\n<p>            9 sept. 2025 \u00e0 16h31        <\/p>\n<p>C\u2019\u00e9tait il y a sept mois. Le 20\u00a0f\u00e9vrier 2025, ils avaient brandi des pancartes affichant le portrait de <strong>Maiky Loerch<\/strong>. \u00ab\u2009Justice pour Maiky tu\u00e9 par un gendarme injustement\u2009\u00bb, \u00e9tait-il \u00e9crit. Ce 20\u00a0f\u00e9vrier-l\u00e0, il s\u2019agissait de la troisi\u00e8me marche blanche organis\u00e9e par les proches du jeune <a href=\"https:\/\/actu.fr\/occitanie\/fenouillet_31182\/pres-de-toulouse-un-homme-tue-par-un-gendarme-apres-un-refus-d-obtemperer-ce-que-l-on-sait_61408016.html\" rel=\"nofollow noopener\" target=\"_blank\">p\u00e8re de famille, \u00e2g\u00e9 de 28\u00a0ans, d\u00e9c\u00e9d\u00e9 le 25\u00a0juillet 2024 <\/a>apr\u00e8s avoir \u00e9t\u00e9 <strong>touch\u00e9 \u00e0 la t\u00eate par une balle suite au tir d\u2019un gendarme<\/strong>, dans la zone commerciale de Fenouillet, pr\u00e8s de Toulouse. <a href=\"https:\/\/actu.fr\/occitanie\/toulouse_31555\/toulouse-face-a-des-ripoux-on-fait-quoi-les-proches-de-maicky-abattu-par-un-gendarme-crient-justice_62277832.html\" rel=\"nofollow noopener\" target=\"_blank\">Actu Toulouse avait alors couvert la marche blanche,<\/a> rapportant le climat tendu de la manifestation contre \u00ab\u2009une injustice\u2009\u00bb et \u00ab\u2009face \u00e0 des ripoux\u2009\u00bb.<\/p>\n<p>La juge d\u2019instruction de l\u2019affaire Maiky menac\u00e9e de mort<\/p>\n<p class=\" wall-content\">Une marche blanche durant laquelle, aussi, quelques personnes avaient hauss\u00e9 le ton envers les <strong>gendarmes et policiers<\/strong>, jusqu\u2019\u00e0 <strong>menacer une magistrate de Toulouse<\/strong>. Des actes qui ne sont pas pass\u00e9s sous silence, notamment avec la captation des cam\u00e9ras de surveillance du tribunal. L\u2019information est sortie dans La D\u00e9p\u00eache du Midi.<\/p>\n<p>Trois proches de Maiky gard\u00e9s \u00e0 vue<\/p>\n<p class=\" wall-content\">Sept mois apr\u00e8s, trois proches de Maiky ont \u00e9t\u00e9<strong> plac\u00e9s en garde \u00e0 vue<\/strong> d\u00e9but septembre, confirme \u00e0 Actu Toulouse, <strong>le procureur de la R\u00e9publique de Saint-Gaudens, Christophe Amunzateguy<\/strong>, saisi du dossier par le parquet de Toulouse \u00ab\u2009puisque la victime est la juge d\u2019instruction de Toulouse\u2009\u00bb.<\/p>\n<p class=\" wall-content\">\u00ab\u2009Il s\u2019agit du <strong>p\u00e8re<\/strong> et de<strong> deux personnes proches<\/strong> de Maiky\u2009\u00bb, \u00e9taye-t-il. Les gardes \u00e0 vue datant de mercredi 3\u00a0septembre n\u2019ont dur\u00e9 que quelques heures, durant lesquelles ils ont reconnu les faits. Entre autres, des menaces de crime ou d\u00e9lit. Ils sont donc renvoy\u00e9s devant le<strong> tribunal correctionnel de Saint-Gaudens.<\/strong><\/p>\n<p>Vid\u00e9os : en ce moment sur ActuUne intervention de la justice plusieurs mois apr\u00e8s les faits<\/p>\n<p class=\" wall-content\">Mais pourquoi autant de temps apr\u00e8s\u2009? \u00ab\u2009D\u2019abord parce qu\u2019il y a eu un travail d\u2019investigation et d\u2019exploitation des vid\u00e9os\u2009\u00bb, r\u00e9pond Christophe Amunzateguy, le procureur de Saint-Gaudens. Mais surtout \u00ab\u2009parce qu\u2019il s\u2019agit d\u2019un choix de ma part vis-\u00e0-vis de l\u2019instruction qui est toujours en cours. Il \u00e9tait n\u00e9cessaire qu\u2019elle se poursuive de mani\u00e8re sereine. Je ne voulais pas interf\u00e9rer sur le d\u00e9roul\u00e9 de l\u2019enqu\u00eate, et donc traiter cela avec un temps d\u00e9cal\u00e9\u2009\u00bb, explique-t-il.<\/p>\n<p class=\" wall-content\">Deux audiences \u2013 pour des faits coll\u00e9giaux et individuels, NDLR. \u2013 auront lieu les<strong> 22 et 29 janvier 2026 \u00e0 Saint-Gaudens.<\/strong><\/p>\n<p>Votre r\u00e9gion, votre actu !<\/p>\n<p>Recevez chaque jour les infos qui comptent pour vous.<\/p>\n<p>\t<a href=\"https:\/\/actu.fr\/newsletter\" class=\"ac-btn ac-btn--corner ac-btn--medium ac-btn--blue800\" rel=\"nofollow noopener\" target=\"_blank\">S&rsquo;incrire<\/a><\/p>\n<p class=\" wall-content\">Personnalisez votre actualit\u00e9 en ajoutant vos villes et m\u00e9dias en favori avec <a href=\"https:\/\/moncompte.actu.fr\" title=\"D\u00e9couvez Mon Actu\" rel=\"nofollow noopener\" data-trk=\"{&quot;cta&quot;:{&quot;action&quot;:&quot;https:\\\/\\\/moncompte.actu.fr&quot;,&quot;category&quot;:&quot;mon compte&quot;,&quot;from&quot;:&quot;article footer&quot;,&quot;name&quot;:&quot;Mon actu&quot;,&quot;type&quot;:&quot;cta&quot;}}\" target=\"_blank\">Mon Actu<\/a>.<\/p>\n","protected":false},"excerpt":{"rendered":"Par Mar\u00e9va Laville Publi\u00e9 le 9 sept. 2025 \u00e0 16h31 C\u2019\u00e9tait il y a sept mois. Le 20\u00a0f\u00e9vrier&hellip;\n","protected":false},"author":2,"featured_media":378075,"comment_status":"","ping_status":"","sticky":false,"template":"","format":"standard","meta":{"footnotes":""},"categories":[2816],"tags":[1111,11,1777,674,118,1011,27,3381,303,12,2680,25,2312],"class_list":{"0":"post-378074","1":"post","2":"type-post","3":"status-publish","4":"format-standard","5":"has-post-thumbnail","7":"category-toulouse","8":"tag-actu","9":"tag-actualites","10":"tag-eu","11":"tag-europe","12":"tag-faits-divers","13":"tag-fr","14":"tag-france","15":"tag-gendarmerie","16":"tag-justice","17":"tag-news","18":"tag-occitanie","19":"tag-republique-francaise","20":"tag-toulouse"},"share_on_mastodon":{"url":"https:\/\/pubeurope.com\/@fr\/115175133270381382","error":""},"_links":{"self":[{"href":"https:\/\/www.europesays.com\/fr\/wp-json\/wp\/v2\/posts\/378074","targetHints":{"allow":["GET"]}}],"collection":[{"href":"https:\/\/www.europesays.com\/fr\/wp-json\/wp\/v2\/posts"}],"about":[{"href":"https:\/\/www.europesays.com\/fr\/wp-json\/wp\/v2\/types\/post"}],"author":[{"embeddable":true,"href":"https:\/\/www.europesays.com\/fr\/wp-json\/wp\/v2\/users\/2"}],"replies":[{"embeddable":true,"href":"https:\/\/www.europesays.com\/fr\/wp-json\/wp\/v2\/comments?post=378074"}],"version-history":[{"count":0,"href":"https:\/\/www.europesays.com\/fr\/wp-json\/wp\/v2\/posts\/378074\/revisions"}],"wp:featuredmedia":[{"embeddable":true,"href":"https:\/\/www.europesays.com\/fr\/wp-json\/wp\/v2\/media\/378075"}],"wp:attachment":[{"href":"https:\/\/www.europesays.com\/fr\/wp-json\/wp\/v2\/media?parent=378074"}],"wp:term":[{"taxonomy":"category","embeddable":true,"href":"https:\/\/www.europesays.com\/fr\/wp-json\/wp\/v2\/categories?post=378074"},{"taxonomy":"post_tag","embeddable":true,"href":"https:\/\/www.europesays.com\/fr\/wp-json\/wp\/v2\/tags?post=378074"}],"curies":[{"name":"wp","href":"https:\/\/api.w.org\/{rel}","templated":true}]}}