{"id":378078,"date":"2025-09-09T15:51:09","date_gmt":"2025-09-09T15:51:09","guid":{"rendered":"https:\/\/www.europesays.com\/fr\/378078\/"},"modified":"2025-09-09T15:51:09","modified_gmt":"2025-09-09T15:51:09","slug":"decathlon-propose-plus-de-250-velos-a-tout-petits-prix-ce-week-end-au-btwin-village","status":"publish","type":"post","link":"https:\/\/www.europesays.com\/fr\/378078\/","title":{"rendered":"Decathlon propose plus de 250 v\u00e9los \u00e0 tout petits prix ce week-end au B&rsquo;twin Village"},"content":{"rendered":"<p>            Par<br \/>\n        <strong><br \/>\n            <a href=\"https:\/\/actu.fr\/auteur\/nicolas-demollien\" title=\"Consulter tous les articles de Nicolas Demollien\" rel=\"nofollow noopener\" target=\"_blank\">Nicolas Demollien<\/a><br \/>\n        <\/strong><\/p>\n<p>        Publi\u00e9 le<\/p>\n<p>            9 sept. 2025 \u00e0 17h00        <\/p>\n<p>Comme \u00e0 chaque fois, il devrait y avoir foule au <b>B\u2019twin Village<\/b> (4, rue du Professeur Langevin) de <a href=\"https:\/\/actu.fr\/hauts-de-france\/lille_59350\" rel=\"nofollow noopener\" target=\"_blank\">Lille<\/a> ces samedi 13 et dimanche 14 septembre 2025 ! L\u2019enseigne <a href=\"https:\/\/actu.fr\/tag\/decathlon\" rel=\"nofollow noopener\" target=\"_blank\">Decathlon<\/a> y propose en effet \u00e0 nouveau sa <b>fameuse \u00ab\u00a0B\u2019twin Okaz\u00a0\u00bb<\/b>, une <b>grande vente de v\u00e9los d\u2019occasion<\/b> \u00e0 <b>petits prix<\/b>. De quoi promettre encore de <b>bonnes affaires<\/b> en perspective.<\/p>\n<p>Des centaines de v\u00e9los \u00e0 petits prix au B\u2019twin Village de Lille<\/p>\n<p class=\" wall-content\">Plus pr\u00e9cis\u00e9ment, ce sont <b>plus de 250 v\u00e9los<\/b> qui seront mis en vente. Et le choix sera grand puisque l\u2019enseigne annonce que tous les types de v\u00e9los seront vendus : VTT, VTC, v\u00e9los de route, v\u00e9los de ville, mod\u00e8les adultes et enfants.<\/p>\n<p class=\" wall-content\">\u00ab\u00a0Il y en a pour tous les go\u00fbts, que ce soit pour les balades tranquilles, les trajets quotidiens ou les sorties sportives. Ils sont tous r\u00e9vis\u00e9s, contr\u00f4l\u00e9s et garantis 2 ans\u00a0\u00bb, annonce l\u2019enseigne.<b\/><\/p>\n<p class=\" wall-content\">Et ce n\u2019est pas tout puisque Decathlon annonce \u00e9galement <b>quelques surprises pour cette \u00e9dition de la rentr\u00e9e 2025<\/b> : home-trainers, trottinettes \u00e9lectriques et autres pi\u00e8ces d\u00e9tach\u00e9es seront propos\u00e9es \u00e0 petits prix. \u00ab\u00a0Les meilleures affaires partent vite, mieux vaut arriver d\u00e8s l\u2019ouverture pour avoir le plus de choix !\u00a0\u00bb souffle-t-on du c\u00f4t\u00e9 du B\u2019twin Village.<\/p>\n<p class=\" wall-content\">Notons enfin que l\u2019\u00e9v\u00e9nement s\u2019inscrit dans le festival de la mobilit\u00e9 avec des\u00a0<b>animations, ateliers et activit\u00e9s pour toute la famille<\/b>. D\u00e9cid\u00e9ment un moment \u00e0 ne pas manquer !<\/p>\n<p>    <a href=\"https:\/\/www.facebook.com\/plugins\/post.php?href=https%3A%2F%2Fwww.facebook.com%2Fmagasinbtwinvillage%2Fposts%2Fpfbid02Mu6T9UzL9rdnGhoKT8kCb6rdTrAcSgymfnEPVmmMYpt5tjSZSDMdJbWZfPCvcCZTl&amp;show_text=true&amp;width=350\" title=\"Ouvrie le lien\" rel=\"nofollow noopener\" target=\"_blank\">Cliquez ici pour visualiser le contenu<\/a><\/p>\n<p class=\" wall-content\">De 10h \u00e0 18h samedi et de 12h \u00e0 18h dimanche. Plus d\u2019infos sur le site <a href=\"https:\/\/www.btwin-village.com\/actu-infos-pratiques\/la-grande-vente-velo-btwin-okaz\/\" rel=\"nofollow noopener\" target=\"_blank\">btwin-village.com<\/a><\/p>\n<p class=\" wall-content\">Personnalisez votre actualit\u00e9 en ajoutant vos villes et m\u00e9dias en favori avec <a href=\"https:\/\/moncompte.actu.fr\" title=\"D\u00e9couvez Mon Actu\" rel=\"nofollow noopener\" data-trk=\"{&quot;cta&quot;:{&quot;action&quot;:&quot;https:\\\/\\\/moncompte.actu.fr&quot;,&quot;category&quot;:&quot;mon compte&quot;,&quot;from&quot;:&quot;article footer&quot;,&quot;name&quot;:&quot;Mon actu&quot;,&quot;type&quot;:&quot;cta&quot;}}\" target=\"_blank\">Mon Actu<\/a>.<\/p>\n","protected":false},"excerpt":{"rendered":"Par Nicolas Demollien Publi\u00e9 le 9 sept. 2025 \u00e0 17h00 Comme \u00e0 chaque fois, il devrait y avoir&hellip;\n","protected":false},"author":2,"featured_media":378079,"comment_status":"","ping_status":"","sticky":false,"template":"","format":"standard","meta":{"footnotes":""},"categories":[2815],"tags":[1111,11,6557,7200,1777,674,1011,27,811,1307,1652,12,25,208],"class_list":{"0":"post-378078","1":"post","2":"type-post","3":"status-publish","4":"format-standard","5":"has-post-thumbnail","7":"category-lille","8":"tag-actu","9":"tag-actualites","10":"tag-bon-plan-a-lille","11":"tag-decathlon","12":"tag-eu","13":"tag-europe","14":"tag-fr","15":"tag-france","16":"tag-hauts-de-france","17":"tag-lille","18":"tag-loisirs-culture","19":"tag-news","20":"tag-republique-francaise","21":"tag-velo"},"share_on_mastodon":{"url":"https:\/\/pubeurope.com\/@fr\/115175141264406897","error":""},"_links":{"self":[{"href":"https:\/\/www.europesays.com\/fr\/wp-json\/wp\/v2\/posts\/378078","targetHints":{"allow":["GET"]}}],"collection":[{"href":"https:\/\/www.europesays.com\/fr\/wp-json\/wp\/v2\/posts"}],"about":[{"href":"https:\/\/www.europesays.com\/fr\/wp-json\/wp\/v2\/types\/post"}],"author":[{"embeddable":true,"href":"https:\/\/www.europesays.com\/fr\/wp-json\/wp\/v2\/users\/2"}],"replies":[{"embeddable":true,"href":"https:\/\/www.europesays.com\/fr\/wp-json\/wp\/v2\/comments?post=378078"}],"version-history":[{"count":0,"href":"https:\/\/www.europesays.com\/fr\/wp-json\/wp\/v2\/posts\/378078\/revisions"}],"wp:featuredmedia":[{"embeddable":true,"href":"https:\/\/www.europesays.com\/fr\/wp-json\/wp\/v2\/media\/378079"}],"wp:attachment":[{"href":"https:\/\/www.europesays.com\/fr\/wp-json\/wp\/v2\/media?parent=378078"}],"wp:term":[{"taxonomy":"category","embeddable":true,"href":"https:\/\/www.europesays.com\/fr\/wp-json\/wp\/v2\/categories?post=378078"},{"taxonomy":"post_tag","embeddable":true,"href":"https:\/\/www.europesays.com\/fr\/wp-json\/wp\/v2\/tags?post=378078"}],"curies":[{"name":"wp","href":"https:\/\/api.w.org\/{rel}","templated":true}]}}