{"id":378080,"date":"2025-09-09T15:52:12","date_gmt":"2025-09-09T15:52:12","guid":{"rendered":"https:\/\/www.europesays.com\/fr\/378080\/"},"modified":"2025-09-09T15:52:12","modified_gmt":"2025-09-09T15:52:12","slug":"disneyland-paris-recrute-a-lille-les-16-17-septembre","status":"publish","type":"post","link":"https:\/\/www.europesays.com\/fr\/378080\/","title":{"rendered":"Disneyland Paris recrute \u00e0 Lille les 16 &#038; 17 septembre"},"content":{"rendered":"<p>                <strong>Cette ann\u00e9e encore, les \u00e9quipes de Disneyland Paris renouvellent leur campagne de recrutement de candidats \u00e0 travers plusieurs villes en France, en Italie et en Espagne et feront \u00e9tape \u00e0 Lille les 16 et 17 septembre 2025.\u00a0<\/strong><\/p>\n<p>Des milliers d\u2019opportunit\u00e9s seront propos\u00e9es lors de cette tourn\u00e9e europ\u00e9enne qui\u00a0s\u2019adresse \u00e0 la fois \u00e0 des postulants d\u00e9butants \u00e2g\u00e9s de 18 ans minimum ainsi qu\u2019aux exp\u00e9riment\u00e9s, pour des postes\u00a0en CDD et CDI en accueil, h\u00f4tellerie et restauration.&#13;\n<\/p>\n<p><img decoding=\"async\" alt=\"\" src=\"https:\/\/www.europesays.com\/fr\/wp-content\/uploads\/2025\/09\/7713645e706be52bc220aa3d83a650e24e3fa66e.png\" style=\"margin: 30px; width: 600px; height: 317px;\"\/><br \/>&#13;<br \/>\n<strong>Une tourn\u00e9e de recrutement en France et en Europe\u00a0<\/strong><\/p>\n<p>Lors de ce Casting Tour en France et en Europe, de nombreux postes seront \u00e0 pourvoir dans les m\u00e9tiers du <strong>tourisme<\/strong> et de la <strong>restauration<\/strong>, mais \u00e9galement dans la<strong> s\u00e9curit\u00e9<\/strong>, la <strong>maintenance<\/strong> ou l&rsquo;<strong>horticulture.<\/strong><\/p>\n<p><strong>Dates de la tourn\u00e9e<\/strong><\/p>\n<p>&#8211;\u00a0Lille \u2013 16 et 17 septembre 2025<br \/>\n&#8211;\u00a0Toulouse \u2013 1er octobre 2025<br \/>\n&#8211;\u00a0S\u00e9ville \u2013 14 octobre 2025<br \/>\n&#8211;\u00a0Valencia \u2013 16 octobre 2025<br \/>\n&#8211; Nantes \u2013 19 novembre 2025<br \/>\n&#8211; Bologne \u2013 25 novembre 2025<br \/>\n&#8211; Naples \u2013 27 novembre 2025<br \/>\n&#8211; Aix en Provence \u2013 10 et 11 d\u00e9cembre 2025<br \/>\n&#8211; Bordeaux \u2013 18 d\u00e9cembre 2025<br \/>\n&#8211; Lyon \u2013 15 janvier 2026<\/p>\n<p>&#13;<br \/>\n<strong>Le Casting Tour fait \u00e9tape \u00e0 Lille\u00a0les 16 et 17 septembre 2025<\/strong><\/p>\n<p><strong>Vous souhaitez faire partie de l&rsquo;aventure ? Vous \u00eates int\u00e9ress\u00e9 par les m\u00e9tiers de la restauration, l\u2019h\u00f4tellerie et de l\u2019accueil ?<\/strong><br \/>&#13;<br \/>\nRencontrez les \u00e9quipes de Disneyland Paris qui recruteront les 16 et 17 septembre au Novotel, \u00e0 Lille !<br \/>&#13;<br \/>\nCet \u00e9v\u00e9nement vise \u00e0 trouver des talents pour des postes \u00e0 pourvoir dans les Parcs, les h\u00f4tels et le Disney Village, en\u00a0CDI ou CDD\u00a0 (35h, de 2 \u00e0 8 mois d\u00e8s la fin d&rsquo;ann\u00e9e).<\/p>\n<p>&#8211; Commis Chef<br \/>&#13;<br \/>\n&#8211;\u00a0Serveur\/serveuse<br \/>&#13;<br \/>\n&#8211; Bartenders<br \/>&#13;<br \/>\n&#8211; Employ\u00e9s de Restauration<br \/>&#13;<br \/>\n&#8211; H\u00f4te\/h\u00f4tesse de R\u00e9ception<br \/>&#13;<br \/>\n&#8211; H\u00f4te\/h\u00f4tesse de Billetterie<br \/>&#13;<br \/>\n&#8211; Conseiller\/conseill\u00e8re (March\u00e9 N\u00e9erlandais)<br \/>&#13;<br \/>\n&#8211; Surveillant\/surveillante de Baignade&#8230;<\/p>\n<p>Les candidats auront la possibilit\u00e9 de postuler et de passer un entretien sur place, munis de leur CV et d&rsquo;une pi\u00e8ce d&rsquo;identit\u00e9.<\/p>\n<p><strong>Vous \u00eates int\u00e9ress\u00e9 par les m\u00e9tiers Techniques et S\u00e9curit\u00e9 de Disneyland Paris ?<\/strong><\/p>\n<p>Pour la s\u00e9curit\u00e9, maintenance, horticulture\u2026 Les recruteurs seront \u00e9galement pr\u00e9sents sur le Casting Tour \u00e0 Lille les 16 et 17 septembre ! Pour les rencontrer, deux possibilit\u00e9s :<br \/>&#13;<br \/>\n&#8211; Postuler \u00e0 l\u2019offre\u00a0<a href=\"https:\/\/emplois.disneycareers.com\/emploi\/marne-la-vallee\/journees-de-recrutement-metiers-de-la-securite-a-lille-f-h-nb-16-and-17-septembre-2025\/391\/83890934048\" rel=\"nofollow noopener\" target=\"_blank\">S\u00e9curit\u00e9<\/a>\u00a0ou l\u2019offre\u00a0<a href=\"https:\/\/emplois.disneycareers.com\/emploi\/marne-la-vallee\/journees-de-recrutement-services-techniques-a-lille-f-h-nb-16-and-17-septembre-2025\/391\/83886352896\" rel=\"nofollow noopener\" target=\"_blank\">M\u00e9tiers Techniques<\/a>\u00a0en amont. Les recruteurs vous feront un retour sur vos date et heure d\u2019entretien si votre candidature est s\u00e9lectionn\u00e9e.<br \/>&#13;<br \/>\n&#8211; Venir muni(e) de votre CV et d\u2019une pi\u00e8ce d\u2019identit\u00e9 le jour de l\u2019\u00e9v\u00e8nement.<\/p>\n<p>\n<strong>Infos pratiques\u00a0\u00a0<\/strong><\/p>\n<p>Les journ\u00e9es de recrutement auront lieu les<strong> 16 et 17 septembre au\u00a0NOVOTEL Lille Centre Grand Place, 116 Rue de l\u2019H\u00f4pital Militaire, \u00e0 Lille de 9h30 \u00e0 12h et de 14h \u00e0 17h.\u00a0<\/strong><br \/>&#13;<br \/>\n<a href=\"https:\/\/emplois.disneycareers.com\/emploi\/marne-la-vallee\/journee-de-recrutement-a-lille-16-ou-17-septembre-2025\/391\/83914858432\" rel=\"nofollow noopener\" target=\"_blank\">En savoir plus<\/a><\/p>\n<p>Pour les candidats n\u2019\u00e9tant pas disponibles \u00e0 ces dates, il est possible de postuler aux offres en ligne toute l\u2019ann\u00e9e sur\u00a0<a href=\"https:\/\/emplois.disneycareers.com\/l%e2%80%99emploi-%c3%a0-disneyland-paris\" rel=\"nofollow noopener\" target=\"_blank\">le site Carri\u00e8res de Disneyland Paris<\/a>.<\/p>\n<p>\u00a0\n            <\/p>\n","protected":false},"excerpt":{"rendered":"Cette ann\u00e9e encore, les \u00e9quipes de Disneyland Paris renouvellent leur campagne de recrutement de candidats \u00e0 travers plusieurs&hellip;\n","protected":false},"author":2,"featured_media":378081,"comment_status":"","ping_status":"","sticky":false,"template":"","format":"standard","meta":{"footnotes":""},"categories":[2815],"tags":[1111,11,1777,674,1011,27,811,1307,12,25],"class_list":{"0":"post-378080","1":"post","2":"type-post","3":"status-publish","4":"format-standard","5":"has-post-thumbnail","7":"category-lille","8":"tag-actu","9":"tag-actualites","10":"tag-eu","11":"tag-europe","12":"tag-fr","13":"tag-france","14":"tag-hauts-de-france","15":"tag-lille","16":"tag-news","17":"tag-republique-francaise"},"share_on_mastodon":{"url":"https:\/\/pubeurope.com\/@fr\/115175145533858516","error":""},"_links":{"self":[{"href":"https:\/\/www.europesays.com\/fr\/wp-json\/wp\/v2\/posts\/378080","targetHints":{"allow":["GET"]}}],"collection":[{"href":"https:\/\/www.europesays.com\/fr\/wp-json\/wp\/v2\/posts"}],"about":[{"href":"https:\/\/www.europesays.com\/fr\/wp-json\/wp\/v2\/types\/post"}],"author":[{"embeddable":true,"href":"https:\/\/www.europesays.com\/fr\/wp-json\/wp\/v2\/users\/2"}],"replies":[{"embeddable":true,"href":"https:\/\/www.europesays.com\/fr\/wp-json\/wp\/v2\/comments?post=378080"}],"version-history":[{"count":0,"href":"https:\/\/www.europesays.com\/fr\/wp-json\/wp\/v2\/posts\/378080\/revisions"}],"wp:featuredmedia":[{"embeddable":true,"href":"https:\/\/www.europesays.com\/fr\/wp-json\/wp\/v2\/media\/378081"}],"wp:attachment":[{"href":"https:\/\/www.europesays.com\/fr\/wp-json\/wp\/v2\/media?parent=378080"}],"wp:term":[{"taxonomy":"category","embeddable":true,"href":"https:\/\/www.europesays.com\/fr\/wp-json\/wp\/v2\/categories?post=378080"},{"taxonomy":"post_tag","embeddable":true,"href":"https:\/\/www.europesays.com\/fr\/wp-json\/wp\/v2\/tags?post=378080"}],"curies":[{"name":"wp","href":"https:\/\/api.w.org\/{rel}","templated":true}]}}