{"id":378082,"date":"2025-09-09T15:53:10","date_gmt":"2025-09-09T15:53:10","guid":{"rendered":"https:\/\/www.europesays.com\/fr\/378082\/"},"modified":"2025-09-09T15:53:10","modified_gmt":"2025-09-09T15:53:10","slug":"maitrise-par-des-employes-du-magasin-alors-quil-tentait-de-voler-des-ordinateurs-portables-rue-sainte-a-marseille","status":"publish","type":"post","link":"https:\/\/www.europesays.com\/fr\/378082\/","title":{"rendered":"Ma\u00eetris\u00e9 par des employ\u00e9s du magasin alors qu&rsquo;il tentait de voler des ordinateurs portables rue Sainte \u00e0 Marseille"},"content":{"rendered":"<p>Il \u00e9tait 20\u00a0h\u00a015 lundi soir 8\u00a0septembre lorsqu&rsquo;un individu a entrepris de cambrioler un local commercial de la <a href=\"https:\/\/www.laprovence.com\/article\/region\/18357071964149\/marseille-ces-terrasses-refusees-qui-ne-passent-pas-dans-la-rue-sainte\" target=\"_blank\" rel=\"noopener\">rue Sainte<\/a>, dans le 6e arrondissement de Marseille. Apr\u00e8s s&rsquo;\u00eatre aper\u00e7us qu&rsquo;une porte d&rsquo;acc\u00e8s avait \u00e9t\u00e9 fractur\u00e9e, deux employ\u00e9s du magasin ont surpris un homme en train de voler des ordinateurs portables.<\/p>\n<p>Ils sont parvenus \u00e0 la ma\u00eetriser et \u00e0 le maintenir sur place jusqu&rsquo;\u00e0 l&rsquo;arriv\u00e9e des policiers qui ont aussit\u00f4t embarqu\u00e9 le <a href=\"https:\/\/www.laprovence.com\/article\/societe\/70003746835595\/cambriolages-les-bouches-du-rhone-et-le-vaucluse-sont-ils-vraiment-les-plus-touches\" target=\"_blank\" rel=\"noopener\">cambrioleur<\/a> au commissariat. \u00c2g\u00e9 de 48 ans, il a \u00e9t\u00e9 plac\u00e9 en grade \u00e0 vue.<\/p>\n","protected":false},"excerpt":{"rendered":"Il \u00e9tait 20\u00a0h\u00a015 lundi soir 8\u00a0septembre lorsqu&rsquo;un individu a entrepris de cambrioler un local commercial de la rue&hellip;\n","protected":false},"author":2,"featured_media":378083,"comment_status":"","ping_status":"","sticky":false,"template":"","format":"standard","meta":{"footnotes":""},"categories":[2814],"tags":[17,1111,11,3683,154,20345,1777,674,274,1011,27,18358,39153,884,12,5912,882,18017,25],"class_list":{"0":"post-378082","1":"post","2":"type-post","3":"status-publish","4":"format-standard","5":"has-post-thumbnail","7":"category-marseille","8":"tag-17","9":"tag-actu","10":"tag-actualites","11":"tag-alors","12":"tag-des","13":"tag-employes","14":"tag-eu","15":"tag-europe","16":"tag-faits-divers-justice","17":"tag-fr","18":"tag-france","19":"tag-magasin","20":"tag-maitrise","21":"tag-marseille","22":"tag-news","23":"tag-par","24":"tag-provence-alpes-cote-dazur","25":"tag-quil","26":"tag-republique-francaise"},"share_on_mastodon":{"url":"https:\/\/pubeurope.com\/@fr\/115175149119929683","error":""},"_links":{"self":[{"href":"https:\/\/www.europesays.com\/fr\/wp-json\/wp\/v2\/posts\/378082","targetHints":{"allow":["GET"]}}],"collection":[{"href":"https:\/\/www.europesays.com\/fr\/wp-json\/wp\/v2\/posts"}],"about":[{"href":"https:\/\/www.europesays.com\/fr\/wp-json\/wp\/v2\/types\/post"}],"author":[{"embeddable":true,"href":"https:\/\/www.europesays.com\/fr\/wp-json\/wp\/v2\/users\/2"}],"replies":[{"embeddable":true,"href":"https:\/\/www.europesays.com\/fr\/wp-json\/wp\/v2\/comments?post=378082"}],"version-history":[{"count":0,"href":"https:\/\/www.europesays.com\/fr\/wp-json\/wp\/v2\/posts\/378082\/revisions"}],"wp:featuredmedia":[{"embeddable":true,"href":"https:\/\/www.europesays.com\/fr\/wp-json\/wp\/v2\/media\/378083"}],"wp:attachment":[{"href":"https:\/\/www.europesays.com\/fr\/wp-json\/wp\/v2\/media?parent=378082"}],"wp:term":[{"taxonomy":"category","embeddable":true,"href":"https:\/\/www.europesays.com\/fr\/wp-json\/wp\/v2\/categories?post=378082"},{"taxonomy":"post_tag","embeddable":true,"href":"https:\/\/www.europesays.com\/fr\/wp-json\/wp\/v2\/tags?post=378082"}],"curies":[{"name":"wp","href":"https:\/\/api.w.org\/{rel}","templated":true}]}}